{"id":10629,"date":"2025-03-29T17:24:09","date_gmt":"2025-03-29T23:24:09","guid":{"rendered":"https:\/\/digitalreportmx.com\/?p=10629"},"modified":"2025-03-29T17:24:13","modified_gmt":"2025-03-29T23:24:13","slug":"recolecta-san-pedro-12-toneladas-de-materiales-para-reciclar","status":"publish","type":"post","link":"https:\/\/digitalreportmx.com\/index.php\/2025\/03\/29\/recolecta-san-pedro-12-toneladas-de-materiales-para-reciclar\/","title":{"rendered":"Recolecta San Pedro 12 toneladas de materiales para reciclar"},"content":{"rendered":"\n<p><kbd>Monterrey<\/kbd> <\/p>\n\n\n\n<p>En evento \u201cSan Pedro Recicla\u201d, Secretar\u00eda de Servicios P\u00fablicos y Mantenimiento de la Ciudad recolecta residuos reciclables, como PET, cart\u00f3n, vidrio, aluminio, pilas y desechos el\u00e9ctricos y electr\u00f3nicos.<\/p>\n\n\n\n<p>En el marco del D\u00eda Internacional de Cero Desechos, que se conmemora el domingo 30, el Municipio de San Pedro Garza Garc\u00eda llev\u00f3 a cabo este s\u00e1bado la jornada San Pedro Recicla, donde se recolectaron un total de 12 toneladas de materiales, con el objetivo de fomentar la cultura del reciclaje y la correcta disposici\u00f3n de residuos entre la comunidad.<\/p>\n\n\n\n<p>El evento, realizado en el estacionamiento del Auditorio San Pedro, de 9:00 a 12:00 horas, cont\u00f3 con una din\u00e1mica tipo drive-thru que facilit\u00f3 la participaci\u00f3n de los vecinos, quienes acudieron en sus veh\u00edculos para entregar residuos reciclables como PET, cart\u00f3n, vidrio, aluminio, pilas y desechos el\u00e9ctricos y electr\u00f3nicos.<\/p>\n\n\n\n<p>Gracias a la entusiasta respuesta ciudadana, con 220 veh\u00edculos que acudieron, se logr\u00f3 recolectar est\u00e1s toneladas de materiales, contribuyendo a la reducci\u00f3n de desechos que terminan en los rellenos sanitarios y promoviendo la reutilizaci\u00f3n y el aprovechamiento de recursos.<\/p>\n\n\n\n<p>El Gobierno municipal agradece la participaci\u00f3n activa de los sampetrinos y reitera su compromiso con un San Pedro ordenado y sustentable.<\/p>\n","protected":false},"excerpt":{"rendered":"<p>Monterrey En evento \u201cSan Pedro Recicla\u201d, Secretar\u00eda de Servicios P\u00fablicos y Mantenimiento de la Ciudad recolecta residuos reciclables, como PET, cart\u00f3n, vidrio, aluminio, pilas y desechos el\u00e9ctricos y electr\u00f3nicos. En el marco del D\u00eda Internacional de Cero Desechos, que se conmemora el domingo 30, el Municipio de San Pedro Garza Garc\u00eda llev\u00f3 a cabo este [&hellip;]<\/p>\n","protected":false},"author":1,"featured_media":10630,"comment_status":"open","ping_status":"open","sticky":false,"template":"","format":"standard","meta":{"om_disable_all_campaigns":false,"_monsterinsights_skip_tracking":false,"_monsterinsights_sitenote_active":false,"_monsterinsights_sitenote_note":"","_monsterinsights_sitenote_category":0,"footnotes":""},"categories":[16,13],"tags":[],"class_list":["post-10629","post","type-post","status-publish","format-standard","has-post-thumbnail","hentry","category-relevante-2","category-reporte-local"],"aioseo_notices":[],"_links":{"self":[{"href":"https:\/\/digitalreportmx.com\/index.php\/wp-json\/wp\/v2\/posts\/10629","targetHints":{"allow":["GET"]}}],"collection":[{"href":"https:\/\/digitalreportmx.com\/index.php\/wp-json\/wp\/v2\/posts"}],"about":[{"href":"https:\/\/digitalreportmx.com\/index.php\/wp-json\/wp\/v2\/types\/post"}],"author":[{"embeddable":true,"href":"https:\/\/digitalreportmx.com\/index.php\/wp-json\/wp\/v2\/users\/1"}],"replies":[{"embeddable":true,"href":"https:\/\/digitalreportmx.com\/index.php\/wp-json\/wp\/v2\/comments?post=10629"}],"version-history":[{"count":1,"href":"https:\/\/digitalreportmx.com\/index.php\/wp-json\/wp\/v2\/posts\/10629\/revisions"}],"predecessor-version":[{"id":10631,"href":"https:\/\/digitalreportmx.com\/index.php\/wp-json\/wp\/v2\/posts\/10629\/revisions\/10631"}],"wp:featuredmedia":[{"embeddable":true,"href":"https:\/\/digitalreportmx.com\/index.php\/wp-json\/wp\/v2\/media\/10630"}],"wp:attachment":[{"href":"https:\/\/digitalreportmx.com\/index.php\/wp-json\/wp\/v2\/media?parent=10629"}],"wp:term":[{"taxonomy":"category","embeddable":true,"href":"https:\/\/digitalreportmx.com\/index.php\/wp-json\/wp\/v2\/categories?post=10629"},{"taxonomy":"post_tag","embeddable":true,"href":"https:\/\/digitalreportmx.com\/index.php\/wp-json\/wp\/v2\/tags?post=10629"}],"curies":[{"name":"wp","href":"https:\/\/api.w.org\/{rel}","templated":true}]}}