{"id":10728,"date":"2025-03-31T16:16:12","date_gmt":"2025-03-31T22:16:12","guid":{"rendered":"https:\/\/digitalreportmx.com\/?p=10728"},"modified":"2025-03-31T16:16:35","modified_gmt":"2025-03-31T22:16:35","slug":"da-san-pedro-zarpazo-a-vialidades-de-2025","status":"publish","type":"post","link":"https:\/\/digitalreportmx.com\/index.php\/2025\/03\/31\/da-san-pedro-zarpazo-a-vialidades-de-2025\/","title":{"rendered":"Da San Pedro &#8216;zarpazo&#8217; a  vialidades en 2025"},"content":{"rendered":"\n<p><kbd>San Pedro Garza Garc\u00eda <\/kbd><\/p>\n\n\n\n<p>El programa arranc\u00f3 con la rehabilitaci\u00f3n de la avernida Lomas del Valle, en d\u00f3nde, Miguel \u00c1vila Jaime, Secretario de Servicios P\u00fablicos anunci\u00f3 la inversi\u00f3n para el mantenimiento.<\/p>\n\n\n\n<p>\u201cLa inversi\u00f3n que se hace en esta primera etapa son 150 millones de pesos, vamos a trabajar con esos 150 millones de pesos todo el a\u00f1o, nueve meses. Lo que viene en la primera etapa es lo que se le conoce como el K3 y K5, el municipio est\u00e1 dividido en cinco sectores, que ocupa la intervenci\u00f3n inmediata para arrancar\u201d, detall\u00f3.<\/p>\n\n\n\n<p>Durante un periodo de 9 meses, dos frentes de trabajo operar\u00e1n de lunes a viernes en un horario de 9:00 a 18:00 horas, ejecutando labores de pavimentaci\u00f3n que mejorar\u00e1n la seguridad y la calidad del tr\u00e1nsito en el municipio sin afectar la vialidad.<\/p>\n\n\n\n<p>\u201cA trav\u00e9s de este sistema de recarpeteo queda en el mismo d\u00eda tratando de poder causar las menos molestias a los vecinos, sobre todo cuando empezamos a entrar a zonas ya residenciales\u201d, explic\u00f3 Juan Pablo Castuera, Secretario Ejecutivo del Alcalde tras el arranque del proyecto.<\/p>\n\n\n\n<p>La Direcci\u00f3n de Pavimentaci\u00f3n ser\u00e1 la responsable de coordinar las acciones, asegurando que las labores se realicen de manera eficiente y con las medidas de seguridad adecuadas.<\/p>\n\n\n\n<figure class=\"wp-block-image size-large\"><img loading=\"lazy\" decoding=\"async\" width=\"1024\" height=\"682\" src=\"https:\/\/digitalreportmx.com\/wp-content\/uploads\/2025\/03\/IMG-20250331-WA0145-1024x682.jpg\" alt=\"\" class=\"wp-image-10730\" srcset=\"https:\/\/digitalreportmx.com\/wp-content\/uploads\/2025\/03\/IMG-20250331-WA0145-1024x682.jpg 1024w, https:\/\/digitalreportmx.com\/wp-content\/uploads\/2025\/03\/IMG-20250331-WA0145-300x200.jpg 300w, https:\/\/digitalreportmx.com\/wp-content\/uploads\/2025\/03\/IMG-20250331-WA0145-768x512.jpg 768w, https:\/\/digitalreportmx.com\/wp-content\/uploads\/2025\/03\/IMG-20250331-WA0145-1536x1024.jpg 1536w, https:\/\/digitalreportmx.com\/wp-content\/uploads\/2025\/03\/IMG-20250331-WA0145-2048x1365.jpg 2048w\" sizes=\"auto, (max-width: 1024px) 100vw, 1024px\" \/><\/figure>\n\n\n\n<p>Con este programa, el Municipio de San Pedro reafirma su compromiso con la mejora continua de la infraestructura vial, brindando a la ciudadan\u00eda calles m\u00e1s seguras y en \u00f3ptimas condiciones.<\/p>\n\n\n\n<p>Luis Susarrey Flores, Secretario General, subray\u00f3 que est\u00e1 es una \u201csoluci\u00f3n de fondo y as\u00ed tenemos hoy muchas de nuestras calles en el municipio con problemas estructurales\u201d.<\/p>\n\n\n\n<p>Para m\u00e1s informaci\u00f3n sobre las vialidades que ser\u00e1n intervenidas, se pide a la comunidad seguir las redes del Municipio.<\/p>\n\n\n\n<figure class=\"wp-block-image size-large\"><img loading=\"lazy\" decoding=\"async\" width=\"1024\" height=\"682\" src=\"https:\/\/digitalreportmx.com\/wp-content\/uploads\/2025\/03\/IMG-20250331-WA0153-1024x682.jpg\" alt=\"\" class=\"wp-image-10731\" srcset=\"https:\/\/digitalreportmx.com\/wp-content\/uploads\/2025\/03\/IMG-20250331-WA0153-1024x682.jpg 1024w, https:\/\/digitalreportmx.com\/wp-content\/uploads\/2025\/03\/IMG-20250331-WA0153-300x200.jpg 300w, https:\/\/digitalreportmx.com\/wp-content\/uploads\/2025\/03\/IMG-20250331-WA0153-768x512.jpg 768w, https:\/\/digitalreportmx.com\/wp-content\/uploads\/2025\/03\/IMG-20250331-WA0153-1536x1024.jpg 1536w, https:\/\/digitalreportmx.com\/wp-content\/uploads\/2025\/03\/IMG-20250331-WA0153-2048x1365.jpg 2048w\" sizes=\"auto, (max-width: 1024px) 100vw, 1024px\" \/><\/figure>\n","protected":false},"excerpt":{"rendered":"<p>San Pedro Garza Garc\u00eda El programa arranc\u00f3 con la rehabilitaci\u00f3n de la avernida Lomas del Valle, en d\u00f3nde, Miguel \u00c1vila Jaime, Secretario de Servicios P\u00fablicos anunci\u00f3 la inversi\u00f3n para el mantenimiento. \u201cLa inversi\u00f3n que se hace en esta primera etapa son 150 millones de pesos, vamos a trabajar con esos 150 millones de pesos todo [&hellip;]<\/p>\n","protected":false},"author":1,"featured_media":10729,"comment_status":"open","ping_status":"open","sticky":false,"template":"","format":"standard","meta":{"om_disable_all_campaigns":false,"_monsterinsights_skip_tracking":false,"_monsterinsights_sitenote_active":false,"_monsterinsights_sitenote_note":"","_monsterinsights_sitenote_category":0,"footnotes":""},"categories":[16,13],"tags":[],"class_list":["post-10728","post","type-post","status-publish","format-standard","has-post-thumbnail","hentry","category-relevante-2","category-reporte-local"],"aioseo_notices":[],"_links":{"self":[{"href":"https:\/\/digitalreportmx.com\/index.php\/wp-json\/wp\/v2\/posts\/10728","targetHints":{"allow":["GET"]}}],"collection":[{"href":"https:\/\/digitalreportmx.com\/index.php\/wp-json\/wp\/v2\/posts"}],"about":[{"href":"https:\/\/digitalreportmx.com\/index.php\/wp-json\/wp\/v2\/types\/post"}],"author":[{"embeddable":true,"href":"https:\/\/digitalreportmx.com\/index.php\/wp-json\/wp\/v2\/users\/1"}],"replies":[{"embeddable":true,"href":"https:\/\/digitalreportmx.com\/index.php\/wp-json\/wp\/v2\/comments?post=10728"}],"version-history":[{"count":2,"href":"https:\/\/digitalreportmx.com\/index.php\/wp-json\/wp\/v2\/posts\/10728\/revisions"}],"predecessor-version":[{"id":10733,"href":"https:\/\/digitalreportmx.com\/index.php\/wp-json\/wp\/v2\/posts\/10728\/revisions\/10733"}],"wp:featuredmedia":[{"embeddable":true,"href":"https:\/\/digitalreportmx.com\/index.php\/wp-json\/wp\/v2\/media\/10729"}],"wp:attachment":[{"href":"https:\/\/digitalreportmx.com\/index.php\/wp-json\/wp\/v2\/media?parent=10728"}],"wp:term":[{"taxonomy":"category","embeddable":true,"href":"https:\/\/digitalreportmx.com\/index.php\/wp-json\/wp\/v2\/categories?post=10728"},{"taxonomy":"post_tag","embeddable":true,"href":"https:\/\/digitalreportmx.com\/index.php\/wp-json\/wp\/v2\/tags?post=10728"}],"curies":[{"name":"wp","href":"https:\/\/api.w.org\/{rel}","templated":true}]}}