{"id":11308,"date":"2025-04-09T17:16:19","date_gmt":"2025-04-09T23:16:19","guid":{"rendered":"https:\/\/digitalreportmx.com\/?p=11308"},"modified":"2025-04-09T17:16:19","modified_gmt":"2025-04-09T23:16:19","slug":"inauguran-espacio-de-maternidad-en-penal-femenil","status":"publish","type":"post","link":"https:\/\/digitalreportmx.com\/index.php\/2025\/04\/09\/inauguran-espacio-de-maternidad-en-penal-femenil\/","title":{"rendered":"Inauguran espacio de maternidad en penal femenil"},"content":{"rendered":"\n<p><kbd>Escobedo, Nuevo Le\u00f3n<\/kbd><\/p>\n\n\n\n<p> Con un firme compromiso con la dignidad humana y los derechos de las mujeres y la infancia, Mariana Rodr\u00edguez Cant\u00fa, titular de AMAR a Nuevo Le\u00f3n y la Agencia de Administraci\u00f3n Penitenciaria del Estado de Nuevo Le\u00f3n, en colaboraci\u00f3n con la organizaci\u00f3n Reinserta, inauguraron un nuevo Espacio de Maternidad en el Centro de Reinserci\u00f3n Social Femenil, en Escobedo.<\/p>\n\n\n\n<p>Durante su mensaje, Rodr\u00edguez Cant\u00fa, acompa\u00f1ada de Saskia Ni\u00f1o de Rivera, cofundadora de Reinserta, dijo que el objetivo principal es ofrecer un entorno seguro, digno y libre de violencia para las madres privadas de la libertad y sus hijos, mediante un \u00e1rea especializada en maternidad.<\/p>\n\n\n\n<p>Adem\u00e1s, destac\u00f3 que, este proyecto representa un avance en el reconocimiento de los derechos de las madres internas y de sus beb\u00e9s, y resalt\u00f3 la importancia de que ambos cuenten con condiciones dignas para desarrollarse.<\/p>\n\n\n\n<p>\u201cLo m\u00ednimo que podemos garantizar como gobierno es que sus hijos est\u00e9n en las mejores condiciones y ustedes tienen que estar en las mejores condiciones para darles el mejor cuidado a sus hijos\u201d, mencion\u00f3 la Titular de AMAR a Nuevo Le\u00f3n.<\/p>\n\n\n\n<p>As\u00ed mismo, reflexion\u00f3 sobre el significado de la maternidad desde su experiencia personal, y reconoci\u00f3 que muchas de las mujeres en reclusi\u00f3n han enfrentado abandono por parte del gobierno, la sociedad y sus propias familias, por lo que hizo un llamado a la introspecci\u00f3n y al di\u00e1logo, para buscar un mejor entorno para las futuras generaciones.<\/p>\n\n\n\n<p>\u201cOjal\u00e1 que este espacio de maternidad sea un ejemplo para muchos otros estados, que hoy Nuevo Le\u00f3n es el primero, y me encanta ser el primero, pero me gusta ser el primero en cosas que tienen que ver con ni\u00f1os y con mujeres\u201d, remarc\u00f3.<\/p>\n\n\n\n<p>Durante el evento, Mariana Rodr\u00edguez fue la encargada de cortar el list\u00f3n inaugural y, junto a los miembros del presidium, realiz\u00f3 la entrega simb\u00f3lica de kits de primera necesidad para mujeres embarazadas y madres con hijos en situaci\u00f3n de reclusi\u00f3n.<\/p>\n\n\n\n<p>Por su parte, Ni\u00f1o de Rivera, cofundadora de Reinserta, subray\u00f3 que este centro es el primero en M\u00e9xico a nivel estatal en contar con un \u00e1rea exclusiva de maternidad separada de la poblaci\u00f3n general.<\/p>\n\n\n\n<p>La activista record\u00f3 el tr\u00e1gico mot\u00edn en el antiguo penal del Topo Chico como una herida a\u00fan abierta que impuls\u00f3 la creaci\u00f3n de este proyecto.<\/p>\n\n\n\n<p>&#8220;Porque ninguna infancia se debe quedar atrapada entre muros y ning\u00fan ni\u00f1o o ni\u00f1a debe cargar con las consecuencias del sistema penal. No es nada m\u00e1s un derecho de las mujeres el tener a sus hijos con ustedes, es un derecho de los ni\u00f1os de tener a sus mam\u00e1s cerca y de fomentar ese apego en los primeros a\u00f1os de vida\u201d, consider\u00f3 Ni\u00f1o de Rivera.<\/p>\n\n\n\n<p>Las nuevas instalaciones, tienen la capacidad de albergar a 14 mujeres junto con sus hijos e hijas y cuenta de forma anexa con una Bebeteca, para que las madres junto con el equipo de Reinserta, puedan acompa\u00f1ar el crecimiento de sus peque\u00f1os desde el amor, la calidez, la dignidad y el respeto.<\/p>\n\n\n\n<p>En el evento tambi\u00e9n estuvieron presentes, C\u00e9sar Ram\u00edrez Acevedo, Comisario General de la Agencia de Administraci\u00f3n Penitenciaria, y Martha Herrera Gonz\u00e1lez, Secretaria de Igualdad e Inclusi\u00f3n; adem\u00e1s de Jes\u00fas Grijalva Tapia, Asesor de Pol\u00edticas Penitenciarias del Estado, Graciela Buchanan Ortega, Secretaria Estatal de las Mujeres y Gloria Baz\u00e1n Villarreal, Directora General del DIF Nuevo Le\u00f3n.<\/p>\n","protected":false},"excerpt":{"rendered":"<p>Escobedo, Nuevo Le\u00f3n Con un firme compromiso con la dignidad humana y los derechos de las mujeres y la infancia, Mariana Rodr\u00edguez Cant\u00fa, titular de AMAR a Nuevo Le\u00f3n y la Agencia de Administraci\u00f3n Penitenciaria del Estado de Nuevo Le\u00f3n, en colaboraci\u00f3n con la organizaci\u00f3n Reinserta, inauguraron un nuevo Espacio de Maternidad en el Centro [&hellip;]<\/p>\n","protected":false},"author":1,"featured_media":11309,"comment_status":"open","ping_status":"open","sticky":false,"template":"","format":"standard","meta":{"om_disable_all_campaigns":false,"_monsterinsights_skip_tracking":false,"_monsterinsights_sitenote_active":false,"_monsterinsights_sitenote_note":"","_monsterinsights_sitenote_category":0,"footnotes":""},"categories":[15,6],"tags":[],"class_list":["post-11308","post","type-post","status-publish","format-standard","has-post-thumbnail","hentry","category-relevante","category-local"],"aioseo_notices":[],"_links":{"self":[{"href":"https:\/\/digitalreportmx.com\/index.php\/wp-json\/wp\/v2\/posts\/11308","targetHints":{"allow":["GET"]}}],"collection":[{"href":"https:\/\/digitalreportmx.com\/index.php\/wp-json\/wp\/v2\/posts"}],"about":[{"href":"https:\/\/digitalreportmx.com\/index.php\/wp-json\/wp\/v2\/types\/post"}],"author":[{"embeddable":true,"href":"https:\/\/digitalreportmx.com\/index.php\/wp-json\/wp\/v2\/users\/1"}],"replies":[{"embeddable":true,"href":"https:\/\/digitalreportmx.com\/index.php\/wp-json\/wp\/v2\/comments?post=11308"}],"version-history":[{"count":1,"href":"https:\/\/digitalreportmx.com\/index.php\/wp-json\/wp\/v2\/posts\/11308\/revisions"}],"predecessor-version":[{"id":11310,"href":"https:\/\/digitalreportmx.com\/index.php\/wp-json\/wp\/v2\/posts\/11308\/revisions\/11310"}],"wp:featuredmedia":[{"embeddable":true,"href":"https:\/\/digitalreportmx.com\/index.php\/wp-json\/wp\/v2\/media\/11309"}],"wp:attachment":[{"href":"https:\/\/digitalreportmx.com\/index.php\/wp-json\/wp\/v2\/media?parent=11308"}],"wp:term":[{"taxonomy":"category","embeddable":true,"href":"https:\/\/digitalreportmx.com\/index.php\/wp-json\/wp\/v2\/categories?post=11308"},{"taxonomy":"post_tag","embeddable":true,"href":"https:\/\/digitalreportmx.com\/index.php\/wp-json\/wp\/v2\/tags?post=11308"}],"curies":[{"name":"wp","href":"https:\/\/api.w.org\/{rel}","templated":true}]}}