{"id":11447,"date":"2025-04-11T16:21:35","date_gmt":"2025-04-11T22:21:35","guid":{"rendered":"https:\/\/digitalreportmx.com\/?p=11447"},"modified":"2025-04-11T16:22:16","modified_gmt":"2025-04-11T22:22:16","slug":"hace-guadalupe-cierre-parcial-de-las-americas-por-mantenimiento","status":"publish","type":"post","link":"https:\/\/digitalreportmx.com\/index.php\/2025\/04\/11\/hace-guadalupe-cierre-parcial-de-las-americas-por-mantenimiento\/","title":{"rendered":"Hace Guadalupe cierre parcial de Las Am\u00e9ricas por mantenimiento"},"content":{"rendered":"\n<p>Guadalupe<\/p>\n\n\n\n<p>Por trabajos de pintura y rotulaci\u00f3n, el Municipio de Guadalupe informa a la ciudadan\u00eda que los d\u00edas 14, 15 y 16 de abril estar\u00e1 cerrado a la circulaci\u00f3n vial el paso deprimido que conecta la avenida Eloy Cavazos con Las Am\u00e9ricas.<\/p>\n\n\n\n<p>El cierre de la vialidad ser\u00e1 efectivo \u00fanicamente de las 9:00 a las 14:00 horas, por lo que la Direcci\u00f3n de Tr\u00e1nsito anunci\u00f3 que los automovilistas que necesiten acceder a la avenida Las Am\u00e9ricas podr\u00e1n incorporarse pasando el puente elevado, se deber\u00e1n incorporar a su lateral derecha y luego al retorno del R\u00edo La Silla, inform\u00f3 Ismael Trevi\u00f1o, director de Tr\u00e1nsito de Guadalupe.<\/p>\n\n\n\n<p>\u201cEl automovilista que venga circulando por avenida Eloy Cavazos, de oriente a poniente, se incorpora a la lateral derecha para tomar Puesta del Sol hasta el estadio de Rayados, a doscientos metros est\u00e1 un retorno que te incorpora hacia al sur, para avenida Las Am\u00e9ricas hacia El Contry\u201d, explic\u00f3 Ismael Trevi\u00f1o.<\/p>\n\n\n\n<p>El funcionario agreg\u00f3 que el sitio estar\u00e1 abanderado por patrullas de Tr\u00e1nsito de Guadalupe y se recomienda a la ciudadan\u00eda respetar los l\u00edmites de velocidad y seguir todas las indicaciones de los oficiales de tr\u00e1nsito.<\/p>\n","protected":false},"excerpt":{"rendered":"<p>Guadalupe Por trabajos de pintura y rotulaci\u00f3n, el Municipio de Guadalupe informa a la ciudadan\u00eda que los d\u00edas 14, 15 y 16 de abril estar\u00e1 cerrado a la circulaci\u00f3n vial el paso deprimido que conecta la avenida Eloy Cavazos con Las Am\u00e9ricas. El cierre de la vialidad ser\u00e1 efectivo \u00fanicamente de las 9:00 a las [&hellip;]<\/p>\n","protected":false},"author":1,"featured_media":11449,"comment_status":"open","ping_status":"open","sticky":false,"template":"","format":"standard","meta":{"om_disable_all_campaigns":false,"_monsterinsights_skip_tracking":false,"_monsterinsights_sitenote_active":false,"_monsterinsights_sitenote_note":"","_monsterinsights_sitenote_category":0,"footnotes":""},"categories":[16,13],"tags":[],"class_list":["post-11447","post","type-post","status-publish","format-standard","has-post-thumbnail","hentry","category-relevante-2","category-reporte-local"],"aioseo_notices":[],"_links":{"self":[{"href":"https:\/\/digitalreportmx.com\/index.php\/wp-json\/wp\/v2\/posts\/11447","targetHints":{"allow":["GET"]}}],"collection":[{"href":"https:\/\/digitalreportmx.com\/index.php\/wp-json\/wp\/v2\/posts"}],"about":[{"href":"https:\/\/digitalreportmx.com\/index.php\/wp-json\/wp\/v2\/types\/post"}],"author":[{"embeddable":true,"href":"https:\/\/digitalreportmx.com\/index.php\/wp-json\/wp\/v2\/users\/1"}],"replies":[{"embeddable":true,"href":"https:\/\/digitalreportmx.com\/index.php\/wp-json\/wp\/v2\/comments?post=11447"}],"version-history":[{"count":1,"href":"https:\/\/digitalreportmx.com\/index.php\/wp-json\/wp\/v2\/posts\/11447\/revisions"}],"predecessor-version":[{"id":11448,"href":"https:\/\/digitalreportmx.com\/index.php\/wp-json\/wp\/v2\/posts\/11447\/revisions\/11448"}],"wp:featuredmedia":[{"embeddable":true,"href":"https:\/\/digitalreportmx.com\/index.php\/wp-json\/wp\/v2\/media\/11449"}],"wp:attachment":[{"href":"https:\/\/digitalreportmx.com\/index.php\/wp-json\/wp\/v2\/media?parent=11447"}],"wp:term":[{"taxonomy":"category","embeddable":true,"href":"https:\/\/digitalreportmx.com\/index.php\/wp-json\/wp\/v2\/categories?post=11447"},{"taxonomy":"post_tag","embeddable":true,"href":"https:\/\/digitalreportmx.com\/index.php\/wp-json\/wp\/v2\/tags?post=11447"}],"curies":[{"name":"wp","href":"https:\/\/api.w.org\/{rel}","templated":true}]}}