{"id":11460,"date":"2025-04-11T18:45:40","date_gmt":"2025-04-12T00:45:40","guid":{"rendered":"https:\/\/digitalreportmx.com\/?p=11460"},"modified":"2025-04-11T18:48:38","modified_gmt":"2025-04-12T00:48:38","slug":"activa-nava-operativo-de-seguridad-en-santa-catarina","status":"publish","type":"post","link":"https:\/\/digitalreportmx.com\/index.php\/2025\/04\/11\/activa-nava-operativo-de-seguridad-en-santa-catarina\/","title":{"rendered":"Activa Nava operativo de seguridad en Santa Catarina"},"content":{"rendered":"\n<p><kbd>Santa Catarina <\/kbd><\/p>\n\n\n\n<p>El Alcalde Jes\u00fas Nava Rivera activ\u00f3 el Operativo de Seguridad Semana Santa 2025 en Santa Catarina, que se mantendr\u00e1 vigente del 14 al 25 de abril, con el objetivo de garantizar la seguridad, el orden y la tranquilidad de las familias durante el periodo vacacional.<\/p>\n\n\n\n<p>El operativo contempla un despliegue estrat\u00e9gico de vigilancia en todo el Municipio, reforzando la presencia de los cuerpos de auxilio en plazas p\u00fablicas, parques, calles, carreteras, centros recreativos, unidades deportivas y zonas tur\u00edsticas como el Parque Nacional La Huasteca, a fin de salvaguardar tanto a los habitantes como a los visitantes que eligen Santa Catarina como destino para descansar y convivir en familia.<\/p>\n\n\n\n<p>\u201cImpulsamos esfuerzos para brindar mayor seguridad y tranquilidad a las familias de Santa Catarina y a quienes nos visitan, estaremos presentes en todos los espacios p\u00fablicos y tur\u00edsticos del municipio para que vivan unas vacaciones seguras\u201d, expres\u00f3 el Nava Rivera.<\/p>\n\n\n\n<p>En este operativo participan de manera coordinada la Secretar\u00eda de Seguridad P\u00fablica y Vialidad de Santa Catarina, elementos de Protecci\u00f3n Civil Jaguares, la Guardia Nacional y la Agencia Estatal de Investigaciones para prevenir incidentes y responder oportunamente ante cualquier situaci\u00f3n de emergencia.<\/p>\n\n\n\n<figure class=\"wp-block-image size-full\"><img loading=\"lazy\" decoding=\"async\" width=\"1005\" height=\"536\" src=\"https:\/\/digitalreportmx.com\/wp-content\/uploads\/2025\/04\/IMG-20250411-WA0143.jpg\" alt=\"\" class=\"wp-image-11461\" srcset=\"https:\/\/digitalreportmx.com\/wp-content\/uploads\/2025\/04\/IMG-20250411-WA0143.jpg 1005w, https:\/\/digitalreportmx.com\/wp-content\/uploads\/2025\/04\/IMG-20250411-WA0143-300x160.jpg 300w, https:\/\/digitalreportmx.com\/wp-content\/uploads\/2025\/04\/IMG-20250411-WA0143-768x410.jpg 768w\" sizes=\"auto, (max-width: 1005px) 100vw, 1005px\" \/><\/figure>\n\n\n\n<p>De las zonas de especial atenci\u00f3n ser\u00e1 la carretera Monterrey-Saltillo, v\u00eda de alta circulaci\u00f3n durante la temporada vacacional y en la que se mantendr\u00e1 vigilancia constante para agilizar el tr\u00e1fico, atender percances, as\u00ed como brindar apoyo a automovilistas.<\/p>\n\n\n\n<p>El Edil santacataritense hizo un llamado a la ciudadan\u00eda a disfrutar de los d\u00edas de descanso con responsabilidad, atender las indicaciones de las autoridades.<\/p>\n\n\n\n<figure class=\"wp-block-video\"><video controls src=\"https:\/\/digitalreportmx.com\/wp-content\/uploads\/2025\/04\/OPERATIVO-SEMANA-SANTA.mp4\"><\/video><\/figure>\n\n\n\n<figure class=\"wp-block-image size-large\"><img loading=\"lazy\" decoding=\"async\" width=\"1024\" height=\"576\" src=\"https:\/\/digitalreportmx.com\/wp-content\/uploads\/2025\/04\/IMG-20250411-WA0141-1-1024x576.jpg\" alt=\"\" class=\"wp-image-11463\" srcset=\"https:\/\/digitalreportmx.com\/wp-content\/uploads\/2025\/04\/IMG-20250411-WA0141-1-1024x576.jpg 1024w, https:\/\/digitalreportmx.com\/wp-content\/uploads\/2025\/04\/IMG-20250411-WA0141-1-300x169.jpg 300w, https:\/\/digitalreportmx.com\/wp-content\/uploads\/2025\/04\/IMG-20250411-WA0141-1-768x432.jpg 768w, https:\/\/digitalreportmx.com\/wp-content\/uploads\/2025\/04\/IMG-20250411-WA0141-1.jpg 1280w\" sizes=\"auto, (max-width: 1024px) 100vw, 1024px\" \/><\/figure>\n","protected":false},"excerpt":{"rendered":"<p>Santa Catarina El Alcalde Jes\u00fas Nava Rivera activ\u00f3 el Operativo de Seguridad Semana Santa 2025 en Santa Catarina, que se mantendr\u00e1 vigente del 14 al 25 de abril, con el objetivo de garantizar la seguridad, el orden y la tranquilidad de las familias durante el periodo vacacional. El operativo contempla un despliegue estrat\u00e9gico de vigilancia [&hellip;]<\/p>\n","protected":false},"author":1,"featured_media":11464,"comment_status":"open","ping_status":"open","sticky":false,"template":"","format":"standard","meta":{"om_disable_all_campaigns":false,"_monsterinsights_skip_tracking":false,"_monsterinsights_sitenote_active":false,"_monsterinsights_sitenote_note":"","_monsterinsights_sitenote_category":0,"footnotes":""},"categories":[16,13],"tags":[],"class_list":["post-11460","post","type-post","status-publish","format-standard","has-post-thumbnail","hentry","category-relevante-2","category-reporte-local"],"aioseo_notices":[],"_links":{"self":[{"href":"https:\/\/digitalreportmx.com\/index.php\/wp-json\/wp\/v2\/posts\/11460","targetHints":{"allow":["GET"]}}],"collection":[{"href":"https:\/\/digitalreportmx.com\/index.php\/wp-json\/wp\/v2\/posts"}],"about":[{"href":"https:\/\/digitalreportmx.com\/index.php\/wp-json\/wp\/v2\/types\/post"}],"author":[{"embeddable":true,"href":"https:\/\/digitalreportmx.com\/index.php\/wp-json\/wp\/v2\/users\/1"}],"replies":[{"embeddable":true,"href":"https:\/\/digitalreportmx.com\/index.php\/wp-json\/wp\/v2\/comments?post=11460"}],"version-history":[{"count":2,"href":"https:\/\/digitalreportmx.com\/index.php\/wp-json\/wp\/v2\/posts\/11460\/revisions"}],"predecessor-version":[{"id":11467,"href":"https:\/\/digitalreportmx.com\/index.php\/wp-json\/wp\/v2\/posts\/11460\/revisions\/11467"}],"wp:featuredmedia":[{"embeddable":true,"href":"https:\/\/digitalreportmx.com\/index.php\/wp-json\/wp\/v2\/media\/11464"}],"wp:attachment":[{"href":"https:\/\/digitalreportmx.com\/index.php\/wp-json\/wp\/v2\/media?parent=11460"}],"wp:term":[{"taxonomy":"category","embeddable":true,"href":"https:\/\/digitalreportmx.com\/index.php\/wp-json\/wp\/v2\/categories?post=11460"},{"taxonomy":"post_tag","embeddable":true,"href":"https:\/\/digitalreportmx.com\/index.php\/wp-json\/wp\/v2\/tags?post=11460"}],"curies":[{"name":"wp","href":"https:\/\/api.w.org\/{rel}","templated":true}]}}