{"id":11493,"date":"2025-04-12T14:09:18","date_gmt":"2025-04-12T20:09:18","guid":{"rendered":"https:\/\/digitalreportmx.com\/?p=11493"},"modified":"2025-04-12T14:16:18","modified_gmt":"2025-04-12T20:16:18","slug":"instalaran-clara-luz-y-jesus-nava-consejo-de-paz-en-sc","status":"publish","type":"post","link":"https:\/\/digitalreportmx.com\/index.php\/2025\/04\/12\/instalaran-clara-luz-y-jesus-nava-consejo-de-paz-en-sc\/","title":{"rendered":"Instalar\u00e1n Clara Luz y Jes\u00fas Nava Consejo de Paz en SC"},"content":{"rendered":"\n<p><kbd>Santa Catarina<\/kbd><\/p>\n\n\n\n<p>El Alcalde de Santa Catarina, Jes\u00fas Nava Rivera, en coordinaci\u00f3n con Clara Luz Flores, titular de la Unidad de Asuntos Religiosos, Prevenci\u00f3n y Reconstrucci\u00f3n del Tejido Social de la Secretar\u00eda de Gobernaci\u00f3n (SEGOB), dieron a conocer la creaci\u00f3n del Consejo de Paz en el municipio.<\/p>\n\n\n\n<p>El anuncio de dicho consejo se dio durante una reuni\u00f3n informativa de Asuntos Religiosos, en el Centro Cristiano Internacional De Avivamiento, el cual estar\u00e1 confirmado por la poblaci\u00f3n y sectores de la sociedad y un enlace del Gobierno Federal.<\/p>\n\n\n\n<p>&#8220;Impulsamos en coordinaci\u00f3n con el gobierno federal este consejo, que ser\u00e1 muy nutritivo para que gu\u00eden a los hombres y mujeres, dispuestos a trabajar unidos en acciones para lograr la paz, lograr ese estado de bienestar que merecen las familias santacatarinenses&#8221;, se\u00f1al\u00f3 Nava Rivera.<\/p>\n\n\n\n<p>Este Consejo de Paz estar\u00e1 integrado por ciudadanos comprometidos, asociaciones civiles y religiosas, docentes, empresarios y representantes de instituciones educativas.<\/p>\n\n\n\n<p>Su labor ser\u00e1 identificar factores como la deserci\u00f3n escolar, casos de violencia, inseguridad y otros temas a fin de mejorar la calidad de vida de las familias santacatarinenses, canalizando esfuerzos y recursos para atenderlos de forma coordinada.<\/p>\n\n\n\n<p>Cabe destacar que un represente del gobierno federal dar\u00e1 atenci\u00f3n a las inquietudes y necesidades manifestadas por el consejo para mejoras en la comunidad.<\/p>\n\n\n\n<p>Flores Carrales afirm\u00f3 que \u201cson importantes estos consejos para la articulaci\u00f3n y la comunicaci\u00f3n de los tres niveles de gobierno, porque nos van a ayudar a detectar las problem\u00e1ticas de las familias\u201d.<\/p>\n\n\n\n<p>Agreg\u00f3 que la proyecci\u00f3n es tener consejos en todos los municipios a nivel nacional para a trav\u00e9s del tejido social reducir la incidencia delictiva en M\u00e9xico.<\/p>\n\n\n\n<figure class=\"wp-block-video\"><video controls src=\"https:\/\/digitalreportmx.com\/wp-content\/uploads\/2025\/04\/Consejo-de-paz.mp4\"><\/video><\/figure>\n","protected":false},"excerpt":{"rendered":"<p>Santa Catarina El Alcalde de Santa Catarina, Jes\u00fas Nava Rivera, en coordinaci\u00f3n con Clara Luz Flores, titular de la Unidad de Asuntos Religiosos, Prevenci\u00f3n y Reconstrucci\u00f3n del Tejido Social de la Secretar\u00eda de Gobernaci\u00f3n (SEGOB), dieron a conocer la creaci\u00f3n del Consejo de Paz en el municipio. El anuncio de dicho consejo se dio durante [&hellip;]<\/p>\n","protected":false},"author":1,"featured_media":11494,"comment_status":"open","ping_status":"open","sticky":false,"template":"","format":"standard","meta":{"om_disable_all_campaigns":false,"_monsterinsights_skip_tracking":false,"_monsterinsights_sitenote_active":false,"_monsterinsights_sitenote_note":"","_monsterinsights_sitenote_category":0,"footnotes":""},"categories":[16,13],"tags":[],"class_list":["post-11493","post","type-post","status-publish","format-standard","has-post-thumbnail","hentry","category-relevante-2","category-reporte-local"],"aioseo_notices":[],"_links":{"self":[{"href":"https:\/\/digitalreportmx.com\/index.php\/wp-json\/wp\/v2\/posts\/11493","targetHints":{"allow":["GET"]}}],"collection":[{"href":"https:\/\/digitalreportmx.com\/index.php\/wp-json\/wp\/v2\/posts"}],"about":[{"href":"https:\/\/digitalreportmx.com\/index.php\/wp-json\/wp\/v2\/types\/post"}],"author":[{"embeddable":true,"href":"https:\/\/digitalreportmx.com\/index.php\/wp-json\/wp\/v2\/users\/1"}],"replies":[{"embeddable":true,"href":"https:\/\/digitalreportmx.com\/index.php\/wp-json\/wp\/v2\/comments?post=11493"}],"version-history":[{"count":2,"href":"https:\/\/digitalreportmx.com\/index.php\/wp-json\/wp\/v2\/posts\/11493\/revisions"}],"predecessor-version":[{"id":11500,"href":"https:\/\/digitalreportmx.com\/index.php\/wp-json\/wp\/v2\/posts\/11493\/revisions\/11500"}],"wp:featuredmedia":[{"embeddable":true,"href":"https:\/\/digitalreportmx.com\/index.php\/wp-json\/wp\/v2\/media\/11494"}],"wp:attachment":[{"href":"https:\/\/digitalreportmx.com\/index.php\/wp-json\/wp\/v2\/media?parent=11493"}],"wp:term":[{"taxonomy":"category","embeddable":true,"href":"https:\/\/digitalreportmx.com\/index.php\/wp-json\/wp\/v2\/categories?post=11493"},{"taxonomy":"post_tag","embeddable":true,"href":"https:\/\/digitalreportmx.com\/index.php\/wp-json\/wp\/v2\/tags?post=11493"}],"curies":[{"name":"wp","href":"https:\/\/api.w.org\/{rel}","templated":true}]}}