{"id":11501,"date":"2025-04-12T14:22:36","date_gmt":"2025-04-12T20:22:36","guid":{"rendered":"https:\/\/digitalreportmx.com\/?p=11501"},"modified":"2025-04-12T14:24:36","modified_gmt":"2025-04-12T20:24:36","slug":"visita-marco-en-semana-santa-y-disfruta-de-una-experiencia-artistica","status":"publish","type":"post","link":"https:\/\/digitalreportmx.com\/index.php\/2025\/04\/12\/visita-marco-en-semana-santa-y-disfruta-de-una-experiencia-artistica\/","title":{"rendered":"Visita MARCO en Semana Santa y turistea entre el arte"},"content":{"rendered":"\n<p><kbd>Monterrey<\/kbd><\/p>\n\n\n\n<p>La exposici\u00f3n Oscar Murillo. Esp\u00edritus en el pantano estar\u00e1 en MARCO hasta agosto.<br>MARCO tiene una oferta art\u00edstica para sus visitantes durante las vacaciones de primavera, desde exposiciones hasta un campamento para ni\u00f1os.<br>En la exposici\u00f3n del artista Oscar Murillo, el p\u00fablico podr\u00e1 intervenir con pintura un gran mural de 300 metros de largo, los mi\u00e9rcoles y domingos de entrada libre.<br>Los d\u00edas de descanso durante la temporada de Semana Santa son la oportunidad perfecta para visitar el Museo de Arte Contempor\u00e1neo de Monterrey, tanto para quienes viven en la Ciudad como para los turistas.<br>Las exposiciones que se encuentran actualmente en el museo aproximar\u00e1n al p\u00fablico tanto a la historia del arte reciente como a ser parte de un gran mural que el p\u00fablico podr\u00e1 intervenir con pintura.<\/p>\n\n\n\n<figure class=\"wp-block-image size-large\"><img loading=\"lazy\" decoding=\"async\" width=\"1024\" height=\"683\" src=\"https:\/\/digitalreportmx.com\/wp-content\/uploads\/2025\/04\/Participacion-Oscar-Murillo_Espiritus-en-el-pantano_1-1024x683.jpg\" alt=\"\" class=\"wp-image-11503\" srcset=\"https:\/\/digitalreportmx.com\/wp-content\/uploads\/2025\/04\/Participacion-Oscar-Murillo_Espiritus-en-el-pantano_1-1024x683.jpg 1024w, https:\/\/digitalreportmx.com\/wp-content\/uploads\/2025\/04\/Participacion-Oscar-Murillo_Espiritus-en-el-pantano_1-300x200.jpg 300w, https:\/\/digitalreportmx.com\/wp-content\/uploads\/2025\/04\/Participacion-Oscar-Murillo_Espiritus-en-el-pantano_1-768x512.jpg 768w, https:\/\/digitalreportmx.com\/wp-content\/uploads\/2025\/04\/Participacion-Oscar-Murillo_Espiritus-en-el-pantano_1-1536x1024.jpg 1536w, https:\/\/digitalreportmx.com\/wp-content\/uploads\/2025\/04\/Participacion-Oscar-Murillo_Espiritus-en-el-pantano_1-2048x1365.jpg 2048w\" sizes=\"auto, (max-width: 1024px) 100vw, 1024px\" \/><\/figure>\n\n\n\n<p><br>Adem\u00e1s, el museo organiza el tradicional Campamento de Primavera, en el que los ni\u00f1os podr\u00e1n explorar el arte a trav\u00e9s de actividades que les permitir\u00e1n tener libertad creativa.<br>Durante el periodo de vacaciones, el MARCO estar\u00e1 abierto en su horario habitual, que es de martes a domingo de 10:00 am a 6:00 pm, el mi\u00e9rcoles con un horario extendido a las 8:00 pm.<br>La entrada es libre los mi\u00e9rcoles y domingos, en el resto de los d\u00edas, la entrada general tiene un costo de $100 pesos, y un costo reducido a $70 pesos a maestros y estudiantes con credencial, adultos mayores hasta 64 a\u00f1os con credencial INAPAM y ni\u00f1os de 5 a 15 a\u00f1os. Menores de 5 a\u00f1os tienen entrada libre todos los d\u00edas.<\/p>\n\n\n\n<figure class=\"wp-block-image size-large\"><img loading=\"lazy\" decoding=\"async\" width=\"1024\" height=\"683\" src=\"https:\/\/digitalreportmx.com\/wp-content\/uploads\/2025\/04\/Contracultura_1-1024x683.jpg\" alt=\"\" class=\"wp-image-11504\" srcset=\"https:\/\/digitalreportmx.com\/wp-content\/uploads\/2025\/04\/Contracultura_1-1024x683.jpg 1024w, https:\/\/digitalreportmx.com\/wp-content\/uploads\/2025\/04\/Contracultura_1-300x200.jpg 300w, https:\/\/digitalreportmx.com\/wp-content\/uploads\/2025\/04\/Contracultura_1-768x512.jpg 768w, https:\/\/digitalreportmx.com\/wp-content\/uploads\/2025\/04\/Contracultura_1-1536x1024.jpg 1536w, https:\/\/digitalreportmx.com\/wp-content\/uploads\/2025\/04\/Contracultura_1-2048x1365.jpg 2048w\" sizes=\"auto, (max-width: 1024px) 100vw, 1024px\" \/><\/figure>\n\n\n\n<p>Oscar Murillo. Esp\u00edritus en el pantano<br>Hasta agosto 2025<br>Curadur\u00eda: Taiyana Pimentel, directora de MARCO<br>Museograf\u00eda y producci\u00f3n: MARCO<br>A trav\u00e9s de la pintura interactiva, el video y la instalaci\u00f3n, el artista Oscar Murillo concibe los espacios dentro de MARCO como una arena social en su exposici\u00f3n Esp\u00edritus en el pantano. Bajo la curadur\u00eda de Taiyana Pimentel, directora de MARCO, la exposici\u00f3n revisa la pr\u00e1ctica art\u00edstica de los \u00faltimos a\u00f1os de Murillo, uno de los creadores m\u00e1s relevantes de la escena internacional actual, uno de los cuatro galardonados con el prestigioso Premio Turner en el 2019. La obra principal es Esp\u00edritus en el pantano (2024-2025), el gran mural que se despliega por los muros de las salas del recinto, que ha sido intervenido por el p\u00fablico desde diciembre del 2024. Utilizando el dibujo, los asistentes plasmaron sus expresiones en im\u00e1genes y texto. Ese mismo lienzo de 300 metros de largo se instal\u00f3 en la exposici\u00f3n, permitiendo ahora al p\u00fablico intervenir el lienzo con pintura. La idea del artista es que la participaci\u00f3n del p\u00fablico sea \u00fanicamente en los d\u00edas de entrada libre al museo, los mi\u00e9rcoles y domingos, porque es cuando el museo es accesible a todos.<\/p>\n\n\n\n<figure class=\"wp-block-image size-large\"><img loading=\"lazy\" decoding=\"async\" width=\"1024\" height=\"768\" src=\"https:\/\/digitalreportmx.com\/wp-content\/uploads\/2025\/04\/Campamento-de-Primavera-3-1024x768.jpg\" alt=\"\" class=\"wp-image-11505\" srcset=\"https:\/\/digitalreportmx.com\/wp-content\/uploads\/2025\/04\/Campamento-de-Primavera-3-1024x768.jpg 1024w, https:\/\/digitalreportmx.com\/wp-content\/uploads\/2025\/04\/Campamento-de-Primavera-3-300x225.jpg 300w, https:\/\/digitalreportmx.com\/wp-content\/uploads\/2025\/04\/Campamento-de-Primavera-3-768x576.jpg 768w, https:\/\/digitalreportmx.com\/wp-content\/uploads\/2025\/04\/Campamento-de-Primavera-3-1536x1152.jpg 1536w, https:\/\/digitalreportmx.com\/wp-content\/uploads\/2025\/04\/Campamento-de-Primavera-3.jpg 1600w\" sizes=\"auto, (max-width: 1024px) 100vw, 1024px\" \/><\/figure>\n\n\n\n<p>Di\u00e1logos. Artistas mujeres en la colecci\u00f3n Ella Fontanals-Cisneros<br>Hasta septiembre 2025<br>Curadur\u00eda: Taiyana Pimentel y Sergio Fontanella<br>Museograf\u00eda: Germen Estudio (Giacomo Castagnola y Crist\u00f3bal Garc\u00eda)<br>A lo largo del tiempo, Ella Fontanals-Cisneros se ha convertido no solamente en una de las coleccionistas m\u00e1s importantes, pr\u00e1ctica que inicio en la d\u00e9cada de los 70, sino en una figura clave en el impulso del arte moderno y contempor\u00e1neo. La exhibici\u00f3n busca darle visibilidad a las artistas y reconstruir la historia del arte protagonizada por mujeres. Re\u00fane m\u00e1s de 150 obras de 71 artistas, la mayor\u00eda del continente americano, cuyas aportaciones han sido significativas para las pr\u00e1cticas artistas en distintos periodos, como en el arte cin\u00e9tico, que es el caso de Lygia Clark, Lygia Pape y Gego, figuras relevantes que en la mayor parte de su carrera tuvieron reconocimiento. Por otro lado, la historia del encuentro con la artista Carmen Herrera, es un gran ejemplo de la visi\u00f3n y aportaci\u00f3n de Fontanals-Cisneros en el impulso de las artistas mujeres: conoci\u00f3 a la artista a sus 88 a\u00f1os de edad en su estudio en Nueva York y al descubrirla como una figura importante en la abstracci\u00f3n geom\u00e9trica, impuls\u00f3 su carrera, por lo que la artista obtuvo reconocimiento desde ese momento hasta su fallecimiento a los 106 a\u00f1os en el 2022, logrando ver en vida revisiones de su carrera en museos como el Whitney Museum of American Art. La muestra tambi\u00e9n incluye obras de artistas como Marina Abramovic, B\u00e1rbara Kruger, Regina Jos\u00e9 Galindo, Marta Minujin, Jenny Holzer y Chantal Akerman.<\/p>\n\n\n\n<figure class=\"wp-block-image size-large\"><img loading=\"lazy\" decoding=\"async\" width=\"1024\" height=\"683\" src=\"https:\/\/digitalreportmx.com\/wp-content\/uploads\/2025\/04\/Dialogos_Ella-FC_3-1024x683.jpg\" alt=\"\" class=\"wp-image-11506\" srcset=\"https:\/\/digitalreportmx.com\/wp-content\/uploads\/2025\/04\/Dialogos_Ella-FC_3-1024x683.jpg 1024w, https:\/\/digitalreportmx.com\/wp-content\/uploads\/2025\/04\/Dialogos_Ella-FC_3-300x200.jpg 300w, https:\/\/digitalreportmx.com\/wp-content\/uploads\/2025\/04\/Dialogos_Ella-FC_3-768x512.jpg 768w, https:\/\/digitalreportmx.com\/wp-content\/uploads\/2025\/04\/Dialogos_Ella-FC_3-1536x1024.jpg 1536w, https:\/\/digitalreportmx.com\/wp-content\/uploads\/2025\/04\/Dialogos_Ella-FC_3-2048x1365.jpg 2048w\" sizes=\"auto, (max-width: 1024px) 100vw, 1024px\" \/><\/figure>\n\n\n\n<p>Contracultura: Tania Candiani, Zhivago Duncan y Omar G\u00e1mez<br>Hasta abril 2025<br>Curadur\u00eda: Taiyana Pimentel, directora de MARCO<br>Museograf\u00eda: MARCO<br>Tres artistas relevantes en la escena actual del arte contempor\u00e1neo muestran individualmente sus proyectos m\u00e1s recientes, donde se replantean los procesos de representaci\u00f3n para llegar a nuevas propuestas art\u00edsticas. La muestra incorpora nuevas formas de resistencia a trav\u00e9s del arte, en las que los artistas cuestionan las convenciones relacionadas con la identidad, el cuerpo, el g\u00e9nero y la naturaleza. Por su parte, Tania Candiani recurre al bordado sobre tela en su proyecto Manifestantes, como una forma de plasmar la figura de mujeres y elementos clave de las manifestaciones feministas, enfoc\u00e1ndose en la persona, la herramienta y la acci\u00f3n. En Primitivismo rom\u00e1ntico, el estadounidense Zhivago Duncan reflexiona sobre la relaci\u00f3n contestataria entre el orden y el caos, recuperando una est\u00e9tica que \u00e9l mismo define como romanticismo primitivo, y que plasma en su obra cer\u00e1mica y pict\u00f3rica explorando nociones dicot\u00f3micas entre sociedad y naturaleza. Por \u00faltimo, el fot\u00f3grafo Omar G\u00e1mez presenta su serie Flores en la que retrata a amigos cercanos utilizando arreglos florales y en lugar de fotografiar a la persona, recurre a elaborar composiciones que remiten a las naturalezas muertas, as\u00ed como una acci\u00f3n perform\u00e1tica que el p\u00fablico descubrir\u00e1 al ver las im\u00e1genes.<\/p>\n\n\n\n<p>Campamento de Primavera MARCO 2025<br>Para edades de 4 a 11 a\u00f1os<br>Fechas: Semana 1: del 14 al 18 de abril | Semana 2: del 21 al 25 de abril<br>Costo: 1,700 por semana (incluye materiales, camiseta, fotograf\u00eda de grupo y diploma de participaci\u00f3n)<br>Inscripciones en l\u00ednea en https:\/\/storemarco.art<br>El Campamento de Primavera MARCO 2025 ofrecer\u00e1 a los ni\u00f1os y ni\u00f1as un espacio donde podr\u00e1n divertirse y aprender a trav\u00e9s del arte, disfrutando de las exposiciones del museo y actividades dise\u00f1adas para ellos. Maestros especializados como Anah\u00ed Ibarra, Javier Garc\u00eda y Luis V\u00e9lez acompa\u00f1ar\u00e1n y guiar\u00e1n a los chicos en la exploraci\u00f3n de materiales y reflexiones sobre el arte, a trav\u00e9s del juego y la imaginaci\u00f3n. El contenido ser\u00e1 a partir de las muestras que presenta el museo actualmente.<\/p>\n\n\n\n<p>Domingo familiar: Oscar Murillo. Esp\u00edritus en el pantano<br>Domingo 20 de abril | De 12:00 a 2:00 pm<br>Entrada libre | Cupo limitado<br>En este taller, las familias que participen tendr\u00e1n la oportunidad de crear una pintura abstracta, tomando como referencia la pr\u00e1ctica art\u00edstica de Oscar Murillo. Con el objetivo de sensibilizar al p\u00fablico, la actividad ofrecer\u00e1 un espacio en el que los participantes vivir\u00e1n una experiencia creativa en torno a la exposici\u00f3n, adem\u00e1s de que propicia el encuentro y la convivencia familiar a trav\u00e9s del arte. Impartido por la artista Mar\u00eda In\u00e9s Torres.<\/p>\n","protected":false},"excerpt":{"rendered":"<p>Monterrey La exposici\u00f3n Oscar Murillo. Esp\u00edritus en el pantano estar\u00e1 en MARCO hasta agosto.MARCO tiene una oferta art\u00edstica para sus visitantes durante las vacaciones de primavera, desde exposiciones hasta un campamento para ni\u00f1os.En la exposici\u00f3n del artista Oscar Murillo, el p\u00fablico podr\u00e1 intervenir con pintura un gran mural de 300 metros de largo, los mi\u00e9rcoles [&hellip;]<\/p>\n","protected":false},"author":1,"featured_media":11502,"comment_status":"open","ping_status":"open","sticky":false,"template":"","format":"standard","meta":{"om_disable_all_campaigns":false,"_monsterinsights_skip_tracking":false,"_monsterinsights_sitenote_active":false,"_monsterinsights_sitenote_note":"","_monsterinsights_sitenote_category":0,"footnotes":""},"categories":[16,13],"tags":[],"class_list":["post-11501","post","type-post","status-publish","format-standard","has-post-thumbnail","hentry","category-relevante-2","category-reporte-local"],"aioseo_notices":[],"_links":{"self":[{"href":"https:\/\/digitalreportmx.com\/index.php\/wp-json\/wp\/v2\/posts\/11501","targetHints":{"allow":["GET"]}}],"collection":[{"href":"https:\/\/digitalreportmx.com\/index.php\/wp-json\/wp\/v2\/posts"}],"about":[{"href":"https:\/\/digitalreportmx.com\/index.php\/wp-json\/wp\/v2\/types\/post"}],"author":[{"embeddable":true,"href":"https:\/\/digitalreportmx.com\/index.php\/wp-json\/wp\/v2\/users\/1"}],"replies":[{"embeddable":true,"href":"https:\/\/digitalreportmx.com\/index.php\/wp-json\/wp\/v2\/comments?post=11501"}],"version-history":[{"count":3,"href":"https:\/\/digitalreportmx.com\/index.php\/wp-json\/wp\/v2\/posts\/11501\/revisions"}],"predecessor-version":[{"id":11509,"href":"https:\/\/digitalreportmx.com\/index.php\/wp-json\/wp\/v2\/posts\/11501\/revisions\/11509"}],"wp:featuredmedia":[{"embeddable":true,"href":"https:\/\/digitalreportmx.com\/index.php\/wp-json\/wp\/v2\/media\/11502"}],"wp:attachment":[{"href":"https:\/\/digitalreportmx.com\/index.php\/wp-json\/wp\/v2\/media?parent=11501"}],"wp:term":[{"taxonomy":"category","embeddable":true,"href":"https:\/\/digitalreportmx.com\/index.php\/wp-json\/wp\/v2\/categories?post=11501"},{"taxonomy":"post_tag","embeddable":true,"href":"https:\/\/digitalreportmx.com\/index.php\/wp-json\/wp\/v2\/tags?post=11501"}],"curies":[{"name":"wp","href":"https:\/\/api.w.org\/{rel}","templated":true}]}}