{"id":11606,"date":"2025-04-14T14:34:13","date_gmt":"2025-04-14T20:34:13","guid":{"rendered":"https:\/\/digitalreportmx.com\/?p=11606"},"modified":"2025-04-14T14:34:26","modified_gmt":"2025-04-14T20:34:26","slug":"presenta-jesus-nava-programa-impulso-santa-catarina","status":"publish","type":"post","link":"https:\/\/digitalreportmx.com\/index.php\/2025\/04\/14\/presenta-jesus-nava-programa-impulso-santa-catarina\/","title":{"rendered":"Presenta Jes\u00fas Nava programa Impulso Santa Catarina"},"content":{"rendered":"\n<p><kbd>Santa Catarina<\/kbd><\/p>\n\n\n\n<p>El Alcalde Jes\u00fas Nava Rivera present\u00f3 el programa \u201cImpulso Santa Catarina\u201d que integra acciones sociales, m\u00e9dicas, servicios, becas, obras p\u00fablicas y atenci\u00f3n a mujeres y j\u00f3venes.<\/p>\n\n\n\n<p>En el marco del evento \u201cImpulsando Santa Catarina&#8221;, ante la presencia de 300 ciudadanos, el Mun\u00edcipe indic\u00f3 que con esto se fortalecer\u00e1n los rubros de movilidad, salud, educaci\u00f3n y seguridad p\u00fablica para mejorar la calidad de vida de los ciudadanos.<\/p>\n\n\n\n<p>&#8220;Seguiremos impulsando Santa Catarina con m\u00e1s progreso para el bienestar de las familias; vamos por m\u00e1s salud, mejor movilidad, apoyo en la educaci\u00f3n, un mejor medio ambiente, m\u00e1s salud y m\u00e1s seguridad para todos&#8221;, afirm\u00f3 Nava Rivera.<\/p>\n\n\n\n<p>El Edil mencion\u00f3 que el Santa Bus contar\u00e1 con m\u00e1s unidades, tanto para el sector estudiantil como la poblaci\u00f3n en general, para seguir beneficiando a los santacatarinenses con traslados gratuitos a sus lugares de destino, ya que actualmente el Santa Bus Estudiantil traslada hasta a 14 mil alumnos de Preparatoria y Universidad, y las rutas Intramunicipales a mil usuarios por semana.<\/p>\n\n\n\n<p>Asimismo, mencion\u00f3 que en materia de salud, se trabajar\u00e1 en coordinaci\u00f3n con el gobierno federal ante la construcci\u00f3n del Hospital Regional del IMSS y las brigadas m\u00e9dicas casa por casa, as\u00ed como tambi\u00e9n se fortalecer\u00e1n los servicios gratuitos de ambulancias para los adultos mayores y la atenci\u00f3n en la nueva cl\u00ednica municipal.<\/p>\n\n\n\n<p>\u201cLa salud es un derecho, hemos fortalecido los servicios de salud para beneficio de los grupos vulnerables y de toda la poblaci\u00f3n en general\u201d, dijo.<\/p>\n\n\n\n<figure class=\"wp-block-image size-large\"><img loading=\"lazy\" decoding=\"async\" width=\"1024\" height=\"576\" src=\"https:\/\/digitalreportmx.com\/wp-content\/uploads\/2025\/04\/IMG-20250414-WA0103-1024x576.jpg\" alt=\"\" class=\"wp-image-11608\" srcset=\"https:\/\/digitalreportmx.com\/wp-content\/uploads\/2025\/04\/IMG-20250414-WA0103-1024x576.jpg 1024w, https:\/\/digitalreportmx.com\/wp-content\/uploads\/2025\/04\/IMG-20250414-WA0103-300x169.jpg 300w, https:\/\/digitalreportmx.com\/wp-content\/uploads\/2025\/04\/IMG-20250414-WA0103-768x432.jpg 768w, https:\/\/digitalreportmx.com\/wp-content\/uploads\/2025\/04\/IMG-20250414-WA0103-1536x864.jpg 1536w, https:\/\/digitalreportmx.com\/wp-content\/uploads\/2025\/04\/IMG-20250414-WA0103.jpg 1600w\" sizes=\"auto, (max-width: 1024px) 100vw, 1024px\" \/><\/figure>\n\n\n\n<p>En seguridad, el Mun\u00edcipe resalt\u00f3 la implementaci\u00f3n de tecnolog\u00eda e innovaci\u00f3n con Torres de vigilancia, c\u00e1maras de solapa, puntos monitoreo y los chats vecinales, todos conectados al C4, que cuenta con 20 l\u00edneas.<\/p>\n\n\n\n<p>Asimismo, resalt\u00f3 la coordinaci\u00f3n en operativos con autoridades estatales y federales y el aumento en unidades, equipamiento y en salarios para polic\u00edas.<\/p>\n\n\n\n<p>&#8220;Estas acciones son frutos de un gobierno cercano, que escucha, que cree en su gente, vamos por m\u00e1s por el bienestar de todos los santacatarinenses\u201d, puntualiz\u00f3 el Edil.<\/p>\n\n\n\n<figure class=\"wp-block-video\"><video controls src=\"https:\/\/digitalreportmx.com\/wp-content\/uploads\/2025\/04\/ScreenRecording_04-11-2025-23-10-00_1.mov\"><\/video><\/figure>\n","protected":false},"excerpt":{"rendered":"<p>Santa Catarina El Alcalde Jes\u00fas Nava Rivera present\u00f3 el programa \u201cImpulso Santa Catarina\u201d que integra acciones sociales, m\u00e9dicas, servicios, becas, obras p\u00fablicas y atenci\u00f3n a mujeres y j\u00f3venes. En el marco del evento \u201cImpulsando Santa Catarina&#8221;, ante la presencia de 300 ciudadanos, el Mun\u00edcipe indic\u00f3 que con esto se fortalecer\u00e1n los rubros de movilidad, salud, [&hellip;]<\/p>\n","protected":false},"author":1,"featured_media":11607,"comment_status":"open","ping_status":"open","sticky":false,"template":"","format":"standard","meta":{"om_disable_all_campaigns":false,"_monsterinsights_skip_tracking":false,"_monsterinsights_sitenote_active":false,"_monsterinsights_sitenote_note":"","_monsterinsights_sitenote_category":0,"footnotes":""},"categories":[16,13],"tags":[],"class_list":["post-11606","post","type-post","status-publish","format-standard","has-post-thumbnail","hentry","category-relevante-2","category-reporte-local"],"aioseo_notices":[],"_links":{"self":[{"href":"https:\/\/digitalreportmx.com\/index.php\/wp-json\/wp\/v2\/posts\/11606","targetHints":{"allow":["GET"]}}],"collection":[{"href":"https:\/\/digitalreportmx.com\/index.php\/wp-json\/wp\/v2\/posts"}],"about":[{"href":"https:\/\/digitalreportmx.com\/index.php\/wp-json\/wp\/v2\/types\/post"}],"author":[{"embeddable":true,"href":"https:\/\/digitalreportmx.com\/index.php\/wp-json\/wp\/v2\/users\/1"}],"replies":[{"embeddable":true,"href":"https:\/\/digitalreportmx.com\/index.php\/wp-json\/wp\/v2\/comments?post=11606"}],"version-history":[{"count":1,"href":"https:\/\/digitalreportmx.com\/index.php\/wp-json\/wp\/v2\/posts\/11606\/revisions"}],"predecessor-version":[{"id":11610,"href":"https:\/\/digitalreportmx.com\/index.php\/wp-json\/wp\/v2\/posts\/11606\/revisions\/11610"}],"wp:featuredmedia":[{"embeddable":true,"href":"https:\/\/digitalreportmx.com\/index.php\/wp-json\/wp\/v2\/media\/11607"}],"wp:attachment":[{"href":"https:\/\/digitalreportmx.com\/index.php\/wp-json\/wp\/v2\/media?parent=11606"}],"wp:term":[{"taxonomy":"category","embeddable":true,"href":"https:\/\/digitalreportmx.com\/index.php\/wp-json\/wp\/v2\/categories?post=11606"},{"taxonomy":"post_tag","embeddable":true,"href":"https:\/\/digitalreportmx.com\/index.php\/wp-json\/wp\/v2\/tags?post=11606"}],"curies":[{"name":"wp","href":"https:\/\/api.w.org\/{rel}","templated":true}]}}