{"id":11625,"date":"2025-04-14T17:39:16","date_gmt":"2025-04-14T23:39:16","guid":{"rendered":"https:\/\/digitalreportmx.com\/?p=11625"},"modified":"2025-04-14T17:39:19","modified_gmt":"2025-04-14T23:39:19","slug":"activa-santa-catarina-operativo-de-seguridad-por-vacaciones","status":"publish","type":"post","link":"https:\/\/digitalreportmx.com\/index.php\/2025\/04\/14\/activa-santa-catarina-operativo-de-seguridad-por-vacaciones\/","title":{"rendered":"Activa Santa Catarina operativo de seguridad por vacaciones"},"content":{"rendered":"\n<p><kbd>Santa Catarina <\/kbd><\/p>\n\n\n\n<p>El Alcalde Jes\u00fas Nava Rivera activ\u00f3 el Operativo de Seguridad Semana Santa 2025 en Santa Catarina, que se mantendr\u00e1 vigente desde este lunes 14 al viernes 25 de abril, con el objetivo de garantizar la seguridad, el orden y la tranquilidad de las familias durante el periodo vacacional.<\/p>\n\n\n\n<p>Este despliegue estrat\u00e9gico se realiza en coordinaci\u00f3n con autoridades estatales y federales en todo el Municipio, mediante el fortalecimiento en la presencia cuerpos de seguridad y de auxilio en espacios p\u00fablicos, vialidades, centros recreativos, unidades deportivas y zonas tur\u00edsticas como el Parque La Huasteca.<\/p>\n\n\n\n<p>&#8220;Se vienen dos semanas importantes, Semana Santa y de Pascua, donde saldr\u00e1n a visitar a sus familiares, para convivir con sus hijos y queremos que se sientan seguros, con este operativo brindamos una respuesta cercana, inmediata y con inteligencia desde el C4 para resguardo de los santacatarinenses y para quienes visiten la ciudad&#8221;, puntualiz\u00f3 Jes\u00fas Nava Rivera.<\/p>\n\n\n\n<figure class=\"wp-block-image size-large\"><img loading=\"lazy\" decoding=\"async\" width=\"1024\" height=\"576\" src=\"https:\/\/digitalreportmx.com\/wp-content\/uploads\/2025\/04\/IMG-20250414-WA0147-1024x576.jpg\" alt=\"\" class=\"wp-image-11627\" srcset=\"https:\/\/digitalreportmx.com\/wp-content\/uploads\/2025\/04\/IMG-20250414-WA0147-1024x576.jpg 1024w, https:\/\/digitalreportmx.com\/wp-content\/uploads\/2025\/04\/IMG-20250414-WA0147-300x169.jpg 300w, https:\/\/digitalreportmx.com\/wp-content\/uploads\/2025\/04\/IMG-20250414-WA0147-768x432.jpg 768w, https:\/\/digitalreportmx.com\/wp-content\/uploads\/2025\/04\/IMG-20250414-WA0147-1536x864.jpg 1536w, https:\/\/digitalreportmx.com\/wp-content\/uploads\/2025\/04\/IMG-20250414-WA0147.jpg 1600w\" sizes=\"auto, (max-width: 1024px) 100vw, 1024px\" \/><\/figure>\n\n\n\n<p>En este operativo participan de manera coordinada la Secretar\u00eda de Seguridad P\u00fablica y Vialidad de Santa Catarina, elementos de Protecci\u00f3n Civil Jaguares, la Guardia Nacional y la Agencia Estatal de Investigaciones para prevenir incidentes y responder oportunamente ante cualquier situaci\u00f3n de emergencia.<\/p>\n\n\n\n<p>&#8220;Hemos impulsado una serie de esfuerzos para brindar mayor seguridad y tranquilidad a las familias de Santa Catarina y a quienes nos visitan, con equipo de alta tecnolog\u00eda podremos estar presentes en todos los espacios p\u00fablicos y tur\u00edsticos del Municipio para que vivan unas vacaciones seguras&#8221;, expres\u00f3 Nava Rivera.<\/p>\n\n\n\n<p>El Edil santacataritense hizo un llamado a la ciudadan\u00eda a disfrutar de los d\u00edas de descanso con responsabilidad, atender las indicaciones de las autoridades y cuerpos de auxilio, as\u00ed como mantenerse informados a trav\u00e9s de los canales oficiales del municipio.<\/p>\n\n\n\n<figure class=\"wp-block-image size-large\"><img loading=\"lazy\" decoding=\"async\" width=\"1024\" height=\"593\" src=\"https:\/\/digitalreportmx.com\/wp-content\/uploads\/2025\/04\/IMG-20250414-WA0148-1024x593.jpg\" alt=\"\" class=\"wp-image-11628\" srcset=\"https:\/\/digitalreportmx.com\/wp-content\/uploads\/2025\/04\/IMG-20250414-WA0148-1024x593.jpg 1024w, https:\/\/digitalreportmx.com\/wp-content\/uploads\/2025\/04\/IMG-20250414-WA0148-300x174.jpg 300w, https:\/\/digitalreportmx.com\/wp-content\/uploads\/2025\/04\/IMG-20250414-WA0148-768x445.jpg 768w, https:\/\/digitalreportmx.com\/wp-content\/uploads\/2025\/04\/IMG-20250414-WA0148.jpg 1280w\" sizes=\"auto, (max-width: 1024px) 100vw, 1024px\" \/><\/figure>\n","protected":false},"excerpt":{"rendered":"<p>Santa Catarina El Alcalde Jes\u00fas Nava Rivera activ\u00f3 el Operativo de Seguridad Semana Santa 2025 en Santa Catarina, que se mantendr\u00e1 vigente desde este lunes 14 al viernes 25 de abril, con el objetivo de garantizar la seguridad, el orden y la tranquilidad de las familias durante el periodo vacacional. Este despliegue estrat\u00e9gico se realiza [&hellip;]<\/p>\n","protected":false},"author":1,"featured_media":11626,"comment_status":"open","ping_status":"open","sticky":false,"template":"","format":"standard","meta":{"om_disable_all_campaigns":false,"_monsterinsights_skip_tracking":false,"_monsterinsights_sitenote_active":false,"_monsterinsights_sitenote_note":"","_monsterinsights_sitenote_category":0,"footnotes":""},"categories":[16,13],"tags":[],"class_list":["post-11625","post","type-post","status-publish","format-standard","has-post-thumbnail","hentry","category-relevante-2","category-reporte-local"],"aioseo_notices":[],"_links":{"self":[{"href":"https:\/\/digitalreportmx.com\/index.php\/wp-json\/wp\/v2\/posts\/11625","targetHints":{"allow":["GET"]}}],"collection":[{"href":"https:\/\/digitalreportmx.com\/index.php\/wp-json\/wp\/v2\/posts"}],"about":[{"href":"https:\/\/digitalreportmx.com\/index.php\/wp-json\/wp\/v2\/types\/post"}],"author":[{"embeddable":true,"href":"https:\/\/digitalreportmx.com\/index.php\/wp-json\/wp\/v2\/users\/1"}],"replies":[{"embeddable":true,"href":"https:\/\/digitalreportmx.com\/index.php\/wp-json\/wp\/v2\/comments?post=11625"}],"version-history":[{"count":1,"href":"https:\/\/digitalreportmx.com\/index.php\/wp-json\/wp\/v2\/posts\/11625\/revisions"}],"predecessor-version":[{"id":11629,"href":"https:\/\/digitalreportmx.com\/index.php\/wp-json\/wp\/v2\/posts\/11625\/revisions\/11629"}],"wp:featuredmedia":[{"embeddable":true,"href":"https:\/\/digitalreportmx.com\/index.php\/wp-json\/wp\/v2\/media\/11626"}],"wp:attachment":[{"href":"https:\/\/digitalreportmx.com\/index.php\/wp-json\/wp\/v2\/media?parent=11625"}],"wp:term":[{"taxonomy":"category","embeddable":true,"href":"https:\/\/digitalreportmx.com\/index.php\/wp-json\/wp\/v2\/categories?post=11625"},{"taxonomy":"post_tag","embeddable":true,"href":"https:\/\/digitalreportmx.com\/index.php\/wp-json\/wp\/v2\/tags?post=11625"}],"curies":[{"name":"wp","href":"https:\/\/api.w.org\/{rel}","templated":true}]}}