{"id":11653,"date":"2025-04-15T12:12:54","date_gmt":"2025-04-15T18:12:54","guid":{"rendered":"https:\/\/digitalreportmx.com\/?p=11653"},"modified":"2025-04-15T13:12:53","modified_gmt":"2025-04-15T19:12:53","slug":"estrena-dif-monterrey-expo-arte-creada-por-peques-y-adolescentes-con-autismo","status":"publish","type":"post","link":"https:\/\/digitalreportmx.com\/index.php\/2025\/04\/15\/estrena-dif-monterrey-expo-arte-creada-por-peques-y-adolescentes-con-autismo\/","title":{"rendered":"Arma Monterrey expo arte creada por peques y chavos con autismo"},"content":{"rendered":"\n<p><kbd>Monterrey<\/kbd><\/p>\n\n\n\n<p>En un ambiente lleno de color, emociones y mucho talento, el DIF Monterrey inaugur\u00f3 la exposici\u00f3n \u201cLos colores de las emociones\u201d, una muestra art\u00edstica creada por ni\u00f1as, ni\u00f1os y adolescentes con Trastorno del Espectro Autista.<\/p>\n\n\n\n<p>La presidenta de DIF Monterrey, Gaby Oyervides, encabez\u00f3 el evento que busca promover la inclusi\u00f3n y dar visibilidad al gran potencial creativo de estos j\u00f3venes artistas.<\/p>\n\n\n\n<p>Las 21 obras que integran la exposici\u00f3n fueron elaboradas durante los talleres de arteterapia, donde adem\u00e1s de estimular sus sentidos, fortalecen su autoestima, habilidades motoras y sociales.<\/p>\n\n\n\n<p>\u201cQuiero agradecer a todos los ni\u00f1os que han sido parte de esta exposici\u00f3n por compartir con nosotros un pedazo de su alma. A los padres, a los maestros y a todos los que han apoyado a estos ni\u00f1os en su camino art\u00edstico, les agradezco profundamente por su dedicaci\u00f3n y amor\u201d, concluy\u00f3.<\/p>\n\n\n\n<figure class=\"wp-block-image size-large\"><img loading=\"lazy\" decoding=\"async\" width=\"1024\" height=\"683\" src=\"https:\/\/digitalreportmx.com\/wp-content\/uploads\/2025\/04\/IMG-20250415-WA0037-1024x683.jpg\" alt=\"\" class=\"wp-image-11655\" srcset=\"https:\/\/digitalreportmx.com\/wp-content\/uploads\/2025\/04\/IMG-20250415-WA0037-1024x683.jpg 1024w, https:\/\/digitalreportmx.com\/wp-content\/uploads\/2025\/04\/IMG-20250415-WA0037-300x200.jpg 300w, https:\/\/digitalreportmx.com\/wp-content\/uploads\/2025\/04\/IMG-20250415-WA0037-768x512.jpg 768w, https:\/\/digitalreportmx.com\/wp-content\/uploads\/2025\/04\/IMG-20250415-WA0037.jpg 1280w\" sizes=\"auto, (max-width: 1024px) 100vw, 1024px\" \/><\/figure>\n\n\n\n<p>Las piezas reflejan emociones, pensamientos y visiones \u00fanicas del mundo, expresadas a trav\u00e9s de distintas t\u00e9cnicas y estilos.<\/p>\n\n\n\n<p>Participaron usuarios de la Cl\u00ednica Integral de Autismo, del Centro Educativo para el Desarrollo Integral y del Centro de D\u00eda Incluyente para Ni\u00f1as, Ni\u00f1os y Adolescentes de DIF Monterrey.<\/p>\n\n\n\n<figure class=\"wp-block-image size-large\"><img loading=\"lazy\" decoding=\"async\" width=\"1024\" height=\"768\" src=\"https:\/\/digitalreportmx.com\/wp-content\/uploads\/2025\/04\/IMG-20250415-WA0035-1024x768.jpg\" alt=\"\" class=\"wp-image-11656\" srcset=\"https:\/\/digitalreportmx.com\/wp-content\/uploads\/2025\/04\/IMG-20250415-WA0035-1024x768.jpg 1024w, https:\/\/digitalreportmx.com\/wp-content\/uploads\/2025\/04\/IMG-20250415-WA0035-300x225.jpg 300w, https:\/\/digitalreportmx.com\/wp-content\/uploads\/2025\/04\/IMG-20250415-WA0035-768x576.jpg 768w, https:\/\/digitalreportmx.com\/wp-content\/uploads\/2025\/04\/IMG-20250415-WA0035.jpg 1280w\" sizes=\"auto, (max-width: 1024px) 100vw, 1024px\" \/><\/figure>\n\n\n\n<p>La exposici\u00f3n estar\u00e1 abierta al p\u00fablico hasta el 28 de abril en la Galer\u00eda de Arte Valle Oriente, en Monterrey. La entrada es gratuita.<\/p>\n\n\n\n<p>DIF Monterrey reafirma su compromiso de crear espacios inclusivos que permitan a todas las personas desarrollarse plenamente, expresarse con libertad y ser parte activa de la sociedad.<\/p>\n\n\n\n<figure class=\"wp-block-image size-large\"><img loading=\"lazy\" decoding=\"async\" width=\"1024\" height=\"683\" src=\"https:\/\/digitalreportmx.com\/wp-content\/uploads\/2025\/04\/IMG-20250415-WA0036-1024x683.jpg\" alt=\"\" class=\"wp-image-11658\" srcset=\"https:\/\/digitalreportmx.com\/wp-content\/uploads\/2025\/04\/IMG-20250415-WA0036-1024x683.jpg 1024w, https:\/\/digitalreportmx.com\/wp-content\/uploads\/2025\/04\/IMG-20250415-WA0036-300x200.jpg 300w, https:\/\/digitalreportmx.com\/wp-content\/uploads\/2025\/04\/IMG-20250415-WA0036-768x512.jpg 768w, https:\/\/digitalreportmx.com\/wp-content\/uploads\/2025\/04\/IMG-20250415-WA0036.jpg 1280w\" sizes=\"auto, (max-width: 1024px) 100vw, 1024px\" \/><\/figure>\n\n\n\n<figure class=\"wp-block-video\"><video controls src=\"https:\/\/digitalreportmx.com\/wp-content\/uploads\/2025\/04\/VID-20250415-WA0038.mp4\"><\/video><\/figure>\n","protected":false},"excerpt":{"rendered":"<p>Monterrey En un ambiente lleno de color, emociones y mucho talento, el DIF Monterrey inaugur\u00f3 la exposici\u00f3n \u201cLos colores de las emociones\u201d, una muestra art\u00edstica creada por ni\u00f1as, ni\u00f1os y adolescentes con Trastorno del Espectro Autista. La presidenta de DIF Monterrey, Gaby Oyervides, encabez\u00f3 el evento que busca promover la inclusi\u00f3n y dar visibilidad al [&hellip;]<\/p>\n","protected":false},"author":1,"featured_media":11657,"comment_status":"open","ping_status":"open","sticky":false,"template":"","format":"standard","meta":{"om_disable_all_campaigns":false,"_monsterinsights_skip_tracking":false,"_monsterinsights_sitenote_active":false,"_monsterinsights_sitenote_note":"","_monsterinsights_sitenote_category":0,"footnotes":""},"categories":[12,17],"tags":[],"class_list":["post-11653","post","type-post","status-publish","format-standard","has-post-thumbnail","hentry","category-cooltura","category-principal"],"aioseo_notices":[],"_links":{"self":[{"href":"https:\/\/digitalreportmx.com\/index.php\/wp-json\/wp\/v2\/posts\/11653","targetHints":{"allow":["GET"]}}],"collection":[{"href":"https:\/\/digitalreportmx.com\/index.php\/wp-json\/wp\/v2\/posts"}],"about":[{"href":"https:\/\/digitalreportmx.com\/index.php\/wp-json\/wp\/v2\/types\/post"}],"author":[{"embeddable":true,"href":"https:\/\/digitalreportmx.com\/index.php\/wp-json\/wp\/v2\/users\/1"}],"replies":[{"embeddable":true,"href":"https:\/\/digitalreportmx.com\/index.php\/wp-json\/wp\/v2\/comments?post=11653"}],"version-history":[{"count":5,"href":"https:\/\/digitalreportmx.com\/index.php\/wp-json\/wp\/v2\/posts\/11653\/revisions"}],"predecessor-version":[{"id":11669,"href":"https:\/\/digitalreportmx.com\/index.php\/wp-json\/wp\/v2\/posts\/11653\/revisions\/11669"}],"wp:featuredmedia":[{"embeddable":true,"href":"https:\/\/digitalreportmx.com\/index.php\/wp-json\/wp\/v2\/media\/11657"}],"wp:attachment":[{"href":"https:\/\/digitalreportmx.com\/index.php\/wp-json\/wp\/v2\/media?parent=11653"}],"wp:term":[{"taxonomy":"category","embeddable":true,"href":"https:\/\/digitalreportmx.com\/index.php\/wp-json\/wp\/v2\/categories?post=11653"},{"taxonomy":"post_tag","embeddable":true,"href":"https:\/\/digitalreportmx.com\/index.php\/wp-json\/wp\/v2\/tags?post=11653"}],"curies":[{"name":"wp","href":"https:\/\/api.w.org\/{rel}","templated":true}]}}