{"id":11695,"date":"2025-04-15T17:58:28","date_gmt":"2025-04-15T23:58:28","guid":{"rendered":"https:\/\/digitalreportmx.com\/?p=11695"},"modified":"2025-04-15T18:00:50","modified_gmt":"2025-04-16T00:00:50","slug":"alud-de-folclor-oaxaqueno-invadira-el-mhm","status":"publish","type":"post","link":"https:\/\/digitalreportmx.com\/index.php\/2025\/04\/15\/alud-de-folclor-oaxaqueno-invadira-el-mhm\/","title":{"rendered":"Alud de folclor oaxaque\u00f1o de la Guelaguetza invadir\u00e1 MHM"},"content":{"rendered":"\n<p><kbd>Monterrey<\/kbd><br>La Guelaguetza una de las manifestaciones m\u00e1s importantes del folclor oaxaque\u00f1o se presentar\u00e1 en la explanada del Museo de Historia Mexicana, el s\u00e1bado 19 de abril a las 19:00 horas, con el Grupo Folkl\u00f3rico Savi \u00d1andua de Huajuapan de Le\u00f3n, Oaxaca, bajo la direcci\u00f3n del Mtro. Pablo Benjam\u00edn Aguilar.<br>Adem\u00e1s, dentro del programa \u201cNoches de Algarab\u00eda Folkl\u00f3rica\u201d, en representaci\u00f3n del estado de Veracruz, el s\u00e1bado 26 de abril se tendr\u00e1 como invitada especial a la Compa\u00f1\u00eda Folkl\u00f3rica Crist\u00f3bal Col\u00f3n, que dirige el Mtro. Juan Antonio Campos L\u00f3pez.<br>En esta edici\u00f3n de \u201cNoches de Algarab\u00eda Folkl\u00f3rica\u201d participan alrededor de 90 grupos folcl\u00f3ricos nuevoleoneses, que forman una gran oleada danc\u00edstica de ritmos, colores y sones que muestran los ritos, costumbres y tradiciones, del martes 15 al domingo 20 y del martes 22 al s\u00e1bado 26 de abril a partir de las 19:00 horas.<\/p>\n\n\n\n<figure class=\"wp-block-image size-full\"><img loading=\"lazy\" decoding=\"async\" width=\"960\" height=\"720\" src=\"https:\/\/digitalreportmx.com\/wp-content\/uploads\/2025\/04\/IMG-20250415-WA0139.jpg\" alt=\"\" class=\"wp-image-11697\" srcset=\"https:\/\/digitalreportmx.com\/wp-content\/uploads\/2025\/04\/IMG-20250415-WA0139.jpg 960w, https:\/\/digitalreportmx.com\/wp-content\/uploads\/2025\/04\/IMG-20250415-WA0139-300x225.jpg 300w, https:\/\/digitalreportmx.com\/wp-content\/uploads\/2025\/04\/IMG-20250415-WA0139-768x576.jpg 768w\" sizes=\"auto, (max-width: 960px) 100vw, 960px\" \/><\/figure>\n\n\n\n<p><br>LOS INVITADOS<br>Savi \u00d1undua, palabra mixteca que significa \u201cMixteca de Oaxaca o Pueblo de lluvia\u201d, es originario de la regi\u00f3n Mixteca Baja de la heroica ciudad de Huajuapan de Le\u00f3n, Oaxaca, lo integran j\u00f3venes estudiantes de secundaria, preparatoria, universitarios y profesionistas, que han viajado para ser embajadores de sus danzas.<br>La Guelaquetza es una de las tradiciones m\u00e1s populares de Oaxaca que data de la \u00e9poca prehisp\u00e1nica. Es una fiesta ritual anual dedicada a la diosa del ma\u00edz, a quien se ofrendaba a trav\u00e9s de la danza durante ocho d\u00edas, con representantes de diversas regiones. Actualmente se realiza en el mes de julio y se le conoce como la fiesta del \u201cLunes del Cerro\u201d que es admirada por miles de turistas nacionales y extranjeros.<\/p>\n\n\n\n<figure class=\"wp-block-image size-large\"><img loading=\"lazy\" decoding=\"async\" width=\"1024\" height=\"448\" src=\"https:\/\/digitalreportmx.com\/wp-content\/uploads\/2025\/04\/IMG-20250415-WA0137-1024x448.jpg\" alt=\"\" class=\"wp-image-11698\" srcset=\"https:\/\/digitalreportmx.com\/wp-content\/uploads\/2025\/04\/IMG-20250415-WA0137-1024x448.jpg 1024w, https:\/\/digitalreportmx.com\/wp-content\/uploads\/2025\/04\/IMG-20250415-WA0137-300x131.jpg 300w, https:\/\/digitalreportmx.com\/wp-content\/uploads\/2025\/04\/IMG-20250415-WA0137-768x336.jpg 768w, https:\/\/digitalreportmx.com\/wp-content\/uploads\/2025\/04\/IMG-20250415-WA0137.jpg 1091w\" sizes=\"auto, (max-width: 1024px) 100vw, 1024px\" \/><\/figure>\n\n\n\n<p><br>Sobre el escenario el grupo bailar\u00e1 los sones y jarabes de las regiones oaxaque\u00f1as de Santa Mar\u00eda Huatulco; Santiago, Huxtlahuaca; Valle de chinas; Santa Catarina Juquila; los sones y jarabes de la regi\u00f3n Mixe; Istmo de Tehuantepec, Ejutla de Crespo, Pinotepa Nacional, San Melchor Betaza, Putla Villa de Guerrero, Mixteca y Tuxtepec.<br>El grupo Savi \u00d1undua se form\u00f3 en el a\u00f1o 2011 por el Prof. Pablo Benjam\u00edn Aguilar S\u00e1nchez e iniciativa y motivaci\u00f3n de padres de familia, con la finalidad de fomentar un arte en sus hijos, para continuar costumbres y tradiciones de Oaxaca.<br>DESDE VERACRUZ<br>La Compa\u00f1\u00eda de Danza Folkl\u00f3rica Crist\u00f3bal Col\u00f3n, dirigida por el Mtro. Juan Antonio Campos L\u00f3pez, es uno de los grupos art\u00edsticos m\u00e1s consolidados del Colegio y la Universidad Crist\u00f3bal Colon (UCC); est\u00e1 integrado por j\u00f3venes estudiantes y egresados de las diferentes licenciaturas de la universidad.<br>El repertorio de esta compa\u00f1\u00eda est\u00e1 compuesto por una variada selecci\u00f3n de estampas representativas de las distintas regiones de nuestro pa\u00eds; sin faltar las representativas coreograf\u00edas de Son Jarocho.<br>La agrupaci\u00f3n se ha presentado en diversos estados Yucat\u00e1n, Puebla, Chihuahua, Nuevo Le\u00f3n, Coahuila, Sinaloa, Tlaxcala y Oaxaca, as\u00ed como su nativo Veracruz.<br>\u201cNoches de Algarab\u00eda Folkl\u00f3rica\u201d se llevar\u00e1 a cabo del martes 15 al domingo 20 y del martes 22 al s\u00e1bado 26 de abril a partir de las 19:00 hora en la explanada del Museo de Historia Mexicana, los horarios y grupos se pueden consultar en las p\u00e1ginas oficiales www.3museos.com y www.museolamilarca.mx\/<\/p>\n\n\n\n<figure class=\"wp-block-image size-full\"><img loading=\"lazy\" decoding=\"async\" width=\"784\" height=\"677\" src=\"https:\/\/digitalreportmx.com\/wp-content\/uploads\/2025\/04\/IMG-20250415-WA0138.jpg\" alt=\"\" class=\"wp-image-11699\" srcset=\"https:\/\/digitalreportmx.com\/wp-content\/uploads\/2025\/04\/IMG-20250415-WA0138.jpg 784w, https:\/\/digitalreportmx.com\/wp-content\/uploads\/2025\/04\/IMG-20250415-WA0138-300x259.jpg 300w, https:\/\/digitalreportmx.com\/wp-content\/uploads\/2025\/04\/IMG-20250415-WA0138-768x663.jpg 768w\" sizes=\"auto, (max-width: 784px) 100vw, 784px\" \/><\/figure>\n","protected":false},"excerpt":{"rendered":"<p>MonterreyLa Guelaguetza una de las manifestaciones m\u00e1s importantes del folclor oaxaque\u00f1o se presentar\u00e1 en la explanada del Museo de Historia Mexicana, el s\u00e1bado 19 de abril a las 19:00 horas, con el Grupo Folkl\u00f3rico Savi \u00d1andua de Huajuapan de Le\u00f3n, Oaxaca, bajo la direcci\u00f3n del Mtro. Pablo Benjam\u00edn Aguilar.Adem\u00e1s, dentro del programa \u201cNoches de Algarab\u00eda [&hellip;]<\/p>\n","protected":false},"author":1,"featured_media":11696,"comment_status":"open","ping_status":"open","sticky":false,"template":"","format":"standard","meta":{"om_disable_all_campaigns":false,"_monsterinsights_skip_tracking":false,"_monsterinsights_sitenote_active":false,"_monsterinsights_sitenote_note":"","_monsterinsights_sitenote_category":0,"footnotes":""},"categories":[16,13],"tags":[],"class_list":["post-11695","post","type-post","status-publish","format-standard","has-post-thumbnail","hentry","category-relevante-2","category-reporte-local"],"aioseo_notices":[],"_links":{"self":[{"href":"https:\/\/digitalreportmx.com\/index.php\/wp-json\/wp\/v2\/posts\/11695","targetHints":{"allow":["GET"]}}],"collection":[{"href":"https:\/\/digitalreportmx.com\/index.php\/wp-json\/wp\/v2\/posts"}],"about":[{"href":"https:\/\/digitalreportmx.com\/index.php\/wp-json\/wp\/v2\/types\/post"}],"author":[{"embeddable":true,"href":"https:\/\/digitalreportmx.com\/index.php\/wp-json\/wp\/v2\/users\/1"}],"replies":[{"embeddable":true,"href":"https:\/\/digitalreportmx.com\/index.php\/wp-json\/wp\/v2\/comments?post=11695"}],"version-history":[{"count":6,"href":"https:\/\/digitalreportmx.com\/index.php\/wp-json\/wp\/v2\/posts\/11695\/revisions"}],"predecessor-version":[{"id":11705,"href":"https:\/\/digitalreportmx.com\/index.php\/wp-json\/wp\/v2\/posts\/11695\/revisions\/11705"}],"wp:featuredmedia":[{"embeddable":true,"href":"https:\/\/digitalreportmx.com\/index.php\/wp-json\/wp\/v2\/media\/11696"}],"wp:attachment":[{"href":"https:\/\/digitalreportmx.com\/index.php\/wp-json\/wp\/v2\/media?parent=11695"}],"wp:term":[{"taxonomy":"category","embeddable":true,"href":"https:\/\/digitalreportmx.com\/index.php\/wp-json\/wp\/v2\/categories?post=11695"},{"taxonomy":"post_tag","embeddable":true,"href":"https:\/\/digitalreportmx.com\/index.php\/wp-json\/wp\/v2\/tags?post=11695"}],"curies":[{"name":"wp","href":"https:\/\/api.w.org\/{rel}","templated":true}]}}