{"id":12522,"date":"2025-04-30T18:00:56","date_gmt":"2025-05-01T00:00:56","guid":{"rendered":"https:\/\/digitalreportmx.com\/?p=12522"},"modified":"2025-04-30T18:00:59","modified_gmt":"2025-05-01T00:00:59","slug":"convocan-pt-y-fptyl-a-gran-marcha-obrera","status":"publish","type":"post","link":"https:\/\/digitalreportmx.com\/index.php\/2025\/04\/30\/convocan-pt-y-fptyl-a-gran-marcha-obrera\/","title":{"rendered":"Convocan PT y FPTyL a Gran Marcha Obrera"},"content":{"rendered":"\n<p><kbd>Monterrey<\/kbd><\/p>\n\n\n\n<p>En memoria de los m\u00e1rtires de Chicago, R\u00edo Blanco y Cananea, las dirigencias del Partido del Trabajo y del Frente Popular \u201cTierra y Libertad\u201d convocaron a la Gran Marcha del D\u00eda Internacional del Trabajo, este jueves Primero de Mayo.<\/p>\n\n\n\n<p>Los contingentes del PT y del FPTyL se concentrar\u00e1n en la Plaza Colegio Civil, para arrancar la marcha combativa hacia la Explanada de los H\u00e9roes de la Gran Plaza, a partir de las 18:00 horas.<\/p>\n\n\n\n<p>La diputada Lupita Rodr\u00edguez Mart\u00ednez, dirigente fundadora de ambas organizaciones, inform\u00f3 que reconocer\u00e1n a los hist\u00f3ricos m\u00e1rtires obreros que lucharon por la jornada laboral de ocho horas.<\/p>\n\n\n\n<p>\u201cReconoceremos adem\u00e1s a quienes lucharon por mejores condiciones de vida para trabajadoras y trabajadores\u201d, a\u00f1adi\u00f3.<\/p>\n\n\n\n<p>Se\u00f1al\u00f3 tambi\u00e9n que levantar\u00e1n las banderas rojas de lucha para demandar mejor atenci\u00f3n a la salud, as\u00ed como m\u00e1s y mejor transporte urbano para la poblaci\u00f3n trabajadora.<\/p>\n\n\n\n<p>\u201cComo cada a\u00f1o miles de marchitas tomaremos las calles para exigir garant\u00eda plena del derecho humano al agua y mejoramiento del sistema educativo estatal\u201d, argument\u00f3.<\/p>\n\n\n\n<p>Demandaremos, agreg\u00f3, alto a la inseguridad p\u00fablica.<\/p>\n\n\n\n<p>Refiri\u00f3 que las y los diputados del PT seguir\u00e1n impulsando la reforma para reducir la jornada laboral de 48 a 40 horas.<\/p>\n\n\n\n<p>\u201cEs un reclamo sindical y de las organizaciones sociales y pol\u00edticas, para que no solamente se beneficie al sector patronal y empresarial\u201d, aclar\u00f3 Rodr\u00edguez Mart\u00ednez.<\/p>\n\n\n\n<p>Las y los trabajadores mexicanos, sostuvo, mantienen la confianza y una gran expectativa para que la construcci\u00f3n del Segundo Piso de la Cuarta Transformaci\u00f3n sea para avanzar en las demandas laborales y salariales.<\/p>\n","protected":false},"excerpt":{"rendered":"<p>Monterrey En memoria de los m\u00e1rtires de Chicago, R\u00edo Blanco y Cananea, las dirigencias del Partido del Trabajo y del Frente Popular \u201cTierra y Libertad\u201d convocaron a la Gran Marcha del D\u00eda Internacional del Trabajo, este jueves Primero de Mayo. Los contingentes del PT y del FPTyL se concentrar\u00e1n en la Plaza Colegio Civil, para [&hellip;]<\/p>\n","protected":false},"author":1,"featured_media":12523,"comment_status":"open","ping_status":"open","sticky":false,"template":"","format":"standard","meta":{"om_disable_all_campaigns":false,"_monsterinsights_skip_tracking":false,"_monsterinsights_sitenote_active":false,"_monsterinsights_sitenote_note":"","_monsterinsights_sitenote_category":0,"footnotes":""},"categories":[16,13],"tags":[],"class_list":["post-12522","post","type-post","status-publish","format-standard","has-post-thumbnail","hentry","category-relevante-2","category-reporte-local"],"aioseo_notices":[],"_links":{"self":[{"href":"https:\/\/digitalreportmx.com\/index.php\/wp-json\/wp\/v2\/posts\/12522","targetHints":{"allow":["GET"]}}],"collection":[{"href":"https:\/\/digitalreportmx.com\/index.php\/wp-json\/wp\/v2\/posts"}],"about":[{"href":"https:\/\/digitalreportmx.com\/index.php\/wp-json\/wp\/v2\/types\/post"}],"author":[{"embeddable":true,"href":"https:\/\/digitalreportmx.com\/index.php\/wp-json\/wp\/v2\/users\/1"}],"replies":[{"embeddable":true,"href":"https:\/\/digitalreportmx.com\/index.php\/wp-json\/wp\/v2\/comments?post=12522"}],"version-history":[{"count":1,"href":"https:\/\/digitalreportmx.com\/index.php\/wp-json\/wp\/v2\/posts\/12522\/revisions"}],"predecessor-version":[{"id":12524,"href":"https:\/\/digitalreportmx.com\/index.php\/wp-json\/wp\/v2\/posts\/12522\/revisions\/12524"}],"wp:featuredmedia":[{"embeddable":true,"href":"https:\/\/digitalreportmx.com\/index.php\/wp-json\/wp\/v2\/media\/12523"}],"wp:attachment":[{"href":"https:\/\/digitalreportmx.com\/index.php\/wp-json\/wp\/v2\/media?parent=12522"}],"wp:term":[{"taxonomy":"category","embeddable":true,"href":"https:\/\/digitalreportmx.com\/index.php\/wp-json\/wp\/v2\/categories?post=12522"},{"taxonomy":"post_tag","embeddable":true,"href":"https:\/\/digitalreportmx.com\/index.php\/wp-json\/wp\/v2\/tags?post=12522"}],"curies":[{"name":"wp","href":"https:\/\/api.w.org\/{rel}","templated":true}]}}