{"id":13569,"date":"2025-05-18T13:59:27","date_gmt":"2025-05-18T19:59:27","guid":{"rendered":"https:\/\/digitalreportmx.com\/?p=13569"},"modified":"2025-05-18T15:02:44","modified_gmt":"2025-05-18T21:02:44","slug":"conmemora-monterrey-45-anos-de-la-gran-orquesta","status":"publish","type":"post","link":"https:\/\/digitalreportmx.com\/index.php\/2025\/05\/18\/conmemora-monterrey-45-anos-de-la-gran-orquesta\/","title":{"rendered":"Conmemora Monterrey 45\u202fa\u00f1os de la Gran Orquesta"},"content":{"rendered":"\n<p><kbd>Monterrey<\/kbd><\/p>\n\n\n\n<p>Con el objetivo de honrar la trayectoria musical que ha acompa\u00f1ado a la comunidad regiomontana durante m\u00e1s de 4 d\u00e9cadas, el Gobierno de Monterrey llev\u00f3 a cabo un baile de gala en los bajos del Palacio Municipal para celebrar a la Gran Orquesta de la ciudad de Monterrey.<\/p>\n\n\n\n<p>Desde las 11:00 horas, los asistentes entonaron \u201cLas Ma\u00f1anitas\u201d para recibir a la agrupaci\u00f3n. La orquesta abri\u00f3 la jornada con \u201cSerenata a la luz de la luna\u201d y continu\u00f3 con diversas melod\u00edas que contagiaron el ambiente de alegr\u00eda e hicieron bailar a cientos de personas que se dieron cita para celebrar juntos.<\/p>\n\n\n\n<p>\u201cHoy es un d\u00eda de bailar con un motivo especial que es celebrar el 45 aniversario de la gran orquesta de Monterrey. Y es para ellos el aplauso, es para ellos las porras, es para ellos el gozo y adem\u00e1s todo nuestro agradecimiento a cada uno de ustedes por entregar el coraz\u00f3n cada d\u00eda\u201d, expres\u00f3 Silvia Nancy Garc\u00eda Trevi\u00f1o, Directora General de Turismo es Cultura.<\/p>\n\n\n\n<figure class=\"wp-block-image size-large\"><img loading=\"lazy\" decoding=\"async\" width=\"1024\" height=\"683\" src=\"https:\/\/digitalreportmx.com\/wp-content\/uploads\/2025\/05\/IMG-20250518-WA0131-1024x683.jpg\" alt=\"\" class=\"wp-image-13571\" srcset=\"https:\/\/digitalreportmx.com\/wp-content\/uploads\/2025\/05\/IMG-20250518-WA0131-1024x683.jpg 1024w, https:\/\/digitalreportmx.com\/wp-content\/uploads\/2025\/05\/IMG-20250518-WA0131-300x200.jpg 300w, https:\/\/digitalreportmx.com\/wp-content\/uploads\/2025\/05\/IMG-20250518-WA0131-768x512.jpg 768w, https:\/\/digitalreportmx.com\/wp-content\/uploads\/2025\/05\/IMG-20250518-WA0131-1536x1024.jpg 1536w, https:\/\/digitalreportmx.com\/wp-content\/uploads\/2025\/05\/IMG-20250518-WA0131-2048x1365.jpg 2048w\" sizes=\"auto, (max-width: 1024px) 100vw, 1024px\" \/><\/figure>\n\n\n\n<p>En el transcurso del evento se otorgaron reconocimientos a los m\u00fasicos por su aportaci\u00f3n al patrimonio art\u00edstico de la ciudad y se comparti\u00f3 un pastel conmemorativo entre el p\u00fablico y la orquesta, generando un ambiente de convivencia entre los presentes.<\/p>\n\n\n\n<figure class=\"wp-block-video\"><video controls src=\"https:\/\/digitalreportmx.com\/wp-content\/uploads\/2025\/05\/VID-20250518-WA01341.mp4\"><\/video><\/figure>\n\n\n\n<p>Con esta celebraci\u00f3n, la administraci\u00f3n encabezada por Adri\u00e1n de la Garza, refrend\u00f3 su compromiso de impulsar actividades culturales de calidad y de mantener vivo el legado sonoro que identifica a Monterrey.<\/p>\n\n\n\n<figure class=\"wp-block-image size-large\"><img loading=\"lazy\" decoding=\"async\" width=\"1024\" height=\"683\" src=\"https:\/\/digitalreportmx.com\/wp-content\/uploads\/2025\/05\/IMG-20250518-WA0133-1024x683.jpg\" alt=\"\" class=\"wp-image-13573\" srcset=\"https:\/\/digitalreportmx.com\/wp-content\/uploads\/2025\/05\/IMG-20250518-WA0133-1024x683.jpg 1024w, https:\/\/digitalreportmx.com\/wp-content\/uploads\/2025\/05\/IMG-20250518-WA0133-300x200.jpg 300w, https:\/\/digitalreportmx.com\/wp-content\/uploads\/2025\/05\/IMG-20250518-WA0133-768x512.jpg 768w, https:\/\/digitalreportmx.com\/wp-content\/uploads\/2025\/05\/IMG-20250518-WA0133-1536x1024.jpg 1536w, https:\/\/digitalreportmx.com\/wp-content\/uploads\/2025\/05\/IMG-20250518-WA0133-2048x1365.jpg 2048w\" sizes=\"auto, (max-width: 1024px) 100vw, 1024px\" \/><\/figure>\n","protected":false},"excerpt":{"rendered":"<p>Monterrey Con el objetivo de honrar la trayectoria musical que ha acompa\u00f1ado a la comunidad regiomontana durante m\u00e1s de 4 d\u00e9cadas, el Gobierno de Monterrey llev\u00f3 a cabo un baile de gala en los bajos del Palacio Municipal para celebrar a la Gran Orquesta de la ciudad de Monterrey. Desde las 11:00 horas, los asistentes [&hellip;]<\/p>\n","protected":false},"author":1,"featured_media":13570,"comment_status":"open","ping_status":"open","sticky":false,"template":"","format":"standard","meta":{"om_disable_all_campaigns":false,"_monsterinsights_skip_tracking":false,"_monsterinsights_sitenote_active":false,"_monsterinsights_sitenote_note":"","_monsterinsights_sitenote_category":0,"footnotes":""},"categories":[16,13],"tags":[],"class_list":["post-13569","post","type-post","status-publish","format-standard","has-post-thumbnail","hentry","category-relevante-2","category-reporte-local"],"aioseo_notices":[],"_links":{"self":[{"href":"https:\/\/digitalreportmx.com\/index.php\/wp-json\/wp\/v2\/posts\/13569","targetHints":{"allow":["GET"]}}],"collection":[{"href":"https:\/\/digitalreportmx.com\/index.php\/wp-json\/wp\/v2\/posts"}],"about":[{"href":"https:\/\/digitalreportmx.com\/index.php\/wp-json\/wp\/v2\/types\/post"}],"author":[{"embeddable":true,"href":"https:\/\/digitalreportmx.com\/index.php\/wp-json\/wp\/v2\/users\/1"}],"replies":[{"embeddable":true,"href":"https:\/\/digitalreportmx.com\/index.php\/wp-json\/wp\/v2\/comments?post=13569"}],"version-history":[{"count":3,"href":"https:\/\/digitalreportmx.com\/index.php\/wp-json\/wp\/v2\/posts\/13569\/revisions"}],"predecessor-version":[{"id":13578,"href":"https:\/\/digitalreportmx.com\/index.php\/wp-json\/wp\/v2\/posts\/13569\/revisions\/13578"}],"wp:featuredmedia":[{"embeddable":true,"href":"https:\/\/digitalreportmx.com\/index.php\/wp-json\/wp\/v2\/media\/13570"}],"wp:attachment":[{"href":"https:\/\/digitalreportmx.com\/index.php\/wp-json\/wp\/v2\/media?parent=13569"}],"wp:term":[{"taxonomy":"category","embeddable":true,"href":"https:\/\/digitalreportmx.com\/index.php\/wp-json\/wp\/v2\/categories?post=13569"},{"taxonomy":"post_tag","embeddable":true,"href":"https:\/\/digitalreportmx.com\/index.php\/wp-json\/wp\/v2\/tags?post=13569"}],"curies":[{"name":"wp","href":"https:\/\/api.w.org\/{rel}","templated":true}]}}