{"id":13688,"date":"2025-05-20T12:42:24","date_gmt":"2025-05-20T18:42:24","guid":{"rendered":"https:\/\/digitalreportmx.com\/?p=13688"},"modified":"2025-05-20T12:42:25","modified_gmt":"2025-05-20T18:42:25","slug":"plantea-miguel-lechuga-programa-de-atencion-psicologica-para-jovenes","status":"publish","type":"post","link":"https:\/\/digitalreportmx.com\/index.php\/2025\/05\/20\/plantea-miguel-lechuga-programa-de-atencion-psicologica-para-jovenes\/","title":{"rendered":"Plantea Miguel Lechuga programa de atenci\u00f3n psicol\u00f3gica para j\u00f3venes"},"content":{"rendered":"\n<p><kbd>Monterrey, NL<\/kbd><\/p>\n\n\n\n<p>Ante el incremento de trastornos mentales que sufren los adolescentes y los llevan a decisiones extremas como el suicidio, el Diputado de Acci\u00f3n Nacional, Miguel Lechuga plante\u00f3 la creaci\u00f3n de un Programa Estatal de Atenci\u00f3n Psicol\u00f3gica para J\u00f3venes.<\/p>\n\n\n\n<p>Su propuesta es en base a una adici\u00f3n del Art\u00edculo 53 Bis de la Ley de Salud Mental para el Estado de Nuevo Le\u00f3n, para quedar como sigue:<\/p>\n\n\n\n<p>\u201cLa Secretar\u00eda de Salud del Estado, por conducto del Instituto de Salud Mental y en coordinaci\u00f3n con los municipios y las instituciones p\u00fablicas de educaci\u00f3n superior, implementar\u00e1 el Programa Estatal de Atenci\u00f3n Psicol\u00f3gica para J\u00f3venes, dirigido a personas de entre dieciocho y veintinueve a\u00f1os que enfrenten situaciones de riesgo psicosocial como ansiedad, depresi\u00f3n, violencia, consumo problem\u00e1tico de sustancias, exclusi\u00f3n social, desempleo, deserci\u00f3n acad\u00e9mica o duelo\u201d.<\/p>\n\n\n\n<p>Miguel Lechuga explic\u00f3 que el programa tendr\u00e1 por objeto garantizar el acceso gratuito a servicios breves de atenci\u00f3n emocional de primera respuesta, con enfoque preventivo, comunitario y de contenci\u00f3n.<\/p>\n\n\n\n<p>\u201cLos servicios podr\u00e1n brindarse en Centros Comunitarios de Salud Mental, espacios habilitados por los municipios, unidades m\u00f3viles, instituciones educativas p\u00fablicas u otras instalaciones autorizadas por el Instituto\u201d, apunt\u00f3.<\/p>\n\n\n\n<p>El legislador del PAN indic\u00f3 que el programa deber\u00e1 contemplar como m\u00ednimo:<\/p>\n\n\n\n<p>Atenci\u00f3n psicol\u00f3gica breve, hasta por cinco sesiones anuales por persona, sin necesidad de diagn\u00f3stico cl\u00ednico previo; intervenci\u00f3n prioritaria para casos de riesgo suicida, violencia o crisis severas; canalizaci\u00f3n oportuna a servicios especializados del sistema estatal de salud mental, cuando el caso lo requiera; vinculaci\u00f3n con programas sociales, laborales o educativos como parte del plan de seguimiento; y registro estad\u00edstico no nominal sobre las causas de atenci\u00f3n, zonas de mayor demanda y perfil de las personas atendidas, con fines de pol\u00edtica p\u00fablica.<\/p>\n\n\n\n<p>El legislador de Acci\u00f3n Nacional asegur\u00f3 que en la actualidad los j\u00f3venes viven diversas crisis y por ello requieren apoyo de las autoridades.<\/p>\n\n\n\n<p>\u201cEn Nuevo Le\u00f3n, los j\u00f3venes de entre 18 y 29 a\u00f1os viven una etapa marcada por grandes transiciones: concluyen la educaci\u00f3n media o superior, ingresan al mercado laboral, forman v\u00ednculos de pareja, enfrentan inestabilidad econ\u00f3mica o abandono familiar, y muchos lo hacen sin una red institucional de apoyo emocional\u201d, manifest\u00f3.<\/p>\n\n\n\n<p>&nbsp;\u201cLos datos son claros: el suicidio es una de las principales causas de muerte entre j\u00f3venes en M\u00e9xico, y Nuevo Le\u00f3n no es la excepci\u00f3n. La mayor\u00eda de las personas j\u00f3venes que llegan a atenciones cl\u00ednicas lo hacen cuando ya existe una tentativa o un deterioro emocional importante. En cambio, muy pocos tienen acceso a contenci\u00f3n o acompa\u00f1amiento preventivo en momentos clave de su vida\u201d, puntualiz\u00f3 Miguel Lechuga.<\/p>\n","protected":false},"excerpt":{"rendered":"<p>Monterrey, NL Ante el incremento de trastornos mentales que sufren los adolescentes y los llevan a decisiones extremas como el suicidio, el Diputado de Acci\u00f3n Nacional, Miguel Lechuga plante\u00f3 la creaci\u00f3n de un Programa Estatal de Atenci\u00f3n Psicol\u00f3gica para J\u00f3venes. Su propuesta es en base a una adici\u00f3n del Art\u00edculo 53 Bis de la Ley [&hellip;]<\/p>\n","protected":false},"author":1,"featured_media":13689,"comment_status":"open","ping_status":"open","sticky":false,"template":"","format":"standard","meta":{"om_disable_all_campaigns":false,"_monsterinsights_skip_tracking":false,"_monsterinsights_sitenote_active":false,"_monsterinsights_sitenote_note":"","_monsterinsights_sitenote_category":0,"footnotes":""},"categories":[15,6],"tags":[],"class_list":["post-13688","post","type-post","status-publish","format-standard","has-post-thumbnail","hentry","category-relevante","category-local"],"aioseo_notices":[],"_links":{"self":[{"href":"https:\/\/digitalreportmx.com\/index.php\/wp-json\/wp\/v2\/posts\/13688","targetHints":{"allow":["GET"]}}],"collection":[{"href":"https:\/\/digitalreportmx.com\/index.php\/wp-json\/wp\/v2\/posts"}],"about":[{"href":"https:\/\/digitalreportmx.com\/index.php\/wp-json\/wp\/v2\/types\/post"}],"author":[{"embeddable":true,"href":"https:\/\/digitalreportmx.com\/index.php\/wp-json\/wp\/v2\/users\/1"}],"replies":[{"embeddable":true,"href":"https:\/\/digitalreportmx.com\/index.php\/wp-json\/wp\/v2\/comments?post=13688"}],"version-history":[{"count":1,"href":"https:\/\/digitalreportmx.com\/index.php\/wp-json\/wp\/v2\/posts\/13688\/revisions"}],"predecessor-version":[{"id":13690,"href":"https:\/\/digitalreportmx.com\/index.php\/wp-json\/wp\/v2\/posts\/13688\/revisions\/13690"}],"wp:featuredmedia":[{"embeddable":true,"href":"https:\/\/digitalreportmx.com\/index.php\/wp-json\/wp\/v2\/media\/13689"}],"wp:attachment":[{"href":"https:\/\/digitalreportmx.com\/index.php\/wp-json\/wp\/v2\/media?parent=13688"}],"wp:term":[{"taxonomy":"category","embeddable":true,"href":"https:\/\/digitalreportmx.com\/index.php\/wp-json\/wp\/v2\/categories?post=13688"},{"taxonomy":"post_tag","embeddable":true,"href":"https:\/\/digitalreportmx.com\/index.php\/wp-json\/wp\/v2\/tags?post=13688"}],"curies":[{"name":"wp","href":"https:\/\/api.w.org\/{rel}","templated":true}]}}