{"id":13764,"date":"2025-05-21T14:08:02","date_gmt":"2025-05-21T20:08:02","guid":{"rendered":"https:\/\/digitalreportmx.com\/?p=13764"},"modified":"2025-05-21T14:08:03","modified_gmt":"2025-05-21T20:08:03","slug":"retoma-monterrey-ferias-de-becas-y-oportunidades-educativas","status":"publish","type":"post","link":"https:\/\/digitalreportmx.com\/index.php\/2025\/05\/21\/retoma-monterrey-ferias-de-becas-y-oportunidades-educativas\/","title":{"rendered":"Retoma Monterrey Ferias de becas y oportunidades educativas"},"content":{"rendered":"\n<p><kbd>Monterrey, NL<\/kbd><\/p>\n\n\n\n<p>Con la participaci\u00f3n de 50 instituciones educativas y cientos de estudiantes, el Gobierno de Monterrey llev\u00f3 a cabo este mi\u00e9rcoles la primera Macro Feria de becas y opciones educativas 2025, Mty aqu\u00ed se resuelve.<\/p>\n\n\n\n<p>El alcalde Adri\u00e1n de la Garza dio la bienvenida a los asistentes y les recomend\u00f3 seguirse preparando para tener un futuro de calidad.<\/p>\n\n\n\n<p>\u201cPara poder trabajar hay que estudiar, hay que prepararse, para eso estamos haciendo esta feria, para que ustedes vean todas las opciones donde pueden estudiar\u201d, les dijo.<\/p>\n\n\n\n<p>\u201cLa mejor \u00e9poca de estudio es cuando estamos en la prepa en que convivimos y hacemos amigos, que luego nos van a ayudar en nuestra carrera profesional, por eso, chavos, yo los exhorto y les digo por experiencia, aprovechen mucho la preparatoria, cu\u00eddense mucho, pero sobre todo estudien\u201d.<\/p>\n\n\n\n<p>A principios de mayo, el municipio firm\u00f3 un convenio con universidades, escuelas t\u00e9cnicas y de idiomas para otorgar becas a los j\u00f3venes regiomontanos.<\/p>\n\n\n\n<p>El objetivo del acuerdo y de la feria es facilitar a los adolescentes continuar con sus estudios de nivel medio y superior con miras a mejorar su calidad de vida y las de sus familias.<\/p>\n\n\n\n<p>Al acercar las opciones que existen en la ciudad para seguir con la preparaci\u00f3n acad\u00e9mica se apoya a las juventudes para su futuro y se combate el rezago educativo, la deserci\u00f3n escolar y la posibilidad de conductas antisociales.<\/p>\n\n\n\n<p>De acuerdo a los lineamientos municipales, la direcci\u00f3n de Educaci\u00f3n de Monterrey a cargo de Ana Villalpando, realizar\u00e1 este tipo de actividades al menos una vez por a\u00f1o.<\/p>\n\n\n\n<p>En el recorrido por los m\u00f3dulos de este evento acompa\u00f1aron al edil la secretaria de Desarrollo Humano e Igualdad Sustantiva, Karina Barr\u00f3n; las directoras de los Institutos de la Mujer Regia, Wendy Cordero y de la Juventud Maday Cant\u00fa.<\/p>\n","protected":false},"excerpt":{"rendered":"<p>Monterrey, NL Con la participaci\u00f3n de 50 instituciones educativas y cientos de estudiantes, el Gobierno de Monterrey llev\u00f3 a cabo este mi\u00e9rcoles la primera Macro Feria de becas y opciones educativas 2025, Mty aqu\u00ed se resuelve. El alcalde Adri\u00e1n de la Garza dio la bienvenida a los asistentes y les recomend\u00f3 seguirse preparando para tener [&hellip;]<\/p>\n","protected":false},"author":1,"featured_media":13765,"comment_status":"open","ping_status":"open","sticky":false,"template":"","format":"standard","meta":{"om_disable_all_campaigns":false,"_monsterinsights_skip_tracking":false,"_monsterinsights_sitenote_active":false,"_monsterinsights_sitenote_note":"","_monsterinsights_sitenote_category":0,"footnotes":""},"categories":[15,6],"tags":[],"class_list":["post-13764","post","type-post","status-publish","format-standard","has-post-thumbnail","hentry","category-relevante","category-local"],"aioseo_notices":[],"_links":{"self":[{"href":"https:\/\/digitalreportmx.com\/index.php\/wp-json\/wp\/v2\/posts\/13764","targetHints":{"allow":["GET"]}}],"collection":[{"href":"https:\/\/digitalreportmx.com\/index.php\/wp-json\/wp\/v2\/posts"}],"about":[{"href":"https:\/\/digitalreportmx.com\/index.php\/wp-json\/wp\/v2\/types\/post"}],"author":[{"embeddable":true,"href":"https:\/\/digitalreportmx.com\/index.php\/wp-json\/wp\/v2\/users\/1"}],"replies":[{"embeddable":true,"href":"https:\/\/digitalreportmx.com\/index.php\/wp-json\/wp\/v2\/comments?post=13764"}],"version-history":[{"count":1,"href":"https:\/\/digitalreportmx.com\/index.php\/wp-json\/wp\/v2\/posts\/13764\/revisions"}],"predecessor-version":[{"id":13766,"href":"https:\/\/digitalreportmx.com\/index.php\/wp-json\/wp\/v2\/posts\/13764\/revisions\/13766"}],"wp:featuredmedia":[{"embeddable":true,"href":"https:\/\/digitalreportmx.com\/index.php\/wp-json\/wp\/v2\/media\/13765"}],"wp:attachment":[{"href":"https:\/\/digitalreportmx.com\/index.php\/wp-json\/wp\/v2\/media?parent=13764"}],"wp:term":[{"taxonomy":"category","embeddable":true,"href":"https:\/\/digitalreportmx.com\/index.php\/wp-json\/wp\/v2\/categories?post=13764"},{"taxonomy":"post_tag","embeddable":true,"href":"https:\/\/digitalreportmx.com\/index.php\/wp-json\/wp\/v2\/tags?post=13764"}],"curies":[{"name":"wp","href":"https:\/\/api.w.org\/{rel}","templated":true}]}}