{"id":13793,"date":"2025-05-22T16:29:41","date_gmt":"2025-05-22T22:29:41","guid":{"rendered":"https:\/\/digitalreportmx.com\/?p=13793"},"modified":"2025-05-22T21:54:38","modified_gmt":"2025-05-23T03:54:38","slug":"denunciara-san-pedro-via-penal-las-fallas-en-registros-soterrados-del-centrito-valle-vasconcelos-y-calzadas","status":"publish","type":"post","link":"https:\/\/digitalreportmx.com\/index.php\/2025\/05\/22\/denunciara-san-pedro-via-penal-las-fallas-en-registros-soterrados-del-centrito-valle-vasconcelos-y-calzadas\/","title":{"rendered":"Va San Pedro v\u00eda penal por fallas en registros del Centrito"},"content":{"rendered":"\n<p><kbd>San Pedro Garza Garc\u00eda<\/kbd><\/p>\n\n\n\n<p>Durante un recorrido para verificar las condiciones de la infraestructura soterrada en el Centrito Valle, el Alcalde de San Pedro Garza Garc\u00eda, Mauricio Fern\u00e1ndez Garza, anunci\u00f3 que el Municipio presentar\u00e1 una denuncia penal por las malas condiciones detectadas en esa zona, la Avenida Vasconcelos y las Calzadas.<\/p>\n\n\n\n<p>Fern\u00e1ndez Garza observ\u00f3 diversos registros inundados por la falta de desag\u00fce, as\u00ed como da\u00f1os en instalaciones el\u00e9ctricas, que han provocado afectaciones a los servicios de telecomunicaciones y electricidad de habitantes y comerciantes del Centrito.<\/p>\n\n\n\n<p>\u201cY les voy a decir por qu\u00e9 es esta tragedia, porque si ven, pues, no tienen drenaje y est\u00e1s hablando de 600 registros que se van a tener que arreglar, va a costar una fortuna, y obviamente, pues, vamos a hacer una demanda penal a quien resulte responsable, pero esto es una verdadera locura, c\u00f3mo pudieron pasarse a\u00f1os haciendo una barbaridad\u201d, se\u00f1al\u00f3 el Alcalde.<\/p>\n\n\n\n<p>La Secretar\u00eda de Servicios P\u00fablicos y Mantenimiento de la Ciudad, a trav\u00e9s de la Direcci\u00f3n de Infraestructura El\u00e9ctrica y Comunicaciones, realizar\u00e1 un censo y un diagn\u00f3stico t\u00e9cnico para identificar los puntos da\u00f1ados en la infraestructura soterrada del Centrito, la Avenida Vasconcelos y las Calzadas, para luego determinar el tipo de reparaciones que se requieren.<\/p>\n\n\n\n<p>El titular de la Direcci\u00f3n, Ricardo Sandoval Ortega, explic\u00f3 que los registros soterrados bien ejecutados tienen una vida \u00fatil superior a los 20 a\u00f1os.<\/p>\n\n\n\n<p>\u201cEstamos actualmente haciendo un levantamiento de lo que vienen siendo las obras subterr\u00e1neas, tanto cuesti\u00f3n de telecomunicaciones como de obra civil electromec\u00e1nica de electricidad. Estas instalaciones, pues, tienen menos de tres a\u00f1os, toda la cuesti\u00f3n el\u00e9ctrica o de telecomunicaciones tiene un promedio de vida mayor a 20 a\u00f1os, de acuerdo con los fabricantes.<\/p>\n","protected":false},"excerpt":{"rendered":"<p>San Pedro Garza Garc\u00eda Durante un recorrido para verificar las condiciones de la infraestructura soterrada en el Centrito Valle, el Alcalde de San Pedro Garza Garc\u00eda, Mauricio Fern\u00e1ndez Garza, anunci\u00f3 que el Municipio presentar\u00e1 una denuncia penal por las malas condiciones detectadas en esa zona, la Avenida Vasconcelos y las Calzadas. Fern\u00e1ndez Garza observ\u00f3 diversos [&hellip;]<\/p>\n","protected":false},"author":1,"featured_media":13794,"comment_status":"open","ping_status":"open","sticky":false,"template":"","format":"standard","meta":{"om_disable_all_campaigns":false,"_monsterinsights_skip_tracking":false,"_monsterinsights_sitenote_active":false,"_monsterinsights_sitenote_note":"","_monsterinsights_sitenote_category":0,"footnotes":""},"categories":[15,6],"tags":[],"class_list":["post-13793","post","type-post","status-publish","format-standard","has-post-thumbnail","hentry","category-relevante","category-local"],"aioseo_notices":[],"_links":{"self":[{"href":"https:\/\/digitalreportmx.com\/index.php\/wp-json\/wp\/v2\/posts\/13793","targetHints":{"allow":["GET"]}}],"collection":[{"href":"https:\/\/digitalreportmx.com\/index.php\/wp-json\/wp\/v2\/posts"}],"about":[{"href":"https:\/\/digitalreportmx.com\/index.php\/wp-json\/wp\/v2\/types\/post"}],"author":[{"embeddable":true,"href":"https:\/\/digitalreportmx.com\/index.php\/wp-json\/wp\/v2\/users\/1"}],"replies":[{"embeddable":true,"href":"https:\/\/digitalreportmx.com\/index.php\/wp-json\/wp\/v2\/comments?post=13793"}],"version-history":[{"count":5,"href":"https:\/\/digitalreportmx.com\/index.php\/wp-json\/wp\/v2\/posts\/13793\/revisions"}],"predecessor-version":[{"id":13821,"href":"https:\/\/digitalreportmx.com\/index.php\/wp-json\/wp\/v2\/posts\/13793\/revisions\/13821"}],"wp:featuredmedia":[{"embeddable":true,"href":"https:\/\/digitalreportmx.com\/index.php\/wp-json\/wp\/v2\/media\/13794"}],"wp:attachment":[{"href":"https:\/\/digitalreportmx.com\/index.php\/wp-json\/wp\/v2\/media?parent=13793"}],"wp:term":[{"taxonomy":"category","embeddable":true,"href":"https:\/\/digitalreportmx.com\/index.php\/wp-json\/wp\/v2\/categories?post=13793"},{"taxonomy":"post_tag","embeddable":true,"href":"https:\/\/digitalreportmx.com\/index.php\/wp-json\/wp\/v2\/tags?post=13793"}],"curies":[{"name":"wp","href":"https:\/\/api.w.org\/{rel}","templated":true}]}}