{"id":13802,"date":"2025-05-22T17:20:03","date_gmt":"2025-05-22T23:20:03","guid":{"rendered":"https:\/\/digitalreportmx.com\/?p=13802"},"modified":"2025-05-22T17:20:03","modified_gmt":"2025-05-22T23:20:03","slug":"comparten-foro-con-estudiantes-sobre-hallazgos-de-mariano-escobedo","status":"publish","type":"post","link":"https:\/\/digitalreportmx.com\/index.php\/2025\/05\/22\/comparten-foro-con-estudiantes-sobre-hallazgos-de-mariano-escobedo\/","title":{"rendered":"Comparten foro con estudiantes sobre hallazgos de Mariano Escobedo"},"content":{"rendered":"\n<p><kbd>Escobedo, NL<\/kbd><\/p>\n\n\n\n<p>El municipio de Escobedo contin\u00faa impulsando el arte, la identidad y la memoria hist\u00f3rica en la comunidad como parte de la semana cultural que celebra con el Festival \u201cLas Artes Transforman&#8221;.<\/p>\n\n\n\n<p>Este jueves, dentro del foro \u201cNuevos historiadores y hallazgos entorno al General Mariano Escobedo\u201d, el alcalde Andr\u00e9s Mijes particip\u00f3 en un conversatorio dirigido a alumnos de la Preparatoria 25 &#8220;Eduardo Aguirre Peque\u00f1o&#8221;, de la Universidad Aut\u00f3noma de Nuevo Le\u00f3n (UANL).<\/p>\n\n\n\n<p>En este espacio, los estudiantes redescubrieron la vida y legado del ilustre general.<\/p>\n\n\n\n<p>La charla se realiz\u00f3 en el marco del 123 aniversario luctuoso del General Mariano Escobedo.<\/p>\n\n\n\n<p>Ante los estudiantes, Mijes se\u00f1al\u00f3 que tal y como lo se\u00f1ala la Presidenta Claudia Sheinbaum, la 4T Norte\u00f1a impulsa este tipo de encuentros para fortalecer la identidad del municipio.<\/p>\n\n\n\n<p>\u201cLa 4T Norte\u00f1a reconoce en (Mariano) Escobedo un modelo a seguir, un hombre que vino de abajo, pero que cre\u00eda en la capacidad de Nuevo Le\u00f3n para transformarse y construir un futuro mejor para todos.<\/p>\n\n\n\n<p>\u201cMariano Escobedo es mucho m\u00e1s que un personaje hist\u00f3rico: es una inspiraci\u00f3n para construir un Nuevo Le\u00f3n m\u00e1s justo&#8221;, expres\u00f3 el Edil.<\/p>\n\n\n\n<p>Durante el conversatorio, los historiadores Luis P\u00e9rez, Adri\u00e1n Cruz, Edson Soto, F\u00e1tima Aguill\u00f3n, Diana C\u00e9peda y Fidel Camacho presentaron investigaciones recientes que arrojan una nueva luz sobre diferentes etapas de la vida del General.<\/p>\n\n\n\n<p>Los temas abordados incluyeron el papel estrat\u00e9gico encabezado por el h\u00e9roe nacional en la derrota del Segundo Imperio, su influencia en la vida pol\u00edtica del Pa\u00eds y aspectos poco conocidos de su biograf\u00eda y su vida militar.<\/p>\n\n\n\n<p>La moderaci\u00f3n estuvo a cargo de Jos\u00e9 Antonio Quiroga, Secretario T\u00e9cnico del Gabinete y Coordinador del Consejo Metropolitano de la Cr\u00f3nica, quien destac\u00f3 la riqueza del personaje hist\u00f3rico.<\/p>\n\n\n\n<p>Quiroga tambi\u00e9n subray\u00f3 la importancia de ofrecer nuevas miradas desde la investigaci\u00f3n acad\u00e9mica y el di\u00e1logo comunitario para revalorar figuras hist\u00f3ricas y su papel en la construcci\u00f3n de la identidad regional y nacional.<\/p>\n\n\n\n<p>Quiroga anunci\u00f3 que las contribuciones dadas a conocer se plasmar\u00e1n en un libro que se publicar\u00e1 el pr\u00f3ximo a\u00f1o.<\/p>\n\n\n\n<p>El foro no solo permiti\u00f3 difundir hallazgos relevantes sobre Mariano Escobedo, sino que tambi\u00e9n propici\u00f3 un valioso encuentro entre generaciones, promoviendo el conocimiento hist\u00f3rico como herramienta para fortalecer la identidad.<\/p>\n\n\n\n<p>Con actividades como esta, el Gobierno Municipal reafirma su compromiso con la cultura, la educaci\u00f3n y la memoria hist\u00f3rica.<\/p>\n\n\n\n<p>Adem\u00e1s, el Municipio de Escobedo invita a toda la comunidad a seguir participando en las actividades del festival \u201cLas Artes Transforman\u201d, que contin\u00faa con una agenda diversa de eventos culturales, art\u00edsticos y educativos dise\u00f1ados para todas las edades.<\/p>\n\n\n\n<p>Los detalles de cada actividad pueden consultarse a trav\u00e9s de las redes sociales oficiales del Municipio de Escobedo.<\/p>\n","protected":false},"excerpt":{"rendered":"<p>Escobedo, NL El municipio de Escobedo contin\u00faa impulsando el arte, la identidad y la memoria hist\u00f3rica en la comunidad como parte de la semana cultural que celebra con el Festival \u201cLas Artes Transforman&#8221;. Este jueves, dentro del foro \u201cNuevos historiadores y hallazgos entorno al General Mariano Escobedo\u201d, el alcalde Andr\u00e9s Mijes particip\u00f3 en un conversatorio [&hellip;]<\/p>\n","protected":false},"author":1,"featured_media":13804,"comment_status":"open","ping_status":"open","sticky":false,"template":"","format":"standard","meta":{"om_disable_all_campaigns":false,"_monsterinsights_skip_tracking":false,"_monsterinsights_sitenote_active":false,"_monsterinsights_sitenote_note":"","_monsterinsights_sitenote_category":0,"footnotes":""},"categories":[15,6],"tags":[],"class_list":["post-13802","post","type-post","status-publish","format-standard","has-post-thumbnail","hentry","category-relevante","category-local"],"aioseo_notices":[],"_links":{"self":[{"href":"https:\/\/digitalreportmx.com\/index.php\/wp-json\/wp\/v2\/posts\/13802","targetHints":{"allow":["GET"]}}],"collection":[{"href":"https:\/\/digitalreportmx.com\/index.php\/wp-json\/wp\/v2\/posts"}],"about":[{"href":"https:\/\/digitalreportmx.com\/index.php\/wp-json\/wp\/v2\/types\/post"}],"author":[{"embeddable":true,"href":"https:\/\/digitalreportmx.com\/index.php\/wp-json\/wp\/v2\/users\/1"}],"replies":[{"embeddable":true,"href":"https:\/\/digitalreportmx.com\/index.php\/wp-json\/wp\/v2\/comments?post=13802"}],"version-history":[{"count":1,"href":"https:\/\/digitalreportmx.com\/index.php\/wp-json\/wp\/v2\/posts\/13802\/revisions"}],"predecessor-version":[{"id":13805,"href":"https:\/\/digitalreportmx.com\/index.php\/wp-json\/wp\/v2\/posts\/13802\/revisions\/13805"}],"wp:featuredmedia":[{"embeddable":true,"href":"https:\/\/digitalreportmx.com\/index.php\/wp-json\/wp\/v2\/media\/13804"}],"wp:attachment":[{"href":"https:\/\/digitalreportmx.com\/index.php\/wp-json\/wp\/v2\/media?parent=13802"}],"wp:term":[{"taxonomy":"category","embeddable":true,"href":"https:\/\/digitalreportmx.com\/index.php\/wp-json\/wp\/v2\/categories?post=13802"},{"taxonomy":"post_tag","embeddable":true,"href":"https:\/\/digitalreportmx.com\/index.php\/wp-json\/wp\/v2\/tags?post=13802"}],"curies":[{"name":"wp","href":"https:\/\/api.w.org\/{rel}","templated":true}]}}