{"id":13864,"date":"2025-05-23T15:59:27","date_gmt":"2025-05-23T21:59:27","guid":{"rendered":"https:\/\/digitalreportmx.com\/?p=13864"},"modified":"2025-05-23T15:59:44","modified_gmt":"2025-05-23T21:59:44","slug":"arranca-dif-monterrey-programa-oficialmente-regios","status":"publish","type":"post","link":"https:\/\/digitalreportmx.com\/index.php\/2025\/05\/23\/arranca-dif-monterrey-programa-oficialmente-regios\/","title":{"rendered":"Arranca DIF Monterrey programa \u201cOficialmente Regios\u201d"},"content":{"rendered":"\n<p><kbd>Monterrey<\/kbd><\/p>\n\n\n\n<p>Con la entrega de ocho actas de nacimiento, el DIF Monterrey puso en marcha este jueves el programa Oficialmente Regios, una iniciativa para garantizar el derecho a la identidad de ni\u00f1as, ni\u00f1os, adolescentes y personas adultas mayores del municipio.<\/p>\n\n\n\n<p>El evento fue encabezado por el alcalde Adri\u00e1n de la Garza y su esposa, la presidenta del DIF Gaby Oyervides, acompa\u00f1ados por el Padre Pepe, consejero del Plan 2040 Independencia A.C. y la presidenta de la Comisi\u00f3n Estatal de Derechos Humanos, Olga M\u00e9ndez.<\/p>\n\n\n\n<p>\u201cLo que buscamos es que estemos mejor todas las familias, que tengan acceso a la salud, a la educaci\u00f3n, que nuestras ni\u00f1as y ni\u00f1os que tienen derechos constitucionales nada m\u00e1s por haber nacido aqu\u00ed en M\u00e9xico, tengan acceso a esos derechos\u201d manifest\u00f3 el mun\u00edcipe.<\/p>\n\n\n\n<p>Tambi\u00e9n se present\u00f3 el n\u00famero 8151028622, una l\u00ednea telef\u00f3nica de atenci\u00f3n, disponible las 24 horas del d\u00eda, los siete d\u00edas de la semana, a donde pueden comunicarse personas de cualquier edad que no cuenten con acta de nacimiento y que busquen iniciar el tr\u00e1mite de forma totalmente gratuita.<\/p>\n\n\n\n<p>\u201cVamos a recorrer todo Monterrey para encontrar a ni\u00f1as, ni\u00f1os, adolescentes y personas adultas mayores que no est\u00e9n registradas y que no cuenten con acta de nacimiento\u201d, asegur\u00f3 Gaby Oyervides.<\/p>\n\n\n\n<p>\u201cUn acta de nacimiento no solo es un papel, es una identidad, es seguridad, es un acceso a protecci\u00f3n y a la dignidad. Este programa est\u00e1 abierto a todas las edades y no tiene ning\u00fan costo, contamos con un equipo especializado, capacitado para brindar atenci\u00f3n y acompa\u00f1amiento con calidad y profesionalismo\u201d.<\/p>\n\n\n\n<p>Desde el inicio de la actual administraci\u00f3n se han tramitado m\u00e1s de 100 actas de nacimiento, de las cuales 28 fueron gestionadas a trav\u00e9s de la asociaci\u00f3n civil Plan 2040 Independencia.<\/p>\n\n\n\n<figure class=\"wp-block-image size-large\"><img loading=\"lazy\" decoding=\"async\" width=\"1024\" height=\"682\" src=\"https:\/\/digitalreportmx.com\/wp-content\/uploads\/2025\/05\/IMG-20250522-WA0235-1024x682.jpg\" alt=\"\" class=\"wp-image-13866\" srcset=\"https:\/\/digitalreportmx.com\/wp-content\/uploads\/2025\/05\/IMG-20250522-WA0235-1024x682.jpg 1024w, https:\/\/digitalreportmx.com\/wp-content\/uploads\/2025\/05\/IMG-20250522-WA0235-300x200.jpg 300w, https:\/\/digitalreportmx.com\/wp-content\/uploads\/2025\/05\/IMG-20250522-WA0235-768x512.jpg 768w, https:\/\/digitalreportmx.com\/wp-content\/uploads\/2025\/05\/IMG-20250522-WA0235-1536x1023.jpg 1536w, https:\/\/digitalreportmx.com\/wp-content\/uploads\/2025\/05\/IMG-20250522-WA0235.jpg 1600w\" sizes=\"auto, (max-width: 1024px) 100vw, 1024px\" \/><\/figure>\n\n\n\n<p>La entrega de estos documentos representa una acci\u00f3n clave dentro del programa Oficialmente Regios, que reafirma el compromiso de Monterrey para brindar a la ni\u00f1ez regiomontana un acceso pleno a su derecho a la identidad.<\/p>\n\n\n\n<p>En el evento estuvieron Ivonne \u00c1lvarez, directora general del DIF, as\u00ed como las diputadas locales Lorena de la Garza. Cecy Robledo, Perla Villarreal y Armida Serrato.<\/p>\n\n\n\n<p>Tambi\u00e9n acudieron funcionarios de la administraci\u00f3n, regidoras de la Comisi\u00f3n de Desarrollo de la Ni\u00f1ez del Cabildo Regio y decenas de invitados especiales.<\/p>\n","protected":false},"excerpt":{"rendered":"<p>Monterrey Con la entrega de ocho actas de nacimiento, el DIF Monterrey puso en marcha este jueves el programa Oficialmente Regios, una iniciativa para garantizar el derecho a la identidad de ni\u00f1as, ni\u00f1os, adolescentes y personas adultas mayores del municipio. El evento fue encabezado por el alcalde Adri\u00e1n de la Garza y su esposa, la [&hellip;]<\/p>\n","protected":false},"author":1,"featured_media":13865,"comment_status":"open","ping_status":"open","sticky":false,"template":"","format":"standard","meta":{"om_disable_all_campaigns":false,"_monsterinsights_skip_tracking":false,"_monsterinsights_sitenote_active":false,"_monsterinsights_sitenote_note":"","_monsterinsights_sitenote_category":0,"footnotes":""},"categories":[16,13],"tags":[],"class_list":["post-13864","post","type-post","status-publish","format-standard","has-post-thumbnail","hentry","category-relevante-2","category-reporte-local"],"aioseo_notices":[],"_links":{"self":[{"href":"https:\/\/digitalreportmx.com\/index.php\/wp-json\/wp\/v2\/posts\/13864","targetHints":{"allow":["GET"]}}],"collection":[{"href":"https:\/\/digitalreportmx.com\/index.php\/wp-json\/wp\/v2\/posts"}],"about":[{"href":"https:\/\/digitalreportmx.com\/index.php\/wp-json\/wp\/v2\/types\/post"}],"author":[{"embeddable":true,"href":"https:\/\/digitalreportmx.com\/index.php\/wp-json\/wp\/v2\/users\/1"}],"replies":[{"embeddable":true,"href":"https:\/\/digitalreportmx.com\/index.php\/wp-json\/wp\/v2\/comments?post=13864"}],"version-history":[{"count":1,"href":"https:\/\/digitalreportmx.com\/index.php\/wp-json\/wp\/v2\/posts\/13864\/revisions"}],"predecessor-version":[{"id":13867,"href":"https:\/\/digitalreportmx.com\/index.php\/wp-json\/wp\/v2\/posts\/13864\/revisions\/13867"}],"wp:featuredmedia":[{"embeddable":true,"href":"https:\/\/digitalreportmx.com\/index.php\/wp-json\/wp\/v2\/media\/13865"}],"wp:attachment":[{"href":"https:\/\/digitalreportmx.com\/index.php\/wp-json\/wp\/v2\/media?parent=13864"}],"wp:term":[{"taxonomy":"category","embeddable":true,"href":"https:\/\/digitalreportmx.com\/index.php\/wp-json\/wp\/v2\/categories?post=13864"},{"taxonomy":"post_tag","embeddable":true,"href":"https:\/\/digitalreportmx.com\/index.php\/wp-json\/wp\/v2\/tags?post=13864"}],"curies":[{"name":"wp","href":"https:\/\/api.w.org\/{rel}","templated":true}]}}