{"id":13983,"date":"2025-05-25T14:12:32","date_gmt":"2025-05-25T20:12:32","guid":{"rendered":"https:\/\/digitalreportmx.com\/?p=13983"},"modified":"2025-05-25T14:12:36","modified_gmt":"2025-05-25T20:12:36","slug":"pide-cedhnl-revisar-construccion-de-estaciones-del-metro","status":"publish","type":"post","link":"https:\/\/digitalreportmx.com\/index.php\/2025\/05\/25\/pide-cedhnl-revisar-construccion-de-estaciones-del-metro\/","title":{"rendered":"Pide CEDHNL revisar construcci\u00f3n de estaciones del Metro"},"content":{"rendered":"\n<p><kbd>Monterrey<\/kbd><\/p>\n\n\n\n<p>La Comisi\u00f3n Estatal de Derechos Humanos del Estado de Nuevo Le\u00f3n, solicit\u00f3 un informe preliminar al Director General del Sistema de Transporte Colectivo Metrorrey, Abraham Vargas Molina, luego del colapso de una de las estructuras de varillas que forman parte de la construcci\u00f3n de la nueva L\u00ednea 6 del Metro sobre la avenida Miguel Alem\u00e1n, en Apodaca.<br>Susana M\u00e9ndez Arellano, titular del Organismo P\u00fablico Aut\u00f3nomo fue en\u00e9rgica al expresar que no es la primera vez que sucede algo similar por lo que urgi\u00f3 a las autoridades a tomar las medidas necesarias y girar instrucciones a las empresas constructoras para que adopten las medidas de seguridad necesarias para evitar que una estructura de esas dimensiones vuelva a caer.<br>\u201cTras el accidente dado a conocer en los medios de comunicaci\u00f3n, aperturamos una queja de oficio y solicitamos que se realice una inspecci\u00f3n exhaustiva en todos los puntos de construcci\u00f3n para salvaguardar la integridad f\u00edsica de las personas trabajadoras y de quienes transitan por el lugar para evitar una tragedia de mayores consecuencias, sobre todo que se supervise la aplicaci\u00f3n de las medidas de seguridad necesarias\u201d, puntualiz\u00f3 M\u00e9ndez Arellano.<\/p>\n\n\n\n<figure class=\"wp-block-image size-large\"><img loading=\"lazy\" decoding=\"async\" width=\"683\" height=\"1024\" src=\"https:\/\/digitalreportmx.com\/wp-content\/uploads\/2025\/05\/IMG-20250525-WA0118-683x1024.jpg\" alt=\"\" class=\"wp-image-13985\" srcset=\"https:\/\/digitalreportmx.com\/wp-content\/uploads\/2025\/05\/IMG-20250525-WA0118-683x1024.jpg 683w, https:\/\/digitalreportmx.com\/wp-content\/uploads\/2025\/05\/IMG-20250525-WA0118-200x300.jpg 200w, https:\/\/digitalreportmx.com\/wp-content\/uploads\/2025\/05\/IMG-20250525-WA0118-768x1152.jpg 768w, https:\/\/digitalreportmx.com\/wp-content\/uploads\/2025\/05\/IMG-20250525-WA0118-1024x1536.jpg 1024w, https:\/\/digitalreportmx.com\/wp-content\/uploads\/2025\/05\/IMG-20250525-WA0118-1366x2048.jpg 1366w, https:\/\/digitalreportmx.com\/wp-content\/uploads\/2025\/05\/IMG-20250525-WA0118-scaled.jpg 1707w\" sizes=\"auto, (max-width: 683px) 100vw, 683px\" \/><\/figure>\n\n\n\n<p><br>La CEDHNL se encuentra atenta a la respuesta del Sistema de Transporte Colectivo Metrorrey sobre dicho informe preliminar de los hechos, as\u00ed como de las medidas adoptadas para atender de manera inmediata dicha problem\u00e1tica,<br>Cabe mencionar que, seg\u00fan informes period\u00edsticos en mayo del a\u00f1o 2024 tambi\u00e9n tuvo lugar el colapso de una columna de este tipo con un peso de 17 toneladas, la cual cay\u00f3 sobre la carpeta asf\u00e1ltica en la obra de construcci\u00f3n de la L\u00ednea 6 del Metro, en la avenida Prolongaci\u00f3n Madero Oriente, cerca de la \u201cY Griega&#8221;. Mientras que en abril de ese mismo a\u00f1o una estructura de varilla se dobl\u00f3 quedando en un \u00e1ngulo de 85 grados, por lo que realizaron labores de reforzamiento para evitar el desplome.<\/p>\n\n\n\n<figure class=\"wp-block-video\"><video controls src=\"https:\/\/digitalreportmx.com\/wp-content\/uploads\/2025\/05\/VID-20250525-WA0120.mp4\"><\/video><\/figure>\n","protected":false},"excerpt":{"rendered":"<p>Monterrey La Comisi\u00f3n Estatal de Derechos Humanos del Estado de Nuevo Le\u00f3n, solicit\u00f3 un informe preliminar al Director General del Sistema de Transporte Colectivo Metrorrey, Abraham Vargas Molina, luego del colapso de una de las estructuras de varillas que forman parte de la construcci\u00f3n de la nueva L\u00ednea 6 del Metro sobre la avenida Miguel [&hellip;]<\/p>\n","protected":false},"author":1,"featured_media":13984,"comment_status":"open","ping_status":"open","sticky":false,"template":"","format":"standard","meta":{"om_disable_all_campaigns":false,"_monsterinsights_skip_tracking":false,"_monsterinsights_sitenote_active":false,"_monsterinsights_sitenote_note":"","_monsterinsights_sitenote_category":0,"footnotes":""},"categories":[16,13],"tags":[],"class_list":["post-13983","post","type-post","status-publish","format-standard","has-post-thumbnail","hentry","category-relevante-2","category-reporte-local"],"aioseo_notices":[],"_links":{"self":[{"href":"https:\/\/digitalreportmx.com\/index.php\/wp-json\/wp\/v2\/posts\/13983","targetHints":{"allow":["GET"]}}],"collection":[{"href":"https:\/\/digitalreportmx.com\/index.php\/wp-json\/wp\/v2\/posts"}],"about":[{"href":"https:\/\/digitalreportmx.com\/index.php\/wp-json\/wp\/v2\/types\/post"}],"author":[{"embeddable":true,"href":"https:\/\/digitalreportmx.com\/index.php\/wp-json\/wp\/v2\/users\/1"}],"replies":[{"embeddable":true,"href":"https:\/\/digitalreportmx.com\/index.php\/wp-json\/wp\/v2\/comments?post=13983"}],"version-history":[{"count":1,"href":"https:\/\/digitalreportmx.com\/index.php\/wp-json\/wp\/v2\/posts\/13983\/revisions"}],"predecessor-version":[{"id":13987,"href":"https:\/\/digitalreportmx.com\/index.php\/wp-json\/wp\/v2\/posts\/13983\/revisions\/13987"}],"wp:featuredmedia":[{"embeddable":true,"href":"https:\/\/digitalreportmx.com\/index.php\/wp-json\/wp\/v2\/media\/13984"}],"wp:attachment":[{"href":"https:\/\/digitalreportmx.com\/index.php\/wp-json\/wp\/v2\/media?parent=13983"}],"wp:term":[{"taxonomy":"category","embeddable":true,"href":"https:\/\/digitalreportmx.com\/index.php\/wp-json\/wp\/v2\/categories?post=13983"},{"taxonomy":"post_tag","embeddable":true,"href":"https:\/\/digitalreportmx.com\/index.php\/wp-json\/wp\/v2\/tags?post=13983"}],"curies":[{"name":"wp","href":"https:\/\/api.w.org\/{rel}","templated":true}]}}