{"id":14026,"date":"2025-05-26T14:31:06","date_gmt":"2025-05-26T20:31:06","guid":{"rendered":"https:\/\/digitalreportmx.com\/?p=14026"},"modified":"2025-05-26T14:31:29","modified_gmt":"2025-05-26T20:31:29","slug":"rinde-santa-catarina-homenaje-a-agente-vial-fallecida","status":"publish","type":"post","link":"https:\/\/digitalreportmx.com\/index.php\/2025\/05\/26\/rinde-santa-catarina-homenaje-a-agente-vial-fallecida\/","title":{"rendered":"Rinde Santa Catarina homenaje a agente vial fallecida"},"content":{"rendered":"\n<p><kbd>Santa Catarina <\/kbd><\/p>\n\n\n\n<p>El Gobierno de Santa Catarina, encabezado por el Alcalde Jes\u00fas Nava Rivera, rindi\u00f3 este lunes una guardia de honor en memoria de la agente vial Sandra Guadalupe Contreras Morales, quien perdi\u00f3 la vida en el cumplimiento de su deber en la madrugada del pasado s\u00e1bado, y entregar\u00e1 una indemnizaci\u00f3n a su familia.<\/p>\n\n\n\n<p>Durante la ceremonia de cuerpo presente, que se realiz\u00f3 en la explanada de la Torre Administrativa, el Edil destac\u00f3 la vocaci\u00f3n de servicio y calidez humana de Sandra Contreras, quien ingres\u00f3 a la corporaci\u00f3n en septiembre del 2022.<\/p>\n\n\n\n<p>&#8220;Fue una servidora p\u00fablica comprometida con su trabajo que siempre mostr\u00f3 una calidez humana, pues incluso ciudadanos me hicieron del conocimiento la gran atenci\u00f3n que brindaba al cumplir con sus funciones, siempre mostrando disponibilidad para apoyar.&#8221; expres\u00f3.<\/p>\n\n\n\n<p>Nava Rivera ofreci\u00f3 su m\u00e1s sentido p\u00e9same a la familia de la agente y reiter\u00f3 el compromiso del Gobierno Municipal de acompa\u00f1arlos en este dif\u00edcil momento.<\/p>\n\n\n\n<p>Asimismo, como parte del apoyo, el Municipio entregar\u00e1 una indemnizaci\u00f3n de 2.5 millones de pesos a sus deudos, agreg\u00f3 Jos\u00e9 Mar\u00eda Ram\u00edrez Reyes, secretario de Seguridad P\u00fablica y Vialidad.<\/p>\n\n\n\n<p>Durante el pase de lista, el nombre de Sandra Contreras reson\u00f3 con fuerza entre sus compa\u00f1eros y mandos de la corporaci\u00f3n, seguido por el solemne toque de silencio a cargo de la banda de guerra, como \u00faltimo adi\u00f3s a su memoria.<\/p>\n\n\n\n<figure class=\"wp-block-image size-large\"><img loading=\"lazy\" decoding=\"async\" width=\"1024\" height=\"576\" src=\"https:\/\/digitalreportmx.com\/wp-content\/uploads\/2025\/05\/IMG-20250526-WA0070-1024x576.jpg\" alt=\"\" class=\"wp-image-14028\" srcset=\"https:\/\/digitalreportmx.com\/wp-content\/uploads\/2025\/05\/IMG-20250526-WA0070-1024x576.jpg 1024w, https:\/\/digitalreportmx.com\/wp-content\/uploads\/2025\/05\/IMG-20250526-WA0070-300x169.jpg 300w, https:\/\/digitalreportmx.com\/wp-content\/uploads\/2025\/05\/IMG-20250526-WA0070-768x432.jpg 768w, https:\/\/digitalreportmx.com\/wp-content\/uploads\/2025\/05\/IMG-20250526-WA0070-1536x864.jpg 1536w, https:\/\/digitalreportmx.com\/wp-content\/uploads\/2025\/05\/IMG-20250526-WA0070.jpg 1600w\" sizes=\"auto, (max-width: 1024px) 100vw, 1024px\" \/><\/figure>\n\n\n\n<p>El Edil entreg\u00f3, durante la ceremonia, al esposo e hijos de la oficial fallecida la bandera mexicana como reconocimiento por el servicio y cumplimiento en su deber.<\/p>\n\n\n\n<p>En la guardia de honor, se congregaron familiares, amigos, compa\u00f1eros y compa\u00f1eras de la Secretar\u00eda de Seguridad P\u00fablica y Vialidad, as\u00ed como integrantes del Gabinete Municipal y del Cabildo.<\/p>\n\n\n\n<p>Tambi\u00e9n estuvieron titulares de las secretar\u00edas de Seguridad P\u00fablica y Vialidad de los municipios de Monterrey, San Pedro y Escobedo y representantes estatales en materia de seguridad.<\/p>\n\n\n\n<figure class=\"wp-block-video\"><video controls src=\"https:\/\/digitalreportmx.com\/wp-content\/uploads\/2025\/05\/WhatsApp-Video-2025-05-26-at-12.35.01-PM.mp4\"><\/video><\/figure>\n","protected":false},"excerpt":{"rendered":"<p>Santa Catarina El Gobierno de Santa Catarina, encabezado por el Alcalde Jes\u00fas Nava Rivera, rindi\u00f3 este lunes una guardia de honor en memoria de la agente vial Sandra Guadalupe Contreras Morales, quien perdi\u00f3 la vida en el cumplimiento de su deber en la madrugada del pasado s\u00e1bado, y entregar\u00e1 una indemnizaci\u00f3n a su familia. Durante [&hellip;]<\/p>\n","protected":false},"author":1,"featured_media":14027,"comment_status":"open","ping_status":"open","sticky":false,"template":"","format":"standard","meta":{"om_disable_all_campaigns":false,"_monsterinsights_skip_tracking":false,"_monsterinsights_sitenote_active":false,"_monsterinsights_sitenote_note":"","_monsterinsights_sitenote_category":0,"footnotes":""},"categories":[16,13],"tags":[],"class_list":["post-14026","post","type-post","status-publish","format-standard","has-post-thumbnail","hentry","category-relevante-2","category-reporte-local"],"aioseo_notices":[],"_links":{"self":[{"href":"https:\/\/digitalreportmx.com\/index.php\/wp-json\/wp\/v2\/posts\/14026","targetHints":{"allow":["GET"]}}],"collection":[{"href":"https:\/\/digitalreportmx.com\/index.php\/wp-json\/wp\/v2\/posts"}],"about":[{"href":"https:\/\/digitalreportmx.com\/index.php\/wp-json\/wp\/v2\/types\/post"}],"author":[{"embeddable":true,"href":"https:\/\/digitalreportmx.com\/index.php\/wp-json\/wp\/v2\/users\/1"}],"replies":[{"embeddable":true,"href":"https:\/\/digitalreportmx.com\/index.php\/wp-json\/wp\/v2\/comments?post=14026"}],"version-history":[{"count":1,"href":"https:\/\/digitalreportmx.com\/index.php\/wp-json\/wp\/v2\/posts\/14026\/revisions"}],"predecessor-version":[{"id":14030,"href":"https:\/\/digitalreportmx.com\/index.php\/wp-json\/wp\/v2\/posts\/14026\/revisions\/14030"}],"wp:featuredmedia":[{"embeddable":true,"href":"https:\/\/digitalreportmx.com\/index.php\/wp-json\/wp\/v2\/media\/14027"}],"wp:attachment":[{"href":"https:\/\/digitalreportmx.com\/index.php\/wp-json\/wp\/v2\/media?parent=14026"}],"wp:term":[{"taxonomy":"category","embeddable":true,"href":"https:\/\/digitalreportmx.com\/index.php\/wp-json\/wp\/v2\/categories?post=14026"},{"taxonomy":"post_tag","embeddable":true,"href":"https:\/\/digitalreportmx.com\/index.php\/wp-json\/wp\/v2\/tags?post=14026"}],"curies":[{"name":"wp","href":"https:\/\/api.w.org\/{rel}","templated":true}]}}