{"id":14328,"date":"2025-05-30T16:12:42","date_gmt":"2025-05-30T22:12:42","guid":{"rendered":"https:\/\/digitalreportmx.com\/?p=14328"},"modified":"2025-05-30T16:44:06","modified_gmt":"2025-05-30T22:44:06","slug":"armaran-circuito-bicicletero-mty-sp","status":"publish","type":"post","link":"https:\/\/digitalreportmx.com\/index.php\/2025\/05\/30\/armaran-circuito-bicicletero-mty-sp\/","title":{"rendered":"Armar\u00e1n  circuito bicicletero Monterrey-San Pedro"},"content":{"rendered":"\n<p><kbd>Monterrey, NL<\/kbd><\/p>\n\n\n\n<p>Los Municipios de Monterrey y San Pedro Garza Garc\u00eda invitan a la comunidad a celebrar juntos, este pr\u00f3ximo domingo, el D\u00eda Mundial de la Bicicleta, con una actividad deportiva y recreativa que une a ambas ciudades.<\/p>\n\n\n\n<p>Este domingo 1 de junio, los tradicionales espacios recreativos de San Pedro de Pinta y V\u00eda Deportiva Monterrey se conectar\u00e1n en un gran circuito de 32 kil\u00f3metros que ir\u00e1 desde la Rotonda de las Calzadas, en San Pedro, al Parque Espa\u00f1a, en Monterrey.<\/p>\n\n\n\n<p>La jornada se llevar\u00e1 a cabo de 6:30 a 10:30 horas y estar\u00e1 abierta a toda la ciudadan\u00eda que desee rodar, correr o simplemente caminar, en un ambiente 100 por ciento familiar, seguro e incluyente.<\/p>\n\n\n\n<p>Ambos municipios extienden esta invitaci\u00f3n para promover el uso de la bicicleta, la movilidad activa y el disfrute del espacio p\u00fablico como herramientas para fortalecer la salud, la convivencia y el amor por nuestras ciudades.<\/p>\n\n\n\n<p>La ruta, a lo largo de la Calzada San Pedro y las avenidas Morones Prieto y Constituci\u00f3n, est\u00e1 se\u00f1alizada y contar\u00e1 con la supervisi\u00f3n de autoridades de las \u00e1reas de Movilidad y Vialidad de los dos municipios.<\/p>\n\n\n\n<p>Vive tu ciudad y \u00fanete a esta celebraci\u00f3n que conecta a San Pedro y Monterrey a trav\u00e9s del deporte y la comunidad.<\/p>\n","protected":false},"excerpt":{"rendered":"<p>Monterrey, NL Los Municipios de Monterrey y San Pedro Garza Garc\u00eda invitan a la comunidad a celebrar juntos, este pr\u00f3ximo domingo, el D\u00eda Mundial de la Bicicleta, con una actividad deportiva y recreativa que une a ambas ciudades. Este domingo 1 de junio, los tradicionales espacios recreativos de San Pedro de Pinta y V\u00eda Deportiva [&hellip;]<\/p>\n","protected":false},"author":1,"featured_media":14329,"comment_status":"open","ping_status":"open","sticky":false,"template":"","format":"standard","meta":{"om_disable_all_campaigns":false,"_monsterinsights_skip_tracking":false,"_monsterinsights_sitenote_active":false,"_monsterinsights_sitenote_note":"","_monsterinsights_sitenote_category":0,"footnotes":""},"categories":[1],"tags":[],"class_list":["post-14328","post","type-post","status-publish","format-standard","has-post-thumbnail","hentry","category-blog"],"aioseo_notices":[],"_links":{"self":[{"href":"https:\/\/digitalreportmx.com\/index.php\/wp-json\/wp\/v2\/posts\/14328","targetHints":{"allow":["GET"]}}],"collection":[{"href":"https:\/\/digitalreportmx.com\/index.php\/wp-json\/wp\/v2\/posts"}],"about":[{"href":"https:\/\/digitalreportmx.com\/index.php\/wp-json\/wp\/v2\/types\/post"}],"author":[{"embeddable":true,"href":"https:\/\/digitalreportmx.com\/index.php\/wp-json\/wp\/v2\/users\/1"}],"replies":[{"embeddable":true,"href":"https:\/\/digitalreportmx.com\/index.php\/wp-json\/wp\/v2\/comments?post=14328"}],"version-history":[{"count":3,"href":"https:\/\/digitalreportmx.com\/index.php\/wp-json\/wp\/v2\/posts\/14328\/revisions"}],"predecessor-version":[{"id":14346,"href":"https:\/\/digitalreportmx.com\/index.php\/wp-json\/wp\/v2\/posts\/14328\/revisions\/14346"}],"wp:featuredmedia":[{"embeddable":true,"href":"https:\/\/digitalreportmx.com\/index.php\/wp-json\/wp\/v2\/media\/14329"}],"wp:attachment":[{"href":"https:\/\/digitalreportmx.com\/index.php\/wp-json\/wp\/v2\/media?parent=14328"}],"wp:term":[{"taxonomy":"category","embeddable":true,"href":"https:\/\/digitalreportmx.com\/index.php\/wp-json\/wp\/v2\/categories?post=14328"},{"taxonomy":"post_tag","embeddable":true,"href":"https:\/\/digitalreportmx.com\/index.php\/wp-json\/wp\/v2\/tags?post=14328"}],"curies":[{"name":"wp","href":"https:\/\/api.w.org\/{rel}","templated":true}]}}