{"id":14390,"date":"2025-05-31T19:17:31","date_gmt":"2025-06-01T01:17:31","guid":{"rendered":"https:\/\/digitalreportmx.com\/?p=14390"},"modified":"2025-05-31T21:23:57","modified_gmt":"2025-06-01T03:23:57","slug":"14390","status":"publish","type":"post","link":"https:\/\/digitalreportmx.com\/index.php\/2025\/05\/31\/14390\/","title":{"rendered":"Captan a \u00c1lvarez M\u00e1ynez todo happy en Monterrey"},"content":{"rendered":"\n<p><kbd>Guadalupe<\/kbd><\/p>\n\n\n\n<p>El ex candidato presidencial,<strong>&nbsp;Jorge \u00c1lvarez M\u00e1ynez<\/strong>, anduvo todo happy en Monterrey.<\/p>\n\n\n\n<p>El actual dirigente nacional de Movimiento Ciudadano fue captado disfrutando de la presentaci\u00f3n de Car\u00edn Le\u00f3n anoche en el Domo Care de la.Expo Guadalupe.<\/p>\n\n\n\n<p>Al emecista se le ve apenas se pie de un lado para otro  acompa\u00f1ado de Mike Flores, coordinador de MC en el Congreso del Estado, y de Ra\u00fal Lozano.<\/p>\n\n\n\n<figure class=\"wp-block-video\"><video controls src=\"https:\/\/digitalreportmx.com\/wp-content\/uploads\/2025\/05\/1000086633.mp4\"><\/video><\/figure>\n\n\n\n<p>Un video que se hizo viral se observa al dirigente nacional naranja tambaleando y apenas se alcanza a balbucear la canci\u00f3n de Car\u00edn y se le ve tomando presuntamente bebidas embriagantes.<\/p>\n\n\n\n<figure class=\"wp-block-image size-full\"><img loading=\"lazy\" decoding=\"async\" width=\"408\" height=\"707\" src=\"https:\/\/digitalreportmx.com\/wp-content\/uploads\/2025\/05\/IMG-20250531-WA0130.jpg\" alt=\"\" class=\"wp-image-14404\" srcset=\"https:\/\/digitalreportmx.com\/wp-content\/uploads\/2025\/05\/IMG-20250531-WA0130.jpg 408w, https:\/\/digitalreportmx.com\/wp-content\/uploads\/2025\/05\/IMG-20250531-WA0130-173x300.jpg 173w\" sizes=\"auto, (max-width: 408px) 100vw, 408px\" \/><\/figure>\n","protected":false},"excerpt":{"rendered":"<p>Guadalupe El ex candidato presidencial,&nbsp;Jorge \u00c1lvarez M\u00e1ynez, anduvo todo happy en Monterrey. El actual dirigente nacional de Movimiento Ciudadano fue captado disfrutando de la presentaci\u00f3n de Car\u00edn Le\u00f3n anoche en el Domo Care de la.Expo Guadalupe. Al emecista se le ve apenas se pie de un lado para otro acompa\u00f1ado de Mike Flores, coordinador de [&hellip;]<\/p>\n","protected":false},"author":1,"featured_media":14401,"comment_status":"open","ping_status":"open","sticky":false,"template":"","format":"standard","meta":{"om_disable_all_campaigns":false,"_monsterinsights_skip_tracking":false,"_monsterinsights_sitenote_active":false,"_monsterinsights_sitenote_note":"","_monsterinsights_sitenote_category":0,"footnotes":""},"categories":[16,13],"tags":[],"class_list":["post-14390","post","type-post","status-publish","format-standard","has-post-thumbnail","hentry","category-relevante-2","category-reporte-local"],"aioseo_notices":[],"_links":{"self":[{"href":"https:\/\/digitalreportmx.com\/index.php\/wp-json\/wp\/v2\/posts\/14390","targetHints":{"allow":["GET"]}}],"collection":[{"href":"https:\/\/digitalreportmx.com\/index.php\/wp-json\/wp\/v2\/posts"}],"about":[{"href":"https:\/\/digitalreportmx.com\/index.php\/wp-json\/wp\/v2\/types\/post"}],"author":[{"embeddable":true,"href":"https:\/\/digitalreportmx.com\/index.php\/wp-json\/wp\/v2\/users\/1"}],"replies":[{"embeddable":true,"href":"https:\/\/digitalreportmx.com\/index.php\/wp-json\/wp\/v2\/comments?post=14390"}],"version-history":[{"count":9,"href":"https:\/\/digitalreportmx.com\/index.php\/wp-json\/wp\/v2\/posts\/14390\/revisions"}],"predecessor-version":[{"id":14416,"href":"https:\/\/digitalreportmx.com\/index.php\/wp-json\/wp\/v2\/posts\/14390\/revisions\/14416"}],"wp:featuredmedia":[{"embeddable":true,"href":"https:\/\/digitalreportmx.com\/index.php\/wp-json\/wp\/v2\/media\/14401"}],"wp:attachment":[{"href":"https:\/\/digitalreportmx.com\/index.php\/wp-json\/wp\/v2\/media?parent=14390"}],"wp:term":[{"taxonomy":"category","embeddable":true,"href":"https:\/\/digitalreportmx.com\/index.php\/wp-json\/wp\/v2\/categories?post=14390"},{"taxonomy":"post_tag","embeddable":true,"href":"https:\/\/digitalreportmx.com\/index.php\/wp-json\/wp\/v2\/tags?post=14390"}],"curies":[{"name":"wp","href":"https:\/\/api.w.org\/{rel}","templated":true}]}}