{"id":14418,"date":"2025-06-01T14:34:40","date_gmt":"2025-06-01T20:34:40","guid":{"rendered":"https:\/\/digitalreportmx.com\/?p=14418"},"modified":"2025-06-01T14:34:43","modified_gmt":"2025-06-01T20:34:43","slug":"vota-jesus-nava-en-eleccion-judicial-en-nl","status":"publish","type":"post","link":"https:\/\/digitalreportmx.com\/index.php\/2025\/06\/01\/vota-jesus-nava-en-eleccion-judicial-en-nl\/","title":{"rendered":"Vota Jes\u00fas Nava en elecci\u00f3n judicial en NL"},"content":{"rendered":"\n<p><kbd>Santa Catarina <\/kbd><\/p>\n\n\n\n<p>El Alcalde de Santa Catarina, Jes\u00fas Nava Rivera acudi\u00f3 este domingo a ejercer su voto en las elecciones judiciales.<\/p>\n\n\n\n<p>El Mun\u00edcipe lleg\u00f3 a las 8:20 horas acompa\u00f1ado de su esposa Paola Garc\u00eda Yves y de sus padres y hermanos a la casilla, ubicada en las instalaciones del Colegio Pellicer, para participar en el proceso de elegir a jueces, ministros y magistrados del Poder Judicial.<\/p>\n\n\n\n<p>\u201cSin justicia no hay libertad. Hoy particip\u00e9 en un momento hist\u00f3rico: elegir a quienes impartir\u00e1n justicia en M\u00e9xico. Que su compromiso sea con el pueblo y la Constituci\u00f3n\u201d, expres\u00f3 el Edil, tras emitir su voto alrededor de las 9:00 horas.<\/p>\n\n\n\n<p>El Mun\u00edcipe agreg\u00f3 que hizo un an\u00e1lisis de los candidatos para poder emitir su voto en estas elecciones judiciales.<\/p>\n\n\n\n<figure class=\"wp-block-image size-large\"><img loading=\"lazy\" decoding=\"async\" width=\"1024\" height=\"929\" src=\"https:\/\/digitalreportmx.com\/wp-content\/uploads\/2025\/06\/IMG-20250601-WA0056-1024x929.jpg\" alt=\"\" class=\"wp-image-14421\" srcset=\"https:\/\/digitalreportmx.com\/wp-content\/uploads\/2025\/06\/IMG-20250601-WA0056-1024x929.jpg 1024w, https:\/\/digitalreportmx.com\/wp-content\/uploads\/2025\/06\/IMG-20250601-WA0056-300x272.jpg 300w, https:\/\/digitalreportmx.com\/wp-content\/uploads\/2025\/06\/IMG-20250601-WA0056-768x697.jpg 768w, https:\/\/digitalreportmx.com\/wp-content\/uploads\/2025\/06\/IMG-20250601-WA0056.jpg 1132w\" sizes=\"auto, (max-width: 1024px) 100vw, 1024px\" \/><\/figure>\n","protected":false},"excerpt":{"rendered":"<p>Santa Catarina El Alcalde de Santa Catarina, Jes\u00fas Nava Rivera acudi\u00f3 este domingo a ejercer su voto en las elecciones judiciales. El Mun\u00edcipe lleg\u00f3 a las 8:20 horas acompa\u00f1ado de su esposa Paola Garc\u00eda Yves y de sus padres y hermanos a la casilla, ubicada en las instalaciones del Colegio Pellicer, para participar en el [&hellip;]<\/p>\n","protected":false},"author":1,"featured_media":14419,"comment_status":"open","ping_status":"open","sticky":false,"template":"","format":"standard","meta":{"om_disable_all_campaigns":false,"_monsterinsights_skip_tracking":false,"_monsterinsights_sitenote_active":false,"_monsterinsights_sitenote_note":"","_monsterinsights_sitenote_category":0,"footnotes":""},"categories":[16,13],"tags":[],"class_list":["post-14418","post","type-post","status-publish","format-standard","has-post-thumbnail","hentry","category-relevante-2","category-reporte-local"],"aioseo_notices":[],"_links":{"self":[{"href":"https:\/\/digitalreportmx.com\/index.php\/wp-json\/wp\/v2\/posts\/14418","targetHints":{"allow":["GET"]}}],"collection":[{"href":"https:\/\/digitalreportmx.com\/index.php\/wp-json\/wp\/v2\/posts"}],"about":[{"href":"https:\/\/digitalreportmx.com\/index.php\/wp-json\/wp\/v2\/types\/post"}],"author":[{"embeddable":true,"href":"https:\/\/digitalreportmx.com\/index.php\/wp-json\/wp\/v2\/users\/1"}],"replies":[{"embeddable":true,"href":"https:\/\/digitalreportmx.com\/index.php\/wp-json\/wp\/v2\/comments?post=14418"}],"version-history":[{"count":1,"href":"https:\/\/digitalreportmx.com\/index.php\/wp-json\/wp\/v2\/posts\/14418\/revisions"}],"predecessor-version":[{"id":14422,"href":"https:\/\/digitalreportmx.com\/index.php\/wp-json\/wp\/v2\/posts\/14418\/revisions\/14422"}],"wp:featuredmedia":[{"embeddable":true,"href":"https:\/\/digitalreportmx.com\/index.php\/wp-json\/wp\/v2\/media\/14419"}],"wp:attachment":[{"href":"https:\/\/digitalreportmx.com\/index.php\/wp-json\/wp\/v2\/media?parent=14418"}],"wp:term":[{"taxonomy":"category","embeddable":true,"href":"https:\/\/digitalreportmx.com\/index.php\/wp-json\/wp\/v2\/categories?post=14418"},{"taxonomy":"post_tag","embeddable":true,"href":"https:\/\/digitalreportmx.com\/index.php\/wp-json\/wp\/v2\/tags?post=14418"}],"curies":[{"name":"wp","href":"https:\/\/api.w.org\/{rel}","templated":true}]}}