{"id":14815,"date":"2025-06-07T13:43:56","date_gmt":"2025-06-07T19:43:56","guid":{"rendered":"https:\/\/digitalreportmx.com\/?p=14815"},"modified":"2025-06-07T13:43:59","modified_gmt":"2025-06-07T19:43:59","slug":"nunca-te-rindas-aconseja-astronauta-mexicano-en-udem","status":"publish","type":"post","link":"https:\/\/digitalreportmx.com\/index.php\/2025\/06\/07\/nunca-te-rindas-aconseja-astronauta-mexicano-en-udem\/","title":{"rendered":"&#8216;Nunca te rindas&#8217;, aconseja astronauta mexicano\u00a0en UDEM"},"content":{"rendered":"\n<p><kbd>San Pedro Garza Garc\u00eda<\/kbd><\/p>\n\n\n\n<p>El astronauta mexicoamericano Jos\u00e9 Hern\u00e1ndez comparti\u00f3 con la generaci\u00f3n Primavera 2025 de la Universidad de Monterrey que la perseverancia es clave para el \u00e9xito. Record\u00f3 que la NASA lo rechaz\u00f3 en once ocasiones antes de ser seleccionado, y subray\u00f3 la importancia de permitir que otros los ayuden en su camino.<\/p>\n\n\n\n<p>Entre un total de 851 estudiantes de la UDEM, el tambi\u00e9n empresario, ingeniero y ganador de la Medalla de Servicio de la NASA se sum\u00f3 a la celebraci\u00f3n del&nbsp;<em>Commencement&nbsp;<\/em>UDEM del semestre Primavera 2025, en una emotiva ceremonia que simboliza el inicio de un nuevo cap\u00edtulo en las vidas profesionales de quienes se grad\u00faan.&nbsp;<\/p>\n\n\n\n<p>El evento tuvo lugar la noche de este jueves, tras tres d\u00edas intensos de graduaciones de nivel profesional y posgrado, realizados del 3 al 5 de junio.<\/p>\n\n\n\n<p>La celebraci\u00f3n, llena de felicitaciones y alegr\u00eda, se realiz\u00f3 en un domo especialmente dispuesto en los jardines de El Solar. La noche comenz\u00f3 con el tradicional desfile de los estudiantes, quienes, agrupados por Escuelas y Facultades, portaron los estandartes que representaban sus s\u00edmbolos y colores, llenando el ambiente de un esp\u00edritu de orgullo.<\/p>\n\n\n\n<p>Previo a la ceremonia, una alfombra amarilla se extendi\u00f3 para recibir a los familiares de los graduados, quienes tuvieron la oportunidad de compartir sus emociones en entrevistas, creando un ambiente de cercan\u00eda y celebraci\u00f3n.&nbsp;<\/p>\n\n\n\n<p>La presencia de Jos\u00e9 Hern\u00e1ndez como orador hu\u00e9sped para la generaci\u00f3n de Primavera 2025 a\u00f1adi\u00f3 un toque especial a la noche memorable.<\/p>\n\n\n\n<p>La ceremonia del festejo fue presidida por \u00c1lvaro Fern\u00e1ndez Garza, presidente del Consejo de la UDEM. Lo acompa\u00f1aron vicerrectores, decanos de Escuelas y Facultades, y directores de departamento y programas acad\u00e9micos, subrayando la importancia institucional del evento.<\/p>\n\n\n\n<p>La asistencia tambi\u00e9n incluy\u00f3 a consejeros y benefactores de la Universidad, miembros distinguidos del Claustro Acad\u00e9mico, y las ganadoras y ganadores del Premio Pro Magistro Roberto Garza Sada 2024 , quienes se sumaron a la celebraci\u00f3n de los reci\u00e9n egresados.<\/p>\n\n\n\n<figure class=\"wp-block-image size-full\"><img loading=\"lazy\" decoding=\"async\" width=\"1000\" height=\"667\" src=\"https:\/\/digitalreportmx.com\/wp-content\/uploads\/2025\/06\/NEGOCIOS-3.jpg\" alt=\"\" class=\"wp-image-14817\" srcset=\"https:\/\/digitalreportmx.com\/wp-content\/uploads\/2025\/06\/NEGOCIOS-3.jpg 1000w, https:\/\/digitalreportmx.com\/wp-content\/uploads\/2025\/06\/NEGOCIOS-3-300x200.jpg 300w, https:\/\/digitalreportmx.com\/wp-content\/uploads\/2025\/06\/NEGOCIOS-3-768x512.jpg 768w\" sizes=\"auto, (max-width: 1000px) 100vw, 1000px\" \/><\/figure>\n\n\n\n<p>Un momento cumbre de la noche fue el reconocimiento a tres estudiantes con el m\u00e1ximo galard\u00f3n de la UDEM: el grado&nbsp;<em>Summa Cum Laude<\/em>. Este honor se otorg\u00f3 a quienes, durante sus estudios de profesional, destacaron por su sobresaliente desempe\u00f1o acad\u00e9mico y su formaci\u00f3n integral, ejemplificando los valores de la instituci\u00f3n.<\/p>\n\n\n\n<p>Las y los estudiantes que recibieron esta distinci\u00f3n fueron&nbsp;Alondra Naranjo P\u00e9rez,&nbsp;de la Licenciatura en Derecho;&nbsp;Eduardo Antonio Salda\u00f1a Abrego, de la Licenciatura en Econom\u00eda; y Leslie Fabiola L\u00f3pez Rosales, de la Ingenier\u00eda en Tecnolog\u00edas Computacionales.&nbsp;<\/p>\n\n\n\n<p>Posteriormente, estos distinguidos graduados hicieron repicar la ic\u00f3nica campana Vox Veritatis , un s\u00edmbolo de su excelencia y del logro alcanzado.<\/p>\n\n\n\n<figure class=\"wp-block-image size-full\"><img loading=\"lazy\" decoding=\"async\" width=\"1000\" height=\"667\" src=\"https:\/\/digitalreportmx.com\/wp-content\/uploads\/2025\/06\/COMMENCEMENT-UDEM-PR-2025.jpg\" alt=\"\" class=\"wp-image-14818\" srcset=\"https:\/\/digitalreportmx.com\/wp-content\/uploads\/2025\/06\/COMMENCEMENT-UDEM-PR-2025.jpg 1000w, https:\/\/digitalreportmx.com\/wp-content\/uploads\/2025\/06\/COMMENCEMENT-UDEM-PR-2025-300x200.jpg 300w, https:\/\/digitalreportmx.com\/wp-content\/uploads\/2025\/06\/COMMENCEMENT-UDEM-PR-2025-768x512.jpg 768w\" sizes=\"auto, (max-width: 1000px) 100vw, 1000px\" \/><\/figure>\n\n\n\n<p><strong>EXHORTA A PONERSE METAS ALTAS<\/strong><\/p>\n\n\n\n<p>\u00c1lvaro Fern\u00e1ndez Garza, presidente del Consejo UDEM, inici\u00f3 su mensaje destacando la culminaci\u00f3n de una etapa para los 851 nuevos profesionistas y posgraduados. Reconoci\u00f3 su excelente preparaci\u00f3n acad\u00e9mica y su formaci\u00f3n integral, cualidades que, junto con el inter\u00e9s por la participaci\u00f3n, ser\u00e1n su mayor fortaleza en los caminos que decidan emprender.<\/p>\n\n\n\n<p>\u201cInvol\u00facrense; aunque sea con una peque\u00f1a acci\u00f3n en su comunidad, su Iglesia, su colonia o la causa que m\u00e1s les mueva; todo suma; sus ideas, su energ\u00eda, su visi\u00f3n pueden contagiar a otros para construir una sociedad m\u00e1s justa y sostenible\u201d, apunt\u00f3.<\/p>\n\n\n\n<p>Al observar a los graduados portar con orgullo la toga y el birrete, Fern\u00e1ndez Garza reconoci\u00f3 las historias de esfuerzo, noches de estudio y momentos de incertidumbre detr\u00e1s de cada uno. Subray\u00f3 que, a pesar de los desaf\u00edos, tambi\u00e9n hubo \u00e9xitos y alegr\u00eda, y que el apoyo de profesores, familiares y amigos fue crucial.<\/p>\n\n\n\n<p>Agreg\u00f3 que la Universidad de Monterrey fue m\u00e1s que un espacio de estudio para quienes en esta ocasi\u00f3n egresan, brindando una base s\u00f3lida de conocimientos.&nbsp;<\/p>\n\n\n\n<figure class=\"wp-block-image size-full\"><img loading=\"lazy\" decoding=\"async\" width=\"1000\" height=\"667\" src=\"https:\/\/digitalreportmx.com\/wp-content\/uploads\/2025\/06\/COMMENCEMENT-UDEM-PR-2025-13.jpg\" alt=\"\" class=\"wp-image-14820\" srcset=\"https:\/\/digitalreportmx.com\/wp-content\/uploads\/2025\/06\/COMMENCEMENT-UDEM-PR-2025-13.jpg 1000w, https:\/\/digitalreportmx.com\/wp-content\/uploads\/2025\/06\/COMMENCEMENT-UDEM-PR-2025-13-300x200.jpg 300w, https:\/\/digitalreportmx.com\/wp-content\/uploads\/2025\/06\/COMMENCEMENT-UDEM-PR-2025-13-768x512.jpg 768w\" sizes=\"auto, (max-width: 1000px) 100vw, 1000px\" \/><\/figure>\n\n\n\n<p>Fern\u00e1ndez Garza enfatiz\u00f3 que hay elementos adicionales que los egresados deben llevar consigo para su futuro profesional y personal, entre ellos, los principios y valores que forman el coraz\u00f3n de la UDEM y la excelencia en todo lo que hagan.<\/p>\n\n\n\n<p>\u201cAl mantenerse fieles al Humanismo, la Apertura y el Servicio, el camino ser\u00e1 m\u00e1s claro\u201d, afirm\u00f3. \u201cHagan las cosas bien y a la primera. P\u00f3nganse metas altas. Sean perseverantes\u201d.<\/p>\n\n\n\n<p>Finalmente, cit\u00f3 al papa Francisco, instando a los egresados a unir lo que piensan, sienten y hacen, logrando armon\u00eda entre estas tres partes. Les record\u00f3 que, dondequiera que vayan, siempre representar\u00e1n a la UDEM, y los anim\u00f3 a llevar el nombre de la instituci\u00f3n con orgullo y responsabilidad.<\/p>\n\n\n\n<p>Isabella Navarro Grueter, vicerrectora de Formaci\u00f3n Integral, dirigi\u00f3 el significativo rito de cambio de borla, una se\u00f1al de que los nuevos profesionales se conducir\u00e1n con apego a la \u00e9tica y buscar\u00e1n trascender a trav\u00e9s del servicio. Con este gesto, los exhort\u00f3 a vivir los principios y valores que enarbola la Universidad de Monterrey.<\/p>\n\n\n\n<p>Adicionalmente, dirigi\u00f3 el intercambio de fistoles, un acto simb\u00f3lico de solidaridad y compromiso que uni\u00f3 a los graduados con la comunidad ExaUDEM, marcando su bienvenida a esta red de profesionales.<\/p>\n\n\n\n<p>En representaci\u00f3n de la generaci\u00f3n de Primavera 2025 de la UDEM, la graduada&nbsp;Sabrina Gonz\u00e1lez Aleu Orozco, del programa acad\u00e9mico de Arquitectura, ofreci\u00f3 un mensaje, en el que se\u00f1al\u00f3 que a la actual generaci\u00f3n le corresponde seguir sembrando, porque cada d\u00eda es una nueva oportunidad para ser la mejor versi\u00f3n de ellas y ellos mismos, y que lo importante es no dejar de avanzar.&nbsp;<\/p>\n\n\n\n<p>Al principio del&nbsp;<em>Commencement&nbsp;<\/em>UDEM 2025, se celebr\u00f3 una misa, oficiada por monse\u00f1or Rogelio Cabrera L\u00f3pez, arzobispo de Monterrey, para dar gracias por la generaci\u00f3n que se gradu\u00f3.&nbsp;<\/p>\n\n\n\n<p>Adicional a los&nbsp;<em>Summa Cum Laude<\/em>, durante las ceremonias de graduaci\u00f3n, la UDEM entreg\u00f3 los nombramientos&nbsp;<em>Cum Laude<\/em>&nbsp;a 97 alumnas y alumnos para reconocer a quienes obtuvieron un resultado acad\u00e9mico sobresaliente en niveles de profesional y posgrado, mientras que la distinci\u00f3n de&nbsp;<em>Magna Cum Laude<\/em>&nbsp;fue otorgada a 17 estudiantes, quienes cuentan con una participaci\u00f3n sobresaliente en el programa L\u00edderes Plus y en actividades de formaci\u00f3n integral.&nbsp;<\/p>\n","protected":false},"excerpt":{"rendered":"<p>San Pedro Garza Garc\u00eda El astronauta mexicoamericano Jos\u00e9 Hern\u00e1ndez comparti\u00f3 con la generaci\u00f3n Primavera 2025 de la Universidad de Monterrey que la perseverancia es clave para el \u00e9xito. Record\u00f3 que la NASA lo rechaz\u00f3 en once ocasiones antes de ser seleccionado, y subray\u00f3 la importancia de permitir que otros los ayuden en su camino. Entre [&hellip;]<\/p>\n","protected":false},"author":1,"featured_media":14816,"comment_status":"open","ping_status":"open","sticky":false,"template":"","format":"standard","meta":{"om_disable_all_campaigns":false,"_monsterinsights_skip_tracking":false,"_monsterinsights_sitenote_active":false,"_monsterinsights_sitenote_note":"","_monsterinsights_sitenote_category":0,"footnotes":""},"categories":[12,16],"tags":[],"class_list":["post-14815","post","type-post","status-publish","format-standard","has-post-thumbnail","hentry","category-cooltura","category-relevante-2"],"aioseo_notices":[],"_links":{"self":[{"href":"https:\/\/digitalreportmx.com\/index.php\/wp-json\/wp\/v2\/posts\/14815","targetHints":{"allow":["GET"]}}],"collection":[{"href":"https:\/\/digitalreportmx.com\/index.php\/wp-json\/wp\/v2\/posts"}],"about":[{"href":"https:\/\/digitalreportmx.com\/index.php\/wp-json\/wp\/v2\/types\/post"}],"author":[{"embeddable":true,"href":"https:\/\/digitalreportmx.com\/index.php\/wp-json\/wp\/v2\/users\/1"}],"replies":[{"embeddable":true,"href":"https:\/\/digitalreportmx.com\/index.php\/wp-json\/wp\/v2\/comments?post=14815"}],"version-history":[{"count":1,"href":"https:\/\/digitalreportmx.com\/index.php\/wp-json\/wp\/v2\/posts\/14815\/revisions"}],"predecessor-version":[{"id":14821,"href":"https:\/\/digitalreportmx.com\/index.php\/wp-json\/wp\/v2\/posts\/14815\/revisions\/14821"}],"wp:featuredmedia":[{"embeddable":true,"href":"https:\/\/digitalreportmx.com\/index.php\/wp-json\/wp\/v2\/media\/14816"}],"wp:attachment":[{"href":"https:\/\/digitalreportmx.com\/index.php\/wp-json\/wp\/v2\/media?parent=14815"}],"wp:term":[{"taxonomy":"category","embeddable":true,"href":"https:\/\/digitalreportmx.com\/index.php\/wp-json\/wp\/v2\/categories?post=14815"},{"taxonomy":"post_tag","embeddable":true,"href":"https:\/\/digitalreportmx.com\/index.php\/wp-json\/wp\/v2\/tags?post=14815"}],"curies":[{"name":"wp","href":"https:\/\/api.w.org\/{rel}","templated":true}]}}