{"id":14834,"date":"2025-06-08T13:18:11","date_gmt":"2025-06-08T19:18:11","guid":{"rendered":"https:\/\/digitalreportmx.com\/?p=14834"},"modified":"2025-06-08T15:37:57","modified_gmt":"2025-06-08T21:37:57","slug":"alerta-cedhnl-sobre-deterioro-ambiental-en-nl","status":"publish","type":"post","link":"https:\/\/digitalreportmx.com\/index.php\/2025\/06\/08\/alerta-cedhnl-sobre-deterioro-ambiental-en-nl\/","title":{"rendered":"Alerta CEDHNL sobre deterioro ambiental en NL"},"content":{"rendered":"\n<p><kbd>Monterrey<\/kbd><br>Ante la preocupante situaci\u00f3n ambiental que enfrenta nuestra entidad, la Comisi\u00f3n Estatal de Derechos Humanos del estado de Nuevo Le\u00f3n convoc\u00f3 a una jornada de reflexi\u00f3n sobre el derecho humano a un medio ambiente sano, en la que se cont\u00f3 con la participaci\u00f3n del Ing. Carlos \u00c1lvarez Flores, presidente de la organizaci\u00f3n M\u00e9xico, Comunicaci\u00f3n y Ambiente, A.C., y reconocido defensor ambiental con m\u00e1s de 30 a\u00f1os de trayectoria.<br>El especialista imparti\u00f3 la conferencia magistral \u201cAfectaciones y desaf\u00edos en el derecho a un medio ambiente sano\u201d, en la que expuso datos contundentes sobre la contaminaci\u00f3n atmosf\u00e9rica, la omisi\u00f3n de autoridades y las graves consecuencias en la salud p\u00fablica. Desde el inicio, el Ing. \u00c1lvarez fue enf\u00e1tico: \u201cTodas nuestras normas ambientales son letra muerta. Nadie cumple, ni en emisiones, ni en agua, ni en residuos. Ni a nivel federal ni local\u201d.<br>Durante la inauguraci\u00f3n del evento, la Presidenta de la CEDHNL, Dra. Susana M\u00e9ndez Arellano, se\u00f1al\u00f3 que esta jornada representa un paso relevante en la construcci\u00f3n de estrategias jur\u00eddicas, sociales y ambientales en defensa de este derecho fundamental. \u201cEl medio ambiente no es un lujo: es una condici\u00f3n previa para el ejercicio de otros derechos como la salud, la educaci\u00f3n o una vida digna\u201d, indic\u00f3. Adem\u00e1s, remarc\u00f3 el papel que debe asumir el sector empresarial a trav\u00e9s del programa de empresas y derechos humanos impulsado por la Comisi\u00f3n, con \u00e9nfasis en su corresponsabilidad ambiental.<br>\u201cResulta preocupante saber que m\u00e1s de 5 millones de personas de la zona metropolitana de Monterrey enfrentan una exposici\u00f3n cr\u00f3nica a sustancias qu\u00edmicas t\u00f3xicas debido a los altos niveles de contaminaci\u00f3n atmosf\u00e9rica, lo cual genera graves consecuencias para su salud\u201d declar\u00f3 la Ombudsperson.<br>Impacto en la salud p\u00fablica:<br>La Organizaci\u00f3n Mundial de la Salud estima 7 millones de muertes prematuras al a\u00f1o por contaminaci\u00f3n ambiental.<br>Para Nuevo Le\u00f3n, se proyectan m\u00e1s de 5,000 muertes anuales asociadas a part\u00edculas PM2.5.<br>Se\u00f1al\u00f3 la exposici\u00f3n cr\u00f3nica al plomo como un riesgo especialmente grave en la ni\u00f1ez, reduciendo significativamente el coeficiente intelectual.<br>Costos econ\u00f3micos:<br>El INEGI estima que la degradaci\u00f3n ambiental cost\u00f3 al pa\u00eds m\u00e1s de 1 bill\u00f3n de pesos en 2023.<br>De esa cifra, m\u00e1s de 800 mil millones se deben directamente a la contaminaci\u00f3n generada por actividades humanas.<\/p>\n\n\n\n<figure class=\"wp-block-image size-large\"><img loading=\"lazy\" decoding=\"async\" width=\"1024\" height=\"1024\" src=\"https:\/\/digitalreportmx.com\/wp-content\/uploads\/2025\/06\/IMG-20250608-WA0098-1024x1024.jpg\" alt=\"\" class=\"wp-image-14854\" srcset=\"https:\/\/digitalreportmx.com\/wp-content\/uploads\/2025\/06\/IMG-20250608-WA0098-1024x1024.jpg 1024w, https:\/\/digitalreportmx.com\/wp-content\/uploads\/2025\/06\/IMG-20250608-WA0098-300x300.jpg 300w, https:\/\/digitalreportmx.com\/wp-content\/uploads\/2025\/06\/IMG-20250608-WA0098-150x150.jpg 150w, https:\/\/digitalreportmx.com\/wp-content\/uploads\/2025\/06\/IMG-20250608-WA0098-768x768.jpg 768w, https:\/\/digitalreportmx.com\/wp-content\/uploads\/2025\/06\/IMG-20250608-WA0098-1536x1536.jpg 1536w, https:\/\/digitalreportmx.com\/wp-content\/uploads\/2025\/06\/IMG-20250608-WA0098.jpg 1600w\" sizes=\"auto, (max-width: 1024px) 100vw, 1024px\" \/><\/figure>\n\n\n\n<p><br>Fallas estructurales en monitoreo y regulaci\u00f3n:<br>La red de monitoreo ambiental en el estado fue calificada como insuficiente y opaca.<br>Se requieren al menos 14 estaciones adicionales para cumplir con los par\u00e1metros establecidos por la OMS.<br>La falta de monitoreo en tiempo real impide detectar picos de contaminaci\u00f3n y activar contingencias oportunas.<br>Fuentes de emisiones no reguladas:<br>Identific\u00f3 como principales emisores a pedreras, refiner\u00edas, cementeras, rellenos sanitarios, la quema de pastizales y el parque vehicular.<br>Reclam\u00f3 la ausencia de un programa obligatorio de verificaci\u00f3n vehicular en Nuevo Le\u00f3n, pese a que est\u00e1 previsto en la ley.<br>La Presidenta de la CEDHNL tambi\u00e9n hizo referencia a las recientes contingencias ambientales registradas en la Zona Metropolitana de Monterrey, as\u00ed como a las condiciones cr\u00edticas en municipios como Cadereyta y Garc\u00eda. \u201cNo se trata de una amenaza futura, sino de una crisis presente que vulnera ya los derechos de miles de personas\u201d, afirm\u00f3.<br>La Comisi\u00f3n Estatal de Derechos Humanos de Nuevo Le\u00f3n reitera su compromiso con la protecci\u00f3n del medio ambiente como un derecho humano indispensable y hace un llamado urgente a las autoridades, empresas y ciudadan\u00eda a actuar con responsabilidad, transparencia y coordinaci\u00f3n. Nuestro organismo continuar\u00e1 impulsando espacios de an\u00e1lisis, exigencia y colaboraci\u00f3n institucional, con la finalidad de construir un futuro sostenible para todas las personas.<\/p>\n\n\n\n<figure class=\"wp-block-video\"><video controls src=\"https:\/\/digitalreportmx.com\/wp-content\/uploads\/2025\/06\/VID-20250608-WA0065.mp4\"><\/video><\/figure>\n","protected":false},"excerpt":{"rendered":"<p>MonterreyAnte la preocupante situaci\u00f3n ambiental que enfrenta nuestra entidad, la Comisi\u00f3n Estatal de Derechos Humanos del estado de Nuevo Le\u00f3n convoc\u00f3 a una jornada de reflexi\u00f3n sobre el derecho humano a un medio ambiente sano, en la que se cont\u00f3 con la participaci\u00f3n del Ing. Carlos \u00c1lvarez Flores, presidente de la organizaci\u00f3n M\u00e9xico, Comunicaci\u00f3n y [&hellip;]<\/p>\n","protected":false},"author":1,"featured_media":14853,"comment_status":"open","ping_status":"open","sticky":false,"template":"","format":"standard","meta":{"om_disable_all_campaigns":false,"_monsterinsights_skip_tracking":false,"_monsterinsights_sitenote_active":false,"_monsterinsights_sitenote_note":"","_monsterinsights_sitenote_category":0,"footnotes":""},"categories":[16,13],"tags":[],"class_list":["post-14834","post","type-post","status-publish","format-standard","has-post-thumbnail","hentry","category-relevante-2","category-reporte-local"],"aioseo_notices":[],"_links":{"self":[{"href":"https:\/\/digitalreportmx.com\/index.php\/wp-json\/wp\/v2\/posts\/14834","targetHints":{"allow":["GET"]}}],"collection":[{"href":"https:\/\/digitalreportmx.com\/index.php\/wp-json\/wp\/v2\/posts"}],"about":[{"href":"https:\/\/digitalreportmx.com\/index.php\/wp-json\/wp\/v2\/types\/post"}],"author":[{"embeddable":true,"href":"https:\/\/digitalreportmx.com\/index.php\/wp-json\/wp\/v2\/users\/1"}],"replies":[{"embeddable":true,"href":"https:\/\/digitalreportmx.com\/index.php\/wp-json\/wp\/v2\/comments?post=14834"}],"version-history":[{"count":2,"href":"https:\/\/digitalreportmx.com\/index.php\/wp-json\/wp\/v2\/posts\/14834\/revisions"}],"predecessor-version":[{"id":14856,"href":"https:\/\/digitalreportmx.com\/index.php\/wp-json\/wp\/v2\/posts\/14834\/revisions\/14856"}],"wp:featuredmedia":[{"embeddable":true,"href":"https:\/\/digitalreportmx.com\/index.php\/wp-json\/wp\/v2\/media\/14853"}],"wp:attachment":[{"href":"https:\/\/digitalreportmx.com\/index.php\/wp-json\/wp\/v2\/media?parent=14834"}],"wp:term":[{"taxonomy":"category","embeddable":true,"href":"https:\/\/digitalreportmx.com\/index.php\/wp-json\/wp\/v2\/categories?post=14834"},{"taxonomy":"post_tag","embeddable":true,"href":"https:\/\/digitalreportmx.com\/index.php\/wp-json\/wp\/v2\/tags?post=14834"}],"curies":[{"name":"wp","href":"https:\/\/api.w.org\/{rel}","templated":true}]}}