{"id":14837,"date":"2025-06-08T13:26:03","date_gmt":"2025-06-08T19:26:03","guid":{"rendered":"https:\/\/digitalreportmx.com\/?p=14837"},"modified":"2025-06-08T13:26:06","modified_gmt":"2025-06-08T19:26:06","slug":"declara-nl-al-rio-santa-catarina-como-area-natural","status":"publish","type":"post","link":"https:\/\/digitalreportmx.com\/index.php\/2025\/06\/08\/declara-nl-al-rio-santa-catarina-como-area-natural\/","title":{"rendered":"Declara NL al r\u00edo Santa Catarina como \u00e1rea natural"},"content":{"rendered":"\n<p>Monterrey<\/p>\n\n\n\n<p>Con el fin de preservar, proteger y restaurar el r\u00edo Santa Catarina, el Gobierno de Nuevo Le\u00f3n, encabezado por el Gobernador Samuel Garc\u00eda Sep\u00falveda firm\u00f3 un acuerdo para declarar la zona como \u00c1rea Natural Protegida.<\/p>\n\n\n\n<p>Tras firmar el acuerdo, donde estuvo acompa\u00f1ado de la titular de Amar a Nuevo Le\u00f3n, Mariana Rodr\u00edguez; el Secretario de Medio Ambiente, Alfonso Mart\u00ednez Mu\u00f1oz y el Secretario General de Gobierno, Javier Navarro; el Mandatario Estatal se\u00f1al\u00f3 que se debe estudiar la historia de Nuevo Le\u00f3n y no repetir patrones que da\u00f1en este cauce, pues es una zona de 700 hect\u00e1reas con vida y un pulm\u00f3n verde de la ciudad que debe cuidarse, preservarse, restaurarse y protegerse.<\/p>\n\n\n\n<p>Asimismo, subray\u00f3 que esta decisi\u00f3n es un paso fundamental despu\u00e9s de tres a\u00f1os de gesti\u00f3n, y busca corregir d\u00e9cadas de abandono.<\/p>\n\n\n\n<p>&#8220;Ha habido intentos y ha habido inclusive intervenciones que da\u00f1an a ese r\u00edo, todo el mundo sabe hubo go karts, hubo campo de golf, mercados, misas, cuando vino el Papa. El r\u00edo es nuestra vida, es nuestro pulm\u00f3n y tenemos que cuidarlo&#8221;, apunt\u00f3 el Gobernador de Nuevo Le\u00f3n.<\/p>\n\n\n\n<p>&#8220;Por eso este acuerdo b\u00e1sicamente lo que va a determinar a partir del d\u00eda de hoy es que el r\u00edo Santa Catarina desde la Sierra Madre hasta El Cuchillo se vuelve zona protegida, se vuelve \u00e1rea natural protegida estatal&#8221;, agreg\u00f3.<\/p>\n\n\n\n<figure class=\"wp-block-image size-large\"><img loading=\"lazy\" decoding=\"async\" width=\"683\" height=\"1024\" src=\"https:\/\/digitalreportmx.com\/wp-content\/uploads\/2025\/06\/Jornada-de-Limpieza-Rio-Santa-Catarina-02-683x1024.jpg\" alt=\"\" class=\"wp-image-14839\" srcset=\"https:\/\/digitalreportmx.com\/wp-content\/uploads\/2025\/06\/Jornada-de-Limpieza-Rio-Santa-Catarina-02-683x1024.jpg 683w, https:\/\/digitalreportmx.com\/wp-content\/uploads\/2025\/06\/Jornada-de-Limpieza-Rio-Santa-Catarina-02-200x300.jpg 200w, https:\/\/digitalreportmx.com\/wp-content\/uploads\/2025\/06\/Jornada-de-Limpieza-Rio-Santa-Catarina-02-768x1152.jpg 768w, https:\/\/digitalreportmx.com\/wp-content\/uploads\/2025\/06\/Jornada-de-Limpieza-Rio-Santa-Catarina-02-1024x1536.jpg 1024w, https:\/\/digitalreportmx.com\/wp-content\/uploads\/2025\/06\/Jornada-de-Limpieza-Rio-Santa-Catarina-02-1365x2048.jpg 1365w, https:\/\/digitalreportmx.com\/wp-content\/uploads\/2025\/06\/Jornada-de-Limpieza-Rio-Santa-Catarina-02-scaled.jpg 1707w\" sizes=\"auto, (max-width: 683px) 100vw, 683px\" \/><\/figure>\n\n\n\n<p>Garc\u00eda Sep\u00falveda tambi\u00e9n destac\u00f3 que se crear\u00e1 una divisi\u00f3n ambiental dedicada espec\u00edficamente a la protecci\u00f3n y cuidado del r\u00edo los 365 d\u00edas del a\u00f1o, asegurando que no haya construcciones indebidas, desecho de basura, y promoviendo el cuidado de la flora, la fauna y su papel como pulm\u00f3n verde de la ciudad.<\/p>\n\n\n\n<p>Asimismo, se sumar\u00e1 a las ONGs y colectivos interesados en el medio ambiente, en el cuidado de la fauna, de la flora, relaciones intergubernamentales con la CONAGUA, con los cuatro municipios que recorre el r\u00edo como Santa Catarina, Monterrey, Guadalupe, Ju\u00e1rez, para coordinar juntos y tomar decisiones de c\u00f3mo se va a cuidar el cauce.<\/p>\n\n\n\n<p>REALIZAN AUTORIDADES JORNADA DE LIMPIEZA EN R\u00cdO SANTA CATARINA<br>Luego de publicar el acuerdo para declarar al R\u00edo Santa Catarina como \u00c1rea Natural Protegida, el Gobernador de Nuevo Le\u00f3n acompa\u00f1ado de servidores p\u00fablicos de las diferentes secretar\u00edas del Gobierno estatal acudi\u00f3 a realizar limpieza del cauce bajo el Puente Atirantado.<\/p>\n\n\n\n<p>Durante la limpieza del r\u00edo acudieron alrededor de mil 500 voluntarios quienes recolectaron alrededor de 80 toneladas de desechos a lo largo del r\u00edo.<\/p>\n\n\n\n<p>&#8220;Aqu\u00ed en M\u00e9xico hay ciudades que han canalizado r\u00edos y hoy se arrepienten porque mataron la fauna y flora que hab\u00eda en la ciudad, entonces hoy agradezco a todos ustedes que se re\u00fanan aqu\u00ed en el r\u00edo Santa Catarina, no va a ser un tiro aislado, nos vamos a estar juntando una vez por semana, como lo hicimos el jueves en el r\u00edo La Silla, hoy Santa Catarina&#8221; finaliz\u00f3.<\/p>\n\n\n\n<figure class=\"wp-block-image size-large\"><img loading=\"lazy\" decoding=\"async\" width=\"1024\" height=\"683\" src=\"https:\/\/digitalreportmx.com\/wp-content\/uploads\/2025\/06\/Jornada-de-Limpieza-Rio-Santa-Catarina-08-1024x683.jpg\" alt=\"\" class=\"wp-image-14840\" srcset=\"https:\/\/digitalreportmx.com\/wp-content\/uploads\/2025\/06\/Jornada-de-Limpieza-Rio-Santa-Catarina-08-1024x683.jpg 1024w, https:\/\/digitalreportmx.com\/wp-content\/uploads\/2025\/06\/Jornada-de-Limpieza-Rio-Santa-Catarina-08-300x200.jpg 300w, https:\/\/digitalreportmx.com\/wp-content\/uploads\/2025\/06\/Jornada-de-Limpieza-Rio-Santa-Catarina-08-768x512.jpg 768w, https:\/\/digitalreportmx.com\/wp-content\/uploads\/2025\/06\/Jornada-de-Limpieza-Rio-Santa-Catarina-08-1536x1024.jpg 1536w, https:\/\/digitalreportmx.com\/wp-content\/uploads\/2025\/06\/Jornada-de-Limpieza-Rio-Santa-Catarina-08-2048x1365.jpg 2048w\" sizes=\"auto, (max-width: 1024px) 100vw, 1024px\" \/><\/figure>\n","protected":false},"excerpt":{"rendered":"<p>Monterrey Con el fin de preservar, proteger y restaurar el r\u00edo Santa Catarina, el Gobierno de Nuevo Le\u00f3n, encabezado por el Gobernador Samuel Garc\u00eda Sep\u00falveda firm\u00f3 un acuerdo para declarar la zona como \u00c1rea Natural Protegida. Tras firmar el acuerdo, donde estuvo acompa\u00f1ado de la titular de Amar a Nuevo Le\u00f3n, Mariana Rodr\u00edguez; el Secretario [&hellip;]<\/p>\n","protected":false},"author":1,"featured_media":14838,"comment_status":"open","ping_status":"open","sticky":false,"template":"","format":"standard","meta":{"om_disable_all_campaigns":false,"_monsterinsights_skip_tracking":false,"_monsterinsights_sitenote_active":false,"_monsterinsights_sitenote_note":"","_monsterinsights_sitenote_category":0,"footnotes":""},"categories":[16,13],"tags":[],"class_list":["post-14837","post","type-post","status-publish","format-standard","has-post-thumbnail","hentry","category-relevante-2","category-reporte-local"],"aioseo_notices":[],"_links":{"self":[{"href":"https:\/\/digitalreportmx.com\/index.php\/wp-json\/wp\/v2\/posts\/14837","targetHints":{"allow":["GET"]}}],"collection":[{"href":"https:\/\/digitalreportmx.com\/index.php\/wp-json\/wp\/v2\/posts"}],"about":[{"href":"https:\/\/digitalreportmx.com\/index.php\/wp-json\/wp\/v2\/types\/post"}],"author":[{"embeddable":true,"href":"https:\/\/digitalreportmx.com\/index.php\/wp-json\/wp\/v2\/users\/1"}],"replies":[{"embeddable":true,"href":"https:\/\/digitalreportmx.com\/index.php\/wp-json\/wp\/v2\/comments?post=14837"}],"version-history":[{"count":1,"href":"https:\/\/digitalreportmx.com\/index.php\/wp-json\/wp\/v2\/posts\/14837\/revisions"}],"predecessor-version":[{"id":14841,"href":"https:\/\/digitalreportmx.com\/index.php\/wp-json\/wp\/v2\/posts\/14837\/revisions\/14841"}],"wp:featuredmedia":[{"embeddable":true,"href":"https:\/\/digitalreportmx.com\/index.php\/wp-json\/wp\/v2\/media\/14838"}],"wp:attachment":[{"href":"https:\/\/digitalreportmx.com\/index.php\/wp-json\/wp\/v2\/media?parent=14837"}],"wp:term":[{"taxonomy":"category","embeddable":true,"href":"https:\/\/digitalreportmx.com\/index.php\/wp-json\/wp\/v2\/categories?post=14837"},{"taxonomy":"post_tag","embeddable":true,"href":"https:\/\/digitalreportmx.com\/index.php\/wp-json\/wp\/v2\/tags?post=14837"}],"curies":[{"name":"wp","href":"https:\/\/api.w.org\/{rel}","templated":true}]}}