{"id":14842,"date":"2025-06-08T13:31:07","date_gmt":"2025-06-08T19:31:07","guid":{"rendered":"https:\/\/digitalreportmx.com\/?p=14842"},"modified":"2025-06-08T13:32:26","modified_gmt":"2025-06-08T19:32:26","slug":"impulsa-santa-catarina-acciones-a-favor-del-autismo-e-inclusion","status":"publish","type":"post","link":"https:\/\/digitalreportmx.com\/index.php\/2025\/06\/08\/impulsa-santa-catarina-acciones-a-favor-del-autismo-e-inclusion\/","title":{"rendered":"Va Santa Catarina por acciones a favor de autismo e inclusi\u00f3n"},"content":{"rendered":"\n<p>Santa Catarina<\/p>\n\n\n\n<p>A fin de brindar herramientas en beneficio del autismo y de la inclusi\u00f3n, el Gobierno de Santa Catarina alista una serie de talleres y conferencias en estos temas.<\/p>\n\n\n\n<p>Durante junio se brindar\u00e1 el taller \u201cAlmas Creativas\u201d a ni\u00f1as y ni\u00f1os con autismo, para que exploren sus habilidades art\u00edsticas con clases de pintura, escultura en arcilla , as\u00ed como tambi\u00e9n de carpinter\u00eda.<\/p>\n\n\n\n<p>Estas acciones impulsadas por el Alcalde Jes\u00fas Nava Rivera forman parte de la agenda para garantizar el derecho a la salud, elevar la calidad de vida de los santacatarinenses y promover la inclusi\u00f3n.<\/p>\n\n\n\n<figure class=\"wp-block-image size-large\"><img loading=\"lazy\" decoding=\"async\" width=\"1024\" height=\"572\" src=\"https:\/\/digitalreportmx.com\/wp-content\/uploads\/2025\/06\/IMG-20250608-WA0026-1024x572.jpg\" alt=\"\" class=\"wp-image-14844\" srcset=\"https:\/\/digitalreportmx.com\/wp-content\/uploads\/2025\/06\/IMG-20250608-WA0026-1024x572.jpg 1024w, https:\/\/digitalreportmx.com\/wp-content\/uploads\/2025\/06\/IMG-20250608-WA0026-300x167.jpg 300w, https:\/\/digitalreportmx.com\/wp-content\/uploads\/2025\/06\/IMG-20250608-WA0026-768x429.jpg 768w, https:\/\/digitalreportmx.com\/wp-content\/uploads\/2025\/06\/IMG-20250608-WA0026.jpg 1170w\" sizes=\"auto, (max-width: 1024px) 100vw, 1024px\" \/><\/figure>\n\n\n\n<p>\u201cEstamos impulsando toda una agenda en apoyo a quienes tienen espectro autista, a sus familias y toda aquella persona que tiene contacto con el autismo\u201d, dijo Jes\u00fas Nava Rivera.<\/p>\n\n\n\n<p>Aunado a los talleres que se proyectan realizarse mensualmente y la conferencia, el Municipio impulsa la construcci\u00f3n de un Centro de Atenci\u00f3n al Autismo.<\/p>\n\n\n\n<p>Cabe se\u00f1alar que el taller Almas Creativas se llevar\u00e1 a cabo en el DIF municipal el pr\u00f3ximo viernes 20 de junio, mientras que la conferencia dirigida al personal docente se realizar\u00e1 el 28 de junio.<\/p>\n\n\n\n<figure class=\"wp-block-video\"><video controls src=\"https:\/\/digitalreportmx.com\/wp-content\/uploads\/2025\/06\/copy_05BEE1C0-2ABB-4B88-BB9B-17E1E22086C7.mov\"><\/video><\/figure>\n","protected":false},"excerpt":{"rendered":"<p>Santa Catarina A fin de brindar herramientas en beneficio del autismo y de la inclusi\u00f3n, el Gobierno de Santa Catarina alista una serie de talleres y conferencias en estos temas. Durante junio se brindar\u00e1 el taller \u201cAlmas Creativas\u201d a ni\u00f1as y ni\u00f1os con autismo, para que exploren sus habilidades art\u00edsticas con clases de pintura, escultura [&hellip;]<\/p>\n","protected":false},"author":1,"featured_media":14843,"comment_status":"open","ping_status":"open","sticky":false,"template":"","format":"standard","meta":{"om_disable_all_campaigns":false,"_monsterinsights_skip_tracking":false,"_monsterinsights_sitenote_active":false,"_monsterinsights_sitenote_note":"","_monsterinsights_sitenote_category":0,"footnotes":""},"categories":[16,13],"tags":[],"class_list":["post-14842","post","type-post","status-publish","format-standard","has-post-thumbnail","hentry","category-relevante-2","category-reporte-local"],"aioseo_notices":[],"_links":{"self":[{"href":"https:\/\/digitalreportmx.com\/index.php\/wp-json\/wp\/v2\/posts\/14842","targetHints":{"allow":["GET"]}}],"collection":[{"href":"https:\/\/digitalreportmx.com\/index.php\/wp-json\/wp\/v2\/posts"}],"about":[{"href":"https:\/\/digitalreportmx.com\/index.php\/wp-json\/wp\/v2\/types\/post"}],"author":[{"embeddable":true,"href":"https:\/\/digitalreportmx.com\/index.php\/wp-json\/wp\/v2\/users\/1"}],"replies":[{"embeddable":true,"href":"https:\/\/digitalreportmx.com\/index.php\/wp-json\/wp\/v2\/comments?post=14842"}],"version-history":[{"count":6,"href":"https:\/\/digitalreportmx.com\/index.php\/wp-json\/wp\/v2\/posts\/14842\/revisions"}],"predecessor-version":[{"id":14851,"href":"https:\/\/digitalreportmx.com\/index.php\/wp-json\/wp\/v2\/posts\/14842\/revisions\/14851"}],"wp:featuredmedia":[{"embeddable":true,"href":"https:\/\/digitalreportmx.com\/index.php\/wp-json\/wp\/v2\/media\/14843"}],"wp:attachment":[{"href":"https:\/\/digitalreportmx.com\/index.php\/wp-json\/wp\/v2\/media?parent=14842"}],"wp:term":[{"taxonomy":"category","embeddable":true,"href":"https:\/\/digitalreportmx.com\/index.php\/wp-json\/wp\/v2\/categories?post=14842"},{"taxonomy":"post_tag","embeddable":true,"href":"https:\/\/digitalreportmx.com\/index.php\/wp-json\/wp\/v2\/tags?post=14842"}],"curies":[{"name":"wp","href":"https:\/\/api.w.org\/{rel}","templated":true}]}}