{"id":14857,"date":"2025-06-08T15:59:52","date_gmt":"2025-06-08T21:59:52","guid":{"rendered":"https:\/\/digitalreportmx.com\/?p=14857"},"modified":"2025-06-08T16:00:28","modified_gmt":"2025-06-08T22:00:28","slug":"reabre-san-pedro-capilla-historica-tras-proceso-de-restauracion","status":"publish","type":"post","link":"https:\/\/digitalreportmx.com\/index.php\/2025\/06\/08\/reabre-san-pedro-capilla-historica-tras-proceso-de-restauracion\/","title":{"rendered":"Reabre San Pedro capilla hist\u00f3rica; acaban restauraci\u00f3n"},"content":{"rendered":"\n<p><kbd>San Pedro Garza Garc\u00eda<\/kbd><\/p>\n\n\n\n<p>El Municipio de San Pedro reabri\u00f3 al p\u00fablico una capilla hist\u00f3rica ubicada en el Casco, luego de un proceso de restauraci\u00f3n enfocado en recuperar su arquitectura original, representativa del estilo vern\u00e1culo norestense.<\/p>\n\n\n\n<p>Este inmueble de adobe ser\u00e1 utilizado como sede de actividades culturales, art\u00edsticas y acad\u00e9micas, inform\u00f3 la Secretaria de Cultura de San Pedro, Alejandra \u00c1lvarez.<\/p>\n\n\n\n<p>\u201cHoy no solo se recupera un espacio, sino un s\u00edmbolo que es punto de referencia para los vecinos del Casco que hoy se transforma en un espacio vivo donde se llevar\u00e1n a cabo actividades culturales, art\u00edsticas y educativas\u201d, anunci\u00f3 \u00c1lvarez.<\/p>\n\n\n\n<figure class=\"wp-block-image size-large\"><img loading=\"lazy\" decoding=\"async\" width=\"1024\" height=\"683\" src=\"https:\/\/digitalreportmx.com\/wp-content\/uploads\/2025\/06\/IMG-20250608-WA0087-1024x683.jpg\" alt=\"\" class=\"wp-image-14859\" srcset=\"https:\/\/digitalreportmx.com\/wp-content\/uploads\/2025\/06\/IMG-20250608-WA0087-1024x683.jpg 1024w, https:\/\/digitalreportmx.com\/wp-content\/uploads\/2025\/06\/IMG-20250608-WA0087-300x200.jpg 300w, https:\/\/digitalreportmx.com\/wp-content\/uploads\/2025\/06\/IMG-20250608-WA0087-768x512.jpg 768w, https:\/\/digitalreportmx.com\/wp-content\/uploads\/2025\/06\/IMG-20250608-WA0087-1536x1024.jpg 1536w, https:\/\/digitalreportmx.com\/wp-content\/uploads\/2025\/06\/IMG-20250608-WA0087-2048x1365.jpg 2048w\" sizes=\"auto, (max-width: 1024px) 100vw, 1024px\" \/><\/figure>\n\n\n\n<p>Durante la reapertura, la funcionaria invit\u00f3 a la comunidad a apropiarse del lugar, restaurado gracias a la colaboraci\u00f3n entre el Instituto Nacional de Antropolog\u00eda e Historia (INAH), la Coordinaci\u00f3n de Patrimonio Cultural del Gobierno del Estado y el Municipio de San Pedro.<\/p>\n\n\n\n<p>Ana Cristina Mancillas, coordinadora de Patrimonio Cultural estatal, reconoci\u00f3 los esfuerzos del gobierno municipal por conservar inmuebles con valor hist\u00f3rico y cultural en beneficio de los ciudadanos.<\/p>\n\n\n\n<figure class=\"wp-block-image size-large\"><img loading=\"lazy\" decoding=\"async\" width=\"1024\" height=\"683\" src=\"https:\/\/digitalreportmx.com\/wp-content\/uploads\/2025\/06\/IMG-20250608-WA0091-1024x683.jpg\" alt=\"\" class=\"wp-image-14860\" srcset=\"https:\/\/digitalreportmx.com\/wp-content\/uploads\/2025\/06\/IMG-20250608-WA0091-1024x683.jpg 1024w, https:\/\/digitalreportmx.com\/wp-content\/uploads\/2025\/06\/IMG-20250608-WA0091-300x200.jpg 300w, https:\/\/digitalreportmx.com\/wp-content\/uploads\/2025\/06\/IMG-20250608-WA0091-768x512.jpg 768w, https:\/\/digitalreportmx.com\/wp-content\/uploads\/2025\/06\/IMG-20250608-WA0091-1536x1024.jpg 1536w, https:\/\/digitalreportmx.com\/wp-content\/uploads\/2025\/06\/IMG-20250608-WA0091-2048x1365.jpg 2048w\" sizes=\"auto, (max-width: 1024px) 100vw, 1024px\" \/><\/figure>\n\n\n\n<p>Por su parte, Martha \u00c1valos, delegada del INAH, expres\u00f3 su deseo de que el espacio se llene de vida con actividades culturales y acad\u00e9micas, y destac\u00f3 la importancia de que el p\u00fablico conozca c\u00f3mo se llev\u00f3 a cabo el proceso de restauraci\u00f3n, as\u00ed como a las personas involucradas en el proyecto.<\/p>\n\n\n\n<p>\u00c1valos explic\u00f3 tambi\u00e9n que, durante los trabajos de restauraci\u00f3n, se confirm\u00f3 que se trata de una capilla dom\u00e9stica de finales del siglo XVIII y principios del XIX, y que, contrario a lo que se cre\u00eda, no perteneci\u00f3 a M\u00f3nica Rodr\u00edguez. Aun as\u00ed, subray\u00f3 su alto valor hist\u00f3rico y arquitect\u00f3nico para el municipio.<\/p>\n\n\n\n<figure class=\"wp-block-image size-large\"><img loading=\"lazy\" decoding=\"async\" width=\"1024\" height=\"683\" src=\"https:\/\/digitalreportmx.com\/wp-content\/uploads\/2025\/06\/IMG-20250608-WA0088-1024x683.jpg\" alt=\"\" class=\"wp-image-14861\" srcset=\"https:\/\/digitalreportmx.com\/wp-content\/uploads\/2025\/06\/IMG-20250608-WA0088-1024x683.jpg 1024w, https:\/\/digitalreportmx.com\/wp-content\/uploads\/2025\/06\/IMG-20250608-WA0088-300x200.jpg 300w, https:\/\/digitalreportmx.com\/wp-content\/uploads\/2025\/06\/IMG-20250608-WA0088-768x512.jpg 768w, https:\/\/digitalreportmx.com\/wp-content\/uploads\/2025\/06\/IMG-20250608-WA0088-1536x1024.jpg 1536w, https:\/\/digitalreportmx.com\/wp-content\/uploads\/2025\/06\/IMG-20250608-WA0088-2048x1365.jpg 2048w\" sizes=\"auto, (max-width: 1024px) 100vw, 1024px\" \/><\/figure>\n\n\n\n<p>Al finalizar el evento, se reiter\u00f3 la invitaci\u00f3n a los vecinos del municipio a apropiarse de este nuevo espacio, participar en sus actividades y formar parte de este esfuerzo colectivo por rescatar la historia sampetrina.<\/p>\n\n\n\n<figure class=\"wp-block-video\"><video controls src=\"https:\/\/digitalreportmx.com\/wp-content\/uploads\/2025\/06\/05-06-2025-INAUGURACION-CAPILLA-HISTORICA-00.mp4\"><\/video><\/figure>\n","protected":false},"excerpt":{"rendered":"<p>San Pedro Garza Garc\u00eda El Municipio de San Pedro reabri\u00f3 al p\u00fablico una capilla hist\u00f3rica ubicada en el Casco, luego de un proceso de restauraci\u00f3n enfocado en recuperar su arquitectura original, representativa del estilo vern\u00e1culo norestense. Este inmueble de adobe ser\u00e1 utilizado como sede de actividades culturales, art\u00edsticas y acad\u00e9micas, inform\u00f3 la Secretaria de Cultura [&hellip;]<\/p>\n","protected":false},"author":1,"featured_media":14858,"comment_status":"open","ping_status":"open","sticky":false,"template":"","format":"standard","meta":{"om_disable_all_campaigns":false,"_monsterinsights_skip_tracking":false,"_monsterinsights_sitenote_active":false,"_monsterinsights_sitenote_note":"","_monsterinsights_sitenote_category":0,"footnotes":""},"categories":[16,13],"tags":[],"class_list":["post-14857","post","type-post","status-publish","format-standard","has-post-thumbnail","hentry","category-relevante-2","category-reporte-local"],"aioseo_notices":[],"_links":{"self":[{"href":"https:\/\/digitalreportmx.com\/index.php\/wp-json\/wp\/v2\/posts\/14857","targetHints":{"allow":["GET"]}}],"collection":[{"href":"https:\/\/digitalreportmx.com\/index.php\/wp-json\/wp\/v2\/posts"}],"about":[{"href":"https:\/\/digitalreportmx.com\/index.php\/wp-json\/wp\/v2\/types\/post"}],"author":[{"embeddable":true,"href":"https:\/\/digitalreportmx.com\/index.php\/wp-json\/wp\/v2\/users\/1"}],"replies":[{"embeddable":true,"href":"https:\/\/digitalreportmx.com\/index.php\/wp-json\/wp\/v2\/comments?post=14857"}],"version-history":[{"count":3,"href":"https:\/\/digitalreportmx.com\/index.php\/wp-json\/wp\/v2\/posts\/14857\/revisions"}],"predecessor-version":[{"id":14865,"href":"https:\/\/digitalreportmx.com\/index.php\/wp-json\/wp\/v2\/posts\/14857\/revisions\/14865"}],"wp:featuredmedia":[{"embeddable":true,"href":"https:\/\/digitalreportmx.com\/index.php\/wp-json\/wp\/v2\/media\/14858"}],"wp:attachment":[{"href":"https:\/\/digitalreportmx.com\/index.php\/wp-json\/wp\/v2\/media?parent=14857"}],"wp:term":[{"taxonomy":"category","embeddable":true,"href":"https:\/\/digitalreportmx.com\/index.php\/wp-json\/wp\/v2\/categories?post=14857"},{"taxonomy":"post_tag","embeddable":true,"href":"https:\/\/digitalreportmx.com\/index.php\/wp-json\/wp\/v2\/tags?post=14857"}],"curies":[{"name":"wp","href":"https:\/\/api.w.org\/{rel}","templated":true}]}}