{"id":14987,"date":"2025-06-10T18:32:58","date_gmt":"2025-06-11T00:32:58","guid":{"rendered":"https:\/\/digitalreportmx.com\/?p=14987"},"modified":"2025-06-10T18:36:34","modified_gmt":"2025-06-11T00:36:34","slug":"presentan-jovenes-de-caipa-pliego-petitorio","status":"publish","type":"post","link":"https:\/\/digitalreportmx.com\/index.php\/2025\/06\/10\/presentan-jovenes-de-caipa-pliego-petitorio\/","title":{"rendered":"Presentan j\u00f3venes de Caipa y SIPINNA de NL pliego petitorio"},"content":{"rendered":"\n<p><\/p>\n\n\n\n<p><kbd>Monterrey<\/kbd><\/p>\n\n\n\n<p>J\u00f3venes del Consejo de Adolescentes CAIPA, Consejo Consultivo SIPINNA y el Comit\u00e9 J\u00f3venes L\u00edderes por la Prevenci\u00f3n y Comit\u00e9 de J\u00f3venes de los Centros Comunitarios presentaron un pliego petitorio de sus propuestas para mejorar la salud mental y construir una sociedad en paz.<\/p>\n\n\n\n<p>Las y los j\u00f3venes entregaron a la Secretaria de Igualdad e Inclusi\u00f3n, Martha Herrera, autoridades estatales y educativas, el documento que contiene las tres principales problem\u00e1ticas que desarrollaron en las sesiones del Consejo CAIPA: baja autoestima en las y los adolescentes, abuso de autoridad en el sistema educativo y policial; y consumo de drogas, as\u00ed como las propuestas para su atenci\u00f3n.<\/p>\n\n\n\n<p>\u201cEscuchar para m\u00ed es un proceso de justicia para ustedes, estamos aqu\u00ed todos porque a todos nos interesa esa ruta por la paz, a todos nos interesa seguir poniendo al centro de nuestra cara las juventudes\u201d, expres\u00f3 la funcionaria estatal.<\/p>\n\n\n\n<figure class=\"wp-block-image size-large\"><img loading=\"lazy\" decoding=\"async\" width=\"1024\" height=\"682\" src=\"https:\/\/digitalreportmx.com\/wp-content\/uploads\/2025\/06\/IMG-20250610-WA0171-1024x682.jpg\" alt=\"\" class=\"wp-image-14990\" srcset=\"https:\/\/digitalreportmx.com\/wp-content\/uploads\/2025\/06\/IMG-20250610-WA0171-1024x682.jpg 1024w, https:\/\/digitalreportmx.com\/wp-content\/uploads\/2025\/06\/IMG-20250610-WA0171-300x200.jpg 300w, https:\/\/digitalreportmx.com\/wp-content\/uploads\/2025\/06\/IMG-20250610-WA0171-768x512.jpg 768w, https:\/\/digitalreportmx.com\/wp-content\/uploads\/2025\/06\/IMG-20250610-WA0171-1536x1023.jpg 1536w, https:\/\/digitalreportmx.com\/wp-content\/uploads\/2025\/06\/IMG-20250610-WA0171.jpg 1600w\" sizes=\"auto, (max-width: 1024px) 100vw, 1024px\" \/><\/figure>\n\n\n\n<p>\u201cHoy estamos claros con este gobierno de Samuel Garc\u00eda que ha puesto a las juventudes en el centro y que dice las juventudes son nuestro presente, nuestro futuro, las juventudes son la voz, son la respuesta, y hoy en d\u00eda estamos aqu\u00ed para escuchar\u201d, expres\u00f3 la funcionaria estatal.<\/p>\n\n\n\n<p>La elaboraci\u00f3n del pliego petitorio fue una iniciativa propuesta por la Secretaria de Igualdad e Inclusi\u00f3n, Martha Herrera, durante la 3\u00aa sesi\u00f3n del Consejo de Adolescentes (CAIPA), celebrada en septiembre de 2024.<\/p>\n\n\n\n<p>En dicha sesi\u00f3n se acord\u00f3 convocar a los directores de las facultades de Psicolog\u00eda de la localidad, as\u00ed como a los titulares de las secretar\u00edas de Salud, Educaci\u00f3n y Seguridad. Ante estos actores, las y los adolescentes integrantes de ambos consejos, junto con representantes del Consejo Juvenil de Centros Comunitarios y J\u00f3venes L\u00edderes por la Prevenci\u00f3n y la Paz, presentaron sus peticiones de manera formal.<\/p>\n\n\n\n<p>\u201cVamos a llevar este pliego petitorio a nuestro gabinete para ver tema por tema, c\u00f3mo podemos desde la Secretar\u00eda de Educaci\u00f3n, Secretar\u00eda de Salud trabajar, porque muchos de estos temas hay que atenderlos de manera integral\u201d, puntualiz\u00f3 Herrera.<\/p>\n\n\n\n<figure class=\"wp-block-image size-large\"><img loading=\"lazy\" decoding=\"async\" width=\"1024\" height=\"682\" src=\"https:\/\/digitalreportmx.com\/wp-content\/uploads\/2025\/06\/IMG-20250610-WA0174-1024x682.jpg\" alt=\"\" class=\"wp-image-14991\" srcset=\"https:\/\/digitalreportmx.com\/wp-content\/uploads\/2025\/06\/IMG-20250610-WA0174-1024x682.jpg 1024w, https:\/\/digitalreportmx.com\/wp-content\/uploads\/2025\/06\/IMG-20250610-WA0174-300x200.jpg 300w, https:\/\/digitalreportmx.com\/wp-content\/uploads\/2025\/06\/IMG-20250610-WA0174-768x512.jpg 768w, https:\/\/digitalreportmx.com\/wp-content\/uploads\/2025\/06\/IMG-20250610-WA0174-1536x1023.jpg 1536w, https:\/\/digitalreportmx.com\/wp-content\/uploads\/2025\/06\/IMG-20250610-WA0174.jpg 1600w\" sizes=\"auto, (max-width: 1024px) 100vw, 1024px\" \/><\/figure>\n\n\n\n<p>\u201cNos vamos a poner manos a la obra, la siguiente sesi\u00f3n venimos a contestar ese pliego petitorio y a decirles desde las universidades como vamos a estar trabajando y que ustedes nos ayuden a darle seguimiento, ver qu\u00e9 estamos haciendo, ver si funciona, y avanzar juntas y juntos porque estamos aqu\u00ed para ustedes, con ustedes y por ustedes y por sus familias\u201d.<\/p>\n\n\n\n<p>Entre las propuestas para atender las problem\u00e1ticas presentadas por las y los j\u00f3venes destacan; implementar programas de capacitaci\u00f3n para padres y o tutores, organizar e impartir talleres para fomentar una autoestima saludable y el fortalecimiento de confianza, respeto y la empat\u00eda, asignar psic\u00f3logos capacitados en los planteles educativos, principalmente a las universidades.<\/p>\n\n\n\n<figure class=\"wp-block-image size-large\"><img loading=\"lazy\" decoding=\"async\" width=\"1024\" height=\"682\" src=\"https:\/\/digitalreportmx.com\/wp-content\/uploads\/2025\/06\/IMG-20250610-WA0168-1024x682.jpg\" alt=\"\" class=\"wp-image-14992\" srcset=\"https:\/\/digitalreportmx.com\/wp-content\/uploads\/2025\/06\/IMG-20250610-WA0168-1024x682.jpg 1024w, https:\/\/digitalreportmx.com\/wp-content\/uploads\/2025\/06\/IMG-20250610-WA0168-300x200.jpg 300w, https:\/\/digitalreportmx.com\/wp-content\/uploads\/2025\/06\/IMG-20250610-WA0168-768x512.jpg 768w, https:\/\/digitalreportmx.com\/wp-content\/uploads\/2025\/06\/IMG-20250610-WA0168-1536x1023.jpg 1536w, https:\/\/digitalreportmx.com\/wp-content\/uploads\/2025\/06\/IMG-20250610-WA0168.jpg 1600w\" sizes=\"auto, (max-width: 1024px) 100vw, 1024px\" \/><\/figure>\n\n\n\n<p>As\u00ed como establecer y fortalecer instalaciones que brinden apoyo psicol\u00f3gico a los j\u00f3venes, implementar una supervisi\u00f3n efectiva de las funciones docentes, como medida preventiva contra el abuso y la discriminaci\u00f3n en las instituciones y ofrecer m\u00e1s y mejores charlas sobre prevenci\u00f3n del consumo de drogas dirigidas a estudiantes, padres de familia, y tutores, por mencionar algunas.<\/p>\n\n\n\n<p>Al evento acudieron adolescentes y j\u00f3venes integrantes del Consejo de Adolescentes CAIPA, Consejo Consultivo SIPINNA N.L. Comit\u00e9 de Juventudes de CC y J\u00f3venes Lideres por la Prevenci\u00f3n y la Paz; Autoridades Estatales y Titulares de las Universidades de la localidad.<\/p>\n\n\n\n<p>En la recepci\u00f3n del pliego petitorio estuvieron presentes Alma Rosa Marroqu\u00edn Escamilla, Secretaria de Salud; Consuelo Garc\u00eda Madero, Directora del Instituto de Educaci\u00f3n Socioemocional para la prevenci\u00f3n de la violencia Escolar de la Secretar\u00eda de Educaci\u00f3n; Cesar Daniel Ram\u00edrez, Titular de la agencia de Administraci\u00f3n Penitenciaria; Alejandro Alberto Morton, Director de Atenci\u00f3n Integral a Ni\u00f1as, Ni\u00f1os, Adolescentes y Familia; Ivette Mecott Rivera, Secretaria Ejecutiva del SIPINNA N.L; Miguel D\u00edaz Gonz\u00e1lez, Director General de SUPERA A.C.; Mario Alberto Loredo Villa, Director de la Facultad de Psicolog\u00eda de la UANL; Thomas Jack Huggins, Director de la Escuela de Psicolog\u00eda de la UDEM; Aleida Flores Alan\u00eds , Directora General de Universidad Ibero de Monterrey.<\/p>\n","protected":false},"excerpt":{"rendered":"<p>Monterrey J\u00f3venes del Consejo de Adolescentes CAIPA, Consejo Consultivo SIPINNA y el Comit\u00e9 J\u00f3venes L\u00edderes por la Prevenci\u00f3n y Comit\u00e9 de J\u00f3venes de los Centros Comunitarios presentaron un pliego petitorio de sus propuestas para mejorar la salud mental y construir una sociedad en paz. Las y los j\u00f3venes entregaron a la Secretaria de Igualdad e [&hellip;]<\/p>\n","protected":false},"author":1,"featured_media":14988,"comment_status":"open","ping_status":"open","sticky":false,"template":"","format":"standard","meta":{"om_disable_all_campaigns":false,"_monsterinsights_skip_tracking":false,"_monsterinsights_sitenote_active":false,"_monsterinsights_sitenote_note":"","_monsterinsights_sitenote_category":0,"footnotes":""},"categories":[16,13],"tags":[],"class_list":["post-14987","post","type-post","status-publish","format-standard","has-post-thumbnail","hentry","category-relevante-2","category-reporte-local"],"aioseo_notices":[],"_links":{"self":[{"href":"https:\/\/digitalreportmx.com\/index.php\/wp-json\/wp\/v2\/posts\/14987","targetHints":{"allow":["GET"]}}],"collection":[{"href":"https:\/\/digitalreportmx.com\/index.php\/wp-json\/wp\/v2\/posts"}],"about":[{"href":"https:\/\/digitalreportmx.com\/index.php\/wp-json\/wp\/v2\/types\/post"}],"author":[{"embeddable":true,"href":"https:\/\/digitalreportmx.com\/index.php\/wp-json\/wp\/v2\/users\/1"}],"replies":[{"embeddable":true,"href":"https:\/\/digitalreportmx.com\/index.php\/wp-json\/wp\/v2\/comments?post=14987"}],"version-history":[{"count":4,"href":"https:\/\/digitalreportmx.com\/index.php\/wp-json\/wp\/v2\/posts\/14987\/revisions"}],"predecessor-version":[{"id":15001,"href":"https:\/\/digitalreportmx.com\/index.php\/wp-json\/wp\/v2\/posts\/14987\/revisions\/15001"}],"wp:featuredmedia":[{"embeddable":true,"href":"https:\/\/digitalreportmx.com\/index.php\/wp-json\/wp\/v2\/media\/14988"}],"wp:attachment":[{"href":"https:\/\/digitalreportmx.com\/index.php\/wp-json\/wp\/v2\/media?parent=14987"}],"wp:term":[{"taxonomy":"category","embeddable":true,"href":"https:\/\/digitalreportmx.com\/index.php\/wp-json\/wp\/v2\/categories?post=14987"},{"taxonomy":"post_tag","embeddable":true,"href":"https:\/\/digitalreportmx.com\/index.php\/wp-json\/wp\/v2\/tags?post=14987"}],"curies":[{"name":"wp","href":"https:\/\/api.w.org\/{rel}","templated":true}]}}