{"id":15015,"date":"2025-06-11T11:32:01","date_gmt":"2025-06-11T17:32:01","guid":{"rendered":"https:\/\/digitalreportmx.com\/?p=15015"},"modified":"2025-06-11T13:54:17","modified_gmt":"2025-06-11T19:54:17","slug":"impulsa-santa-catarina-rehabilitacion-fisica-y-emocional-de-mas-de-2mil-personas","status":"publish","type":"post","link":"https:\/\/digitalreportmx.com\/index.php\/2025\/06\/11\/impulsa-santa-catarina-rehabilitacion-fisica-y-emocional-de-mas-de-2mil-personas\/","title":{"rendered":"Va Santa Catarina por rehabilitaci\u00f3n f\u00edsica de 2 mil"},"content":{"rendered":"\n<p><kbd>Santa Catarina<\/kbd><\/p>\n\n\n\n<p>A trav\u00e9s del Centro de Rehabilitaci\u00f3n (CRI) Santa Catarina, 2 mil 800 personas han sido beneficiadas en la actual administraci\u00f3n municipal, encabezada por el Alcalde Jes\u00fas Nava, al recibir una atenci\u00f3n especializada para mejorar su salud y calidad de vida.<\/p>\n\n\n\n<p>Mediante servicios como consulta m\u00e9dica especializada, terapias f\u00edsicas, ocupacional, de neurodesarrollo, acu\u00e1tica y apoyo psicol\u00f3gico los pacientes avanzan en su recuperaci\u00f3n f\u00edsica y fortalecen su desarrollo integral.<\/p>\n\n\n\n<figure class=\"wp-block-image size-large\"><img loading=\"lazy\" decoding=\"async\" width=\"1024\" height=\"567\" src=\"https:\/\/digitalreportmx.com\/wp-content\/uploads\/2025\/06\/cata1-1-1024x567.jpg\" alt=\"\" class=\"wp-image-15025\" srcset=\"https:\/\/digitalreportmx.com\/wp-content\/uploads\/2025\/06\/cata1-1-1024x567.jpg 1024w, https:\/\/digitalreportmx.com\/wp-content\/uploads\/2025\/06\/cata1-1-300x166.jpg 300w, https:\/\/digitalreportmx.com\/wp-content\/uploads\/2025\/06\/cata1-1-768x425.jpg 768w, https:\/\/digitalreportmx.com\/wp-content\/uploads\/2025\/06\/cata1-1.jpg 1169w\" sizes=\"auto, (max-width: 1024px) 100vw, 1024px\" \/><\/figure>\n\n\n\n<p>\u201cAl ofrecer estos servicios estamos contribuyendo directamente a la salud y el bienestar de una parte vulnerable de la ciudadan\u00eda. Queremos que cada uno de los pacientes que acuden al CRI de Santa Catarina se recuperen y desarrollen al m\u00e1ximo sus capacidades\u201d, expres\u00f3 el Edil.<\/p>\n\n\n\n<p>Nava Rivera destac\u00f3 que este centro representa un importante apoyo econ\u00f3mico para las familias santacatarinenses, especialmente en aquellas de escasos recursos, ya que este tipo de tratamientos suelen ser costosos, mientras que en el CRI solo se pide una cuota de recuperaci\u00f3n m\u00ednima.<\/p>\n\n\n\n<p>El equipo de salud del CRI, entre ellos doctores, psic\u00f3logos y fisioterapeutas, representa una opci\u00f3n segura, econ\u00f3mica y que brinda resultados tanto al desarrollo del paciente, como a sus familiares.<\/p>\n\n\n\n<figure class=\"wp-block-video\"><video controls src=\"https:\/\/digitalreportmx.com\/wp-content\/uploads\/2025\/06\/WhatsApp-Video-2025-06-11-at-11.40.17-AM.mp4\"><\/video><\/figure>\n\n\n\n<p>\u201cEstamos brindando un servicio noble, accesible y comprometido con el bienestar de los pacientes. Muchos de ellos han logrado avanzar en su rehabilitaci\u00f3n sin que esto represente una carga econ\u00f3mica significativa para su familia\u201d, agreg\u00f3 el Mun\u00edcipe.<\/p>\n\n\n\n<p>El CRI de Santa Catarina se ubica en Primera Avenida No 703 en la colonia Santa Martha cuyo horario matutino es de 8:00 a 12:40 horas y vespertino de 13:40 a 17:00 horas, de lunes a viernes. Para mayor informaci\u00f3n se pueden comunicar al 8186761700 ext. 4168.<\/p>\n\n\n\n<p>Al presentarse para una cita, el paciente deber\u00e1 presentar copia del acta de nacimiento, CURP, comprobante de ingresos econ\u00f3micos y de domicilio, as\u00ed como del INE, por ambos lados, en caso de ser menor de edad se entregar\u00e1 la de alguno de los padres.<\/p>\n","protected":false},"excerpt":{"rendered":"<p>Santa Catarina A trav\u00e9s del Centro de Rehabilitaci\u00f3n (CRI) Santa Catarina, 2 mil 800 personas han sido beneficiadas en la actual administraci\u00f3n municipal, encabezada por el Alcalde Jes\u00fas Nava, al recibir una atenci\u00f3n especializada para mejorar su salud y calidad de vida. Mediante servicios como consulta m\u00e9dica especializada, terapias f\u00edsicas, ocupacional, de neurodesarrollo, acu\u00e1tica y [&hellip;]<\/p>\n","protected":false},"author":1,"featured_media":15016,"comment_status":"open","ping_status":"open","sticky":false,"template":"","format":"standard","meta":{"om_disable_all_campaigns":false,"_monsterinsights_skip_tracking":false,"_monsterinsights_sitenote_active":false,"_monsterinsights_sitenote_note":"","_monsterinsights_sitenote_category":0,"footnotes":""},"categories":[15,6],"tags":[],"class_list":["post-15015","post","type-post","status-publish","format-standard","has-post-thumbnail","hentry","category-relevante","category-local"],"aioseo_notices":[],"_links":{"self":[{"href":"https:\/\/digitalreportmx.com\/index.php\/wp-json\/wp\/v2\/posts\/15015","targetHints":{"allow":["GET"]}}],"collection":[{"href":"https:\/\/digitalreportmx.com\/index.php\/wp-json\/wp\/v2\/posts"}],"about":[{"href":"https:\/\/digitalreportmx.com\/index.php\/wp-json\/wp\/v2\/types\/post"}],"author":[{"embeddable":true,"href":"https:\/\/digitalreportmx.com\/index.php\/wp-json\/wp\/v2\/users\/1"}],"replies":[{"embeddable":true,"href":"https:\/\/digitalreportmx.com\/index.php\/wp-json\/wp\/v2\/comments?post=15015"}],"version-history":[{"count":4,"href":"https:\/\/digitalreportmx.com\/index.php\/wp-json\/wp\/v2\/posts\/15015\/revisions"}],"predecessor-version":[{"id":15044,"href":"https:\/\/digitalreportmx.com\/index.php\/wp-json\/wp\/v2\/posts\/15015\/revisions\/15044"}],"wp:featuredmedia":[{"embeddable":true,"href":"https:\/\/digitalreportmx.com\/index.php\/wp-json\/wp\/v2\/media\/15016"}],"wp:attachment":[{"href":"https:\/\/digitalreportmx.com\/index.php\/wp-json\/wp\/v2\/media?parent=15015"}],"wp:term":[{"taxonomy":"category","embeddable":true,"href":"https:\/\/digitalreportmx.com\/index.php\/wp-json\/wp\/v2\/categories?post=15015"},{"taxonomy":"post_tag","embeddable":true,"href":"https:\/\/digitalreportmx.com\/index.php\/wp-json\/wp\/v2\/tags?post=15015"}],"curies":[{"name":"wp","href":"https:\/\/api.w.org\/{rel}","templated":true}]}}