{"id":15059,"date":"2025-06-11T14:18:53","date_gmt":"2025-06-11T20:18:53","guid":{"rendered":"https:\/\/digitalreportmx.com\/?p=15059"},"modified":"2025-06-11T14:18:56","modified_gmt":"2025-06-11T20:18:56","slug":"piden-a-graduados-de-la-udem-transformen-su-comunidad","status":"publish","type":"post","link":"https:\/\/digitalreportmx.com\/index.php\/2025\/06\/11\/piden-a-graduados-de-la-udem-transformen-su-comunidad\/","title":{"rendered":"Piden a graduados de la UDEM transformen su comunidad"},"content":{"rendered":"\n<p><kbd>San Pedro Garza Garc\u00eda<\/kbd><\/p>\n\n\n\n<p>Un total de mil 157 estudiantes de las diferentes Prepas UDEM recibieron sus constancias de estudios de bachillerato, en ceremonias de graduaci\u00f3n por separado, donde se les inst\u00f3 a que impacten al mundo por sus acciones, que contagien su \u00e9tica y su capacidad de transformar sus comunidades.\u00a0<\/p>\n\n\n\n<p>En los jardines de El Solar, el campus de la Universidad de Monterrey alberg\u00f3 las ceremonias de graduaci\u00f3n del semestre Primavera 2025, realizadas el 9 y 10 de junio en un domo especialmente instalado, que iniciaron el lunes con la Prepa UDEM San Pedro y continuaron el martes con las Prepas Valle Alto, Fundadores y Obispado.&nbsp;<\/p>\n\n\n\n<p>Con el premio al Mejor Bachiller, la Universidad de Monterrey reconoci\u00f3 a los estudiantes m\u00e1s sobresalientes de preparatoria por su dedicaci\u00f3n y m\u00e1ximo aprovechamiento acad\u00e9mico durante los seis semestres.&nbsp;Adem\u00e1s, el reconocimiento Esp\u00edritu Fundador fue entregado a un total de 11 alumnos y alumnas, quienes m\u00e1s destacaron en cada plantel.<\/p>\n\n\n\n<figure class=\"wp-block-image size-large\"><img loading=\"lazy\" decoding=\"async\" width=\"1024\" height=\"682\" src=\"https:\/\/digitalreportmx.com\/wp-content\/uploads\/2025\/06\/FUNDADORES-Y-OBISPADO-4-1024x682.jpg\" alt=\"\" class=\"wp-image-15061\" srcset=\"https:\/\/digitalreportmx.com\/wp-content\/uploads\/2025\/06\/FUNDADORES-Y-OBISPADO-4-1024x682.jpg 1024w, https:\/\/digitalreportmx.com\/wp-content\/uploads\/2025\/06\/FUNDADORES-Y-OBISPADO-4-300x200.jpg 300w, https:\/\/digitalreportmx.com\/wp-content\/uploads\/2025\/06\/FUNDADORES-Y-OBISPADO-4-768x512.jpg 768w, https:\/\/digitalreportmx.com\/wp-content\/uploads\/2025\/06\/FUNDADORES-Y-OBISPADO-4-1536x1023.jpg 1536w, https:\/\/digitalreportmx.com\/wp-content\/uploads\/2025\/06\/FUNDADORES-Y-OBISPADO-4.jpg 1600w\" sizes=\"auto, (max-width: 1024px) 100vw, 1024px\" \/><\/figure>\n\n\n\n<p>Las ceremonias fueron presididas por Mar\u00eda del Roble Garza Trevi\u00f1o, vicerrectora de Educaci\u00f3n Media Superior; y las directoras de las diferentes preparatorias UDEM en cada ceremonia.&nbsp;<\/p>\n\n\n\n<p>En representaci\u00f3n de sus compa\u00f1eros de generaci\u00f3n, las antorchas de los alumnos distinguidos con el premio Esp\u00edritu Fundador recibieron el fuego del Rito Troyano de Despedida. Durante cada ceremonia de graduaci\u00f3n, los directivos realizaron esta transferencia, que simboliz\u00f3 la trascendencia, la esperanza y el compromiso con el pr\u00f3jimo.<\/p>\n\n\n\n<figure class=\"wp-block-image size-large\"><img loading=\"lazy\" decoding=\"async\" width=\"1024\" height=\"682\" src=\"https:\/\/digitalreportmx.com\/wp-content\/uploads\/2025\/06\/SAN-PEDRO-BICULTURAL-E-INTERNACIONAL-22-1024x682.jpg\" alt=\"\" class=\"wp-image-15062\" srcset=\"https:\/\/digitalreportmx.com\/wp-content\/uploads\/2025\/06\/SAN-PEDRO-BICULTURAL-E-INTERNACIONAL-22-1024x682.jpg 1024w, https:\/\/digitalreportmx.com\/wp-content\/uploads\/2025\/06\/SAN-PEDRO-BICULTURAL-E-INTERNACIONAL-22-300x200.jpg 300w, https:\/\/digitalreportmx.com\/wp-content\/uploads\/2025\/06\/SAN-PEDRO-BICULTURAL-E-INTERNACIONAL-22-768x512.jpg 768w, https:\/\/digitalreportmx.com\/wp-content\/uploads\/2025\/06\/SAN-PEDRO-BICULTURAL-E-INTERNACIONAL-22.jpg 1100w\" sizes=\"auto, (max-width: 1024px) 100vw, 1024px\" \/><\/figure>\n\n\n\n<p>Garza Trevi\u00f1o se dirigi\u00f3 a los graduados destacando que el mundo, aunque lleno de desaf\u00edos, tambi\u00e9n ofrece oportunidades para hacer el bien. Los inst\u00f3 a usar su talento para resolver problemas y a ser l\u00edderes de cambio, portadores de esperanza y constructores de puentes.<\/p>\n\n\n\n<p>La vicerrectora los anim\u00f3 a no temer so\u00f1ar en grande y a actuar con valent\u00eda, manteni\u00e9ndose firmes en sus principios y convicciones, incluso si eso implicaba ir contra la corriente. Record\u00f3 que, como troyanos, no deb\u00edan rendirse.<\/p>\n\n\n\n<figure class=\"wp-block-image size-large\"><img loading=\"lazy\" decoding=\"async\" width=\"1024\" height=\"682\" src=\"https:\/\/digitalreportmx.com\/wp-content\/uploads\/2025\/06\/SAN-PEDRO-MULTICULTURAL-8-1024x682.jpg\" alt=\"\" class=\"wp-image-15063\" srcset=\"https:\/\/digitalreportmx.com\/wp-content\/uploads\/2025\/06\/SAN-PEDRO-MULTICULTURAL-8-1024x682.jpg 1024w, https:\/\/digitalreportmx.com\/wp-content\/uploads\/2025\/06\/SAN-PEDRO-MULTICULTURAL-8-300x200.jpg 300w, https:\/\/digitalreportmx.com\/wp-content\/uploads\/2025\/06\/SAN-PEDRO-MULTICULTURAL-8-768x512.jpg 768w, https:\/\/digitalreportmx.com\/wp-content\/uploads\/2025\/06\/SAN-PEDRO-MULTICULTURAL-8.jpg 1100w\" sizes=\"auto, (max-width: 1024px) 100vw, 1024px\" \/><\/figure>\n\n\n\n<p>\u201cHace tres a\u00f1os se convirtieron en Troyanos y recibieron el fuego que simboliza el compromiso de recorrer un camino siendo luz para los dem\u00e1s\u201d, afirm\u00f3 Garza Trevi\u00f1o, haciendo alusi\u00f3n al rito de la UDEM.<\/p>\n\n\n\n<p>Garza Trevi\u00f1o enfatiz\u00f3 que la UDEM los prepar\u00f3 para ser profesionales competentes y seres humanos \u00edntegros, comprometidos con el bien com\u00fan. Les record\u00f3 que la verdadera prueba ser\u00eda hacer que su esencia marcara la diferencia en cualquier lugar.<\/p>\n\n\n\n<p>\u201cJ\u00f3venes, impacten al mundo, no por su posesiones, sino por sus acciones, contagien su empat\u00eda, su \u00e9tica y su capacidad de transformar sus comunidades, que su manera de ser inspire a muchos\u2026 porque hemos recibido mucho y nos corresponde dar mucho\u201d, concluy\u00f3 la vicerrectora.<\/p>\n\n\n\n<p>La Prepa San Pedro entreg\u00f3 constancias a 592 estudiantes; la Prepa Valle Alto otorg\u00f3 325 constancias de estudios; la Prepa Fundadores egres\u00f3 137 alumnas y alumnos y la Prepa Obispado, 103.&nbsp;<\/p>\n\n\n\n<figure class=\"wp-block-image size-large\"><img loading=\"lazy\" decoding=\"async\" width=\"1024\" height=\"682\" src=\"https:\/\/digitalreportmx.com\/wp-content\/uploads\/2025\/06\/SAN-PEDRO-BICULTURAL-E-INTERNACIONAL-17-1024x682.jpg\" alt=\"\" class=\"wp-image-15064\" srcset=\"https:\/\/digitalreportmx.com\/wp-content\/uploads\/2025\/06\/SAN-PEDRO-BICULTURAL-E-INTERNACIONAL-17-1024x682.jpg 1024w, https:\/\/digitalreportmx.com\/wp-content\/uploads\/2025\/06\/SAN-PEDRO-BICULTURAL-E-INTERNACIONAL-17-300x200.jpg 300w, https:\/\/digitalreportmx.com\/wp-content\/uploads\/2025\/06\/SAN-PEDRO-BICULTURAL-E-INTERNACIONAL-17-768x512.jpg 768w, https:\/\/digitalreportmx.com\/wp-content\/uploads\/2025\/06\/SAN-PEDRO-BICULTURAL-E-INTERNACIONAL-17.jpg 1100w\" sizes=\"auto, (max-width: 1024px) 100vw, 1024px\" \/><\/figure>\n\n\n\n<p>En cuanto a reconocimientos, se entregaron 238 en total: la prepa UDEM San Pedro recibi\u00f3 cinco reconocimientos Esp\u00edritu Fundador, un reconocimiento Esp\u00edritu Fundador y Menci\u00f3n Honor\u00edfica, 5 Menciones Honor\u00edficas de Excelencia y 115 Menciones Honor\u00edficas.<\/p>\n\n\n\n<p>La Prepa UDEM Valle Alto otorg\u00f3 un reconocimiento Esp\u00edritu Fundador, 60 Menciones Honor\u00edficas, 4 Menciones Honor\u00edficas de Excelencia y 2 Esp\u00edritu Fundador con Menci\u00f3n Honor\u00edfica. Para la Prepa Fundadores, se entregaron un reconocimiento Esp\u00edritu Fundador con Menci\u00f3n Honor\u00edfica y 27 Menciones Honor\u00edficas. Por \u00faltimo, la Prepa Obispado entreg\u00f3 un reconocimiento Esp\u00edritu Fundador y 16 Menciones Honor\u00edficas.&nbsp;<\/p>\n","protected":false},"excerpt":{"rendered":"<p>San Pedro Garza Garc\u00eda Un total de mil 157 estudiantes de las diferentes Prepas UDEM recibieron sus constancias de estudios de bachillerato, en ceremonias de graduaci\u00f3n por separado, donde se les inst\u00f3 a que impacten al mundo por sus acciones, que contagien su \u00e9tica y su capacidad de transformar sus comunidades.\u00a0 En los jardines de [&hellip;]<\/p>\n","protected":false},"author":1,"featured_media":15060,"comment_status":"open","ping_status":"open","sticky":false,"template":"","format":"standard","meta":{"om_disable_all_campaigns":false,"_monsterinsights_skip_tracking":false,"_monsterinsights_sitenote_active":false,"_monsterinsights_sitenote_note":"","_monsterinsights_sitenote_category":0,"footnotes":""},"categories":[12,16],"tags":[],"class_list":["post-15059","post","type-post","status-publish","format-standard","has-post-thumbnail","hentry","category-cooltura","category-relevante-2"],"aioseo_notices":[],"_links":{"self":[{"href":"https:\/\/digitalreportmx.com\/index.php\/wp-json\/wp\/v2\/posts\/15059","targetHints":{"allow":["GET"]}}],"collection":[{"href":"https:\/\/digitalreportmx.com\/index.php\/wp-json\/wp\/v2\/posts"}],"about":[{"href":"https:\/\/digitalreportmx.com\/index.php\/wp-json\/wp\/v2\/types\/post"}],"author":[{"embeddable":true,"href":"https:\/\/digitalreportmx.com\/index.php\/wp-json\/wp\/v2\/users\/1"}],"replies":[{"embeddable":true,"href":"https:\/\/digitalreportmx.com\/index.php\/wp-json\/wp\/v2\/comments?post=15059"}],"version-history":[{"count":1,"href":"https:\/\/digitalreportmx.com\/index.php\/wp-json\/wp\/v2\/posts\/15059\/revisions"}],"predecessor-version":[{"id":15065,"href":"https:\/\/digitalreportmx.com\/index.php\/wp-json\/wp\/v2\/posts\/15059\/revisions\/15065"}],"wp:featuredmedia":[{"embeddable":true,"href":"https:\/\/digitalreportmx.com\/index.php\/wp-json\/wp\/v2\/media\/15060"}],"wp:attachment":[{"href":"https:\/\/digitalreportmx.com\/index.php\/wp-json\/wp\/v2\/media?parent=15059"}],"wp:term":[{"taxonomy":"category","embeddable":true,"href":"https:\/\/digitalreportmx.com\/index.php\/wp-json\/wp\/v2\/categories?post=15059"},{"taxonomy":"post_tag","embeddable":true,"href":"https:\/\/digitalreportmx.com\/index.php\/wp-json\/wp\/v2\/tags?post=15059"}],"curies":[{"name":"wp","href":"https:\/\/api.w.org\/{rel}","templated":true}]}}