{"id":15398,"date":"2025-06-16T22:35:26","date_gmt":"2025-06-17T04:35:26","guid":{"rendered":"https:\/\/digitalreportmx.com\/?p=15398"},"modified":"2025-06-16T22:35:27","modified_gmt":"2025-06-17T04:35:27","slug":"reportan-como-desaparecidos-al-grupo-los-junior-de-monterrey","status":"publish","type":"post","link":"https:\/\/digitalreportmx.com\/index.php\/2025\/06\/16\/reportan-como-desaparecidos-al-grupo-los-junior-de-monterrey\/","title":{"rendered":"Reportan como desaparecidos al grupo Los Junior de Monterrey"},"content":{"rendered":"\n<p><kbd>Nuevo Le\u00f3n <\/kbd><\/p>\n\n\n\n<p>Tras dirigirse la madruga del lunes a un evento en General Teran, la agrupaci\u00f3n Los Junior de Monterrey desapareci\u00f3 y hasta el momento no se sabe nada de ellos.<\/p>\n\n\n\n<p>Al menos cinco integrantes y el ch\u00f3fer no se han comunicado desde esta madrugada con sus familiares por lo que denunciaron la desaparici\u00f3n a trav\u00e9s de redes sociales.<\/p>\n\n\n\n<p>De acuerdo con las publicaciones, durante este domingo, la banda se dirig\u00eda rumbo a un evento en el municipio de General Ter\u00e1n cuando se perdi\u00f3 la comunicaci\u00f3n.<\/p>\n\n\n\n<p>Se presume que su \u00faltimo mensaje fue una historia en la que parec\u00edan haber sufrido fallas t\u00e9cnicas en el camino y su \u00faltima ubicaci\u00f3n conocida fue en la carretera Libre a China, pasando la localidad de San Juan.<\/p>\n\n\n\n<p>Detallan que el grupo viajaba en una camioneta Suburban color blanco con placas del estado de Guerrero y cargaban el equipo de sonido en el techo del veh\u00edculo.<br>Entre las personas que iban a bordo del veh\u00edculo, se encuentran Lorenzo Mart\u00ednez, de 40 a\u00f1os, quien es el chofer; Abraham Leal, de 23 a\u00f1os, vocalista; Oscar P\u00e9rez, de 23 a\u00f1os, bajoquintista; Luis Nefaki, de 23 a\u00f1os, bajista; Leonardo Rubio, de 34 a\u00f1os, baterista; y Francisco Alfaro, de 18 a\u00f1os, acordeonista.<\/p>\n","protected":false},"excerpt":{"rendered":"<p>Nuevo Le\u00f3n Tras dirigirse la madruga del lunes a un evento en General Teran, la agrupaci\u00f3n Los Junior de Monterrey desapareci\u00f3 y hasta el momento no se sabe nada de ellos. Al menos cinco integrantes y el ch\u00f3fer no se han comunicado desde esta madrugada con sus familiares por lo que denunciaron la desaparici\u00f3n a [&hellip;]<\/p>\n","protected":false},"author":1,"featured_media":15399,"comment_status":"open","ping_status":"open","sticky":false,"template":"","format":"standard","meta":{"om_disable_all_campaigns":false,"_monsterinsights_skip_tracking":false,"_monsterinsights_sitenote_active":false,"_monsterinsights_sitenote_note":"","_monsterinsights_sitenote_category":0,"footnotes":""},"categories":[15,8],"tags":[],"class_list":["post-15398","post","type-post","status-publish","format-standard","has-post-thumbnail","hentry","category-relevante","category-jet-set"],"aioseo_notices":[],"_links":{"self":[{"href":"https:\/\/digitalreportmx.com\/index.php\/wp-json\/wp\/v2\/posts\/15398","targetHints":{"allow":["GET"]}}],"collection":[{"href":"https:\/\/digitalreportmx.com\/index.php\/wp-json\/wp\/v2\/posts"}],"about":[{"href":"https:\/\/digitalreportmx.com\/index.php\/wp-json\/wp\/v2\/types\/post"}],"author":[{"embeddable":true,"href":"https:\/\/digitalreportmx.com\/index.php\/wp-json\/wp\/v2\/users\/1"}],"replies":[{"embeddable":true,"href":"https:\/\/digitalreportmx.com\/index.php\/wp-json\/wp\/v2\/comments?post=15398"}],"version-history":[{"count":1,"href":"https:\/\/digitalreportmx.com\/index.php\/wp-json\/wp\/v2\/posts\/15398\/revisions"}],"predecessor-version":[{"id":15400,"href":"https:\/\/digitalreportmx.com\/index.php\/wp-json\/wp\/v2\/posts\/15398\/revisions\/15400"}],"wp:featuredmedia":[{"embeddable":true,"href":"https:\/\/digitalreportmx.com\/index.php\/wp-json\/wp\/v2\/media\/15399"}],"wp:attachment":[{"href":"https:\/\/digitalreportmx.com\/index.php\/wp-json\/wp\/v2\/media?parent=15398"}],"wp:term":[{"taxonomy":"category","embeddable":true,"href":"https:\/\/digitalreportmx.com\/index.php\/wp-json\/wp\/v2\/categories?post=15398"},{"taxonomy":"post_tag","embeddable":true,"href":"https:\/\/digitalreportmx.com\/index.php\/wp-json\/wp\/v2\/tags?post=15398"}],"curies":[{"name":"wp","href":"https:\/\/api.w.org\/{rel}","templated":true}]}}