{"id":15835,"date":"2025-06-25T14:12:03","date_gmt":"2025-06-25T20:12:03","guid":{"rendered":"https:\/\/digitalreportmx.com\/?p=15835"},"modified":"2025-06-25T14:12:04","modified_gmt":"2025-06-25T20:12:04","slug":"llevan-a-cabo-foro-mexico-sin-tortura-2025","status":"publish","type":"post","link":"https:\/\/digitalreportmx.com\/index.php\/2025\/06\/25\/llevan-a-cabo-foro-mexico-sin-tortura-2025\/","title":{"rendered":"Llevan a cabo foro M\u00e9xico sin tortura 2025"},"content":{"rendered":"\n<p>En el marco del D\u00eda Internacional de las Naciones Unidas en apoyo a las V\u00edctimas de Tortura, la doctora Susana M\u00e9ndez Arellano, particip\u00f3 en el Foro &#8220;M\u00e9xico sin tortura 2025&#8221; convocado por la Comisi\u00f3n de Bienestar, Derechos Humanos, Pueblos y Comunidades Ind\u00edgenas y Afromexicanos del Congreso del Estado de Nuevo Le\u00f3n.<\/p>\n\n\n\n<p>Adem\u00e1s se dict\u00f3 la conferencia: \u201cLa tortura ante desaf\u00edos globales y locales: tutela multinivel de los derechos humanos frente al crimen en M\u00e9xico\u201d, a cargo del Dr. Rogelio L\u00f3pez S\u00e1nchez.<\/p>\n\n\n\n<p>Desde la CEDHNL, reconocemos que hablar de tortura no es un ejercicio f\u00e1cil. Implica una realidad inc\u00f3moda, dolorosa y, en muchos casos, invisibilizada. Pero su omisi\u00f3n es c\u00f3mplice, y la indiferencia permite la impunidad.<\/p>\n\n\n\n<figure class=\"wp-block-image size-large\"><img loading=\"lazy\" decoding=\"async\" width=\"1024\" height=\"768\" src=\"https:\/\/digitalreportmx.com\/wp-content\/uploads\/2025\/06\/1000096274-1024x768.jpg\" alt=\"\" class=\"wp-image-15836\" srcset=\"https:\/\/digitalreportmx.com\/wp-content\/uploads\/2025\/06\/1000096274-1024x768.jpg 1024w, https:\/\/digitalreportmx.com\/wp-content\/uploads\/2025\/06\/1000096274-300x225.jpg 300w, https:\/\/digitalreportmx.com\/wp-content\/uploads\/2025\/06\/1000096274-768x576.jpg 768w, https:\/\/digitalreportmx.com\/wp-content\/uploads\/2025\/06\/1000096274-1536x1152.jpg 1536w, https:\/\/digitalreportmx.com\/wp-content\/uploads\/2025\/06\/1000096274-2048x1536.jpg 2048w\" sizes=\"auto, (max-width: 1024px) 100vw, 1024px\" \/><\/figure>\n\n\n\n<p><br>\u00a0<br>Por ello, \u201ca trav\u00e9s del Mecanismo Estatal de Prevenci\u00f3n de la Tortura, nuestra Comisi\u00f3n realiza visitas peri\u00f3dicas a centros de detenci\u00f3n, c\u00e1rceles, separos, centros de atenci\u00f3n psiqui\u00e1trica, casas hogar y otros espacios donde las personas se encuentran privadas de su libertad. Ah\u00ed entrevistamos a personas detenidas y al personal responsable, documentamos condiciones de riesgo, elaboramos informes, emitimos recomendaciones, y capacitamos a funcionariado p\u00fablico\u201d, puntualiz\u00f3 M\u00e9ndez Arellano.<br>\u00a0<br>Estas acciones est\u00e1n alineadas con los principios del Protocolo Facultativo y con el trabajo del Mecanismo Nacional de Prevenci\u00f3n de la Tortura, con quienes mantenemos una estrecha colaboraci\u00f3n.<br>\u00a0<br>A partir del trabajo institucional, hemos advertido que la tortura no es una pr\u00e1ctica erradicada. Sigue ocurriendo y sigue da\u00f1ando.<\/p>\n\n\n\n<p>Entre enero de 2020 y el 31 de mayo de 2025, la CEDHNL integr\u00f3 221 expedientes de queja por posibles actos de tortura, que involucran a 241 personas agraviadas, la mayor\u00eda de ellas en contextos de detenci\u00f3n y con se\u00f1alamientos dirigidos principalmente hacia autoridades de seguridad p\u00fablica estatales y municipales.<br>&nbsp;<br>Las v\u00edctimas de tortura no solo enfrentan el menoscabo f\u00edsico o psicol\u00f3gico, sino tambi\u00e9n est\u00e1n expuestas a la re victimizaci\u00f3n institucional, la falta de acceso efectivo a la justicia, la ausencia de medidas de reparaci\u00f3n adecuadas, y en algunos casos, el estigma de criminalizaci\u00f3n.<\/p>\n","protected":false},"excerpt":{"rendered":"<p>En el marco del D\u00eda Internacional de las Naciones Unidas en apoyo a las V\u00edctimas de Tortura, la doctora Susana M\u00e9ndez Arellano, particip\u00f3 en el Foro &#8220;M\u00e9xico sin tortura 2025&#8221; convocado por la Comisi\u00f3n de Bienestar, Derechos Humanos, Pueblos y Comunidades Ind\u00edgenas y Afromexicanos del Congreso del Estado de Nuevo Le\u00f3n. Adem\u00e1s se dict\u00f3 la [&hellip;]<\/p>\n","protected":false},"author":1,"featured_media":15837,"comment_status":"open","ping_status":"open","sticky":false,"template":"","format":"standard","meta":{"om_disable_all_campaigns":false,"_monsterinsights_skip_tracking":false,"_monsterinsights_sitenote_active":false,"_monsterinsights_sitenote_note":"","_monsterinsights_sitenote_category":0,"footnotes":""},"categories":[15,6],"tags":[],"class_list":["post-15835","post","type-post","status-publish","format-standard","has-post-thumbnail","hentry","category-relevante","category-local"],"aioseo_notices":[],"_links":{"self":[{"href":"https:\/\/digitalreportmx.com\/index.php\/wp-json\/wp\/v2\/posts\/15835","targetHints":{"allow":["GET"]}}],"collection":[{"href":"https:\/\/digitalreportmx.com\/index.php\/wp-json\/wp\/v2\/posts"}],"about":[{"href":"https:\/\/digitalreportmx.com\/index.php\/wp-json\/wp\/v2\/types\/post"}],"author":[{"embeddable":true,"href":"https:\/\/digitalreportmx.com\/index.php\/wp-json\/wp\/v2\/users\/1"}],"replies":[{"embeddable":true,"href":"https:\/\/digitalreportmx.com\/index.php\/wp-json\/wp\/v2\/comments?post=15835"}],"version-history":[{"count":1,"href":"https:\/\/digitalreportmx.com\/index.php\/wp-json\/wp\/v2\/posts\/15835\/revisions"}],"predecessor-version":[{"id":15838,"href":"https:\/\/digitalreportmx.com\/index.php\/wp-json\/wp\/v2\/posts\/15835\/revisions\/15838"}],"wp:featuredmedia":[{"embeddable":true,"href":"https:\/\/digitalreportmx.com\/index.php\/wp-json\/wp\/v2\/media\/15837"}],"wp:attachment":[{"href":"https:\/\/digitalreportmx.com\/index.php\/wp-json\/wp\/v2\/media?parent=15835"}],"wp:term":[{"taxonomy":"category","embeddable":true,"href":"https:\/\/digitalreportmx.com\/index.php\/wp-json\/wp\/v2\/categories?post=15835"},{"taxonomy":"post_tag","embeddable":true,"href":"https:\/\/digitalreportmx.com\/index.php\/wp-json\/wp\/v2\/tags?post=15835"}],"curies":[{"name":"wp","href":"https:\/\/api.w.org\/{rel}","templated":true}]}}