{"id":16057,"date":"2025-06-28T13:36:33","date_gmt":"2025-06-28T19:36:33","guid":{"rendered":"https:\/\/digitalreportmx.com\/?p=16057"},"modified":"2025-06-28T13:36:37","modified_gmt":"2025-06-28T19:36:37","slug":"vamos-a-recuperar-monterrey-martha-herrera","status":"publish","type":"post","link":"https:\/\/digitalreportmx.com\/index.php\/2025\/06\/28\/vamos-a-recuperar-monterrey-martha-herrera\/","title":{"rendered":"Vamos a recuperar Monterrey: Martha Herrera"},"content":{"rendered":"\n<p><kbd>Monterrey<\/kbd><br>Con un llamado a construir unidad para recuperar Monterrey, Martha Herrera tom\u00f3 protesta como Coordinadora de la Comisi\u00f3n Operativa Municipal de la capital del Estado.<br>Frente a miles de personas, arropada por Samuel Garc\u00eda, Baltazar Mart\u00ednez R\u00edos, dirigente estatal, diputadas, diputados, s\u00edndicos, regidoras, militantes y simpatizantes, Herrera asumi\u00f3 este liderazgo con el compromiso de llevarlo a la acci\u00f3n, la escucha y el trabajo colectivo para poner a Monterrey en movimiento.<br>\u201cMi compromiso es ir por el Monterrey que merecemos\u201d, destac\u00f3.<br>Merecemos una ciudad en paz, segura, limpia y ordenada. Merecemos los mejores servicios p\u00fablicos de M\u00e9xico. Merecemos un Monterrey digno, sustentable y humano\u201d.<br>En Movimiento Ciudadano la aspiraci\u00f3n es un Monterrey pr\u00f3spero que avance con paso firme, sin dejar a nadie atr\u00e1s, subray\u00f3.<br>\u201cDesde este Comit\u00e9 y de la mano de los ciudadanos vamos a defender los postulados de nuestra declaraci\u00f3n de principios y a trabajar sobre los ejes de nuestra carta de identidad, vamos a representar y construir v\u00ednculos con las autoridades y las organizaciones c\u00edvicas, sociales y pol\u00edticas del municipio\u201d, mencion\u00f3.<br>\u201cVamos a dar rumbo a la acci\u00f3n pol\u00edtica y electoral de nuestra fuerza naranja en Monterrey, vamos a construir, coordinar y fortalecer la labor de nuestros movimientos sociales y comunitarios, as\u00ed como de los c\u00edrculos ciudadanos y representaciones operativas seccionales\u201d.<\/p>\n\n\n\n<figure class=\"wp-block-image size-large\"><img loading=\"lazy\" decoding=\"async\" width=\"1024\" height=\"683\" src=\"https:\/\/digitalreportmx.com\/wp-content\/uploads\/2025\/06\/image00001-4-1024x683.jpeg\" alt=\"\" class=\"wp-image-16063\" srcset=\"https:\/\/digitalreportmx.com\/wp-content\/uploads\/2025\/06\/image00001-4-1024x683.jpeg 1024w, https:\/\/digitalreportmx.com\/wp-content\/uploads\/2025\/06\/image00001-4-300x200.jpeg 300w, https:\/\/digitalreportmx.com\/wp-content\/uploads\/2025\/06\/image00001-4-768x512.jpeg 768w, https:\/\/digitalreportmx.com\/wp-content\/uploads\/2025\/06\/image00001-4-1536x1024.jpeg 1536w, https:\/\/digitalreportmx.com\/wp-content\/uploads\/2025\/06\/image00001-4-2048x1366.jpeg 2048w\" sizes=\"auto, (max-width: 1024px) 100vw, 1024px\" \/><\/figure>\n\n\n\n<p><br>Samuel Garc\u00eda, reconoci\u00f3 la vocaci\u00f3n de Martha Herrera en poner al centro a las personas y garantizar sus derechos.<br>\u201cUn curr\u00edculo de muy alto perfil, alto cargo, con una red de relaciones, no solo local, nacional e internacional extraordinaria, la invitamos al gobierno y desde ah\u00ed ha hecho un trabajo extraordinario\u201d, resalt\u00f3.<br>\u201cMartha trae en su adn y en su sangre el servicio p\u00fablico, ese fervor de servir a la gente y estar en la calle, sobre todo en los barrios bravos. Ha hecho un gran trabajo y yo creo que, como que pap\u00e1, muy pronto va a gobernar Monterrey\u201d, indic\u00f3.<br>Durante el evento, Baltazar Mart\u00ednez, destac\u00f3 el trabajo y trayectoria de Martha Herrera.<br>&#8220;La familia de Movimiento Ciudadano en Monterrey no puede estar mejor representada, Martha es una mujer trabajadora, honesta y comprometida , una mujer que no solo deja huella, mejor a\u00fan, que deja resultados&#8221;, indic\u00f3.<\/p>\n\n\n\n<figure class=\"wp-block-image size-large\"><img loading=\"lazy\" decoding=\"async\" width=\"1024\" height=\"683\" src=\"https:\/\/digitalreportmx.com\/wp-content\/uploads\/2025\/06\/image00003-2-1024x683.jpeg\" alt=\"\" class=\"wp-image-16064\" srcset=\"https:\/\/digitalreportmx.com\/wp-content\/uploads\/2025\/06\/image00003-2-1024x683.jpeg 1024w, https:\/\/digitalreportmx.com\/wp-content\/uploads\/2025\/06\/image00003-2-300x200.jpeg 300w, https:\/\/digitalreportmx.com\/wp-content\/uploads\/2025\/06\/image00003-2-768x512.jpeg 768w, https:\/\/digitalreportmx.com\/wp-content\/uploads\/2025\/06\/image00003-2-1536x1024.jpeg 1536w, https:\/\/digitalreportmx.com\/wp-content\/uploads\/2025\/06\/image00003-2-2048x1366.jpeg 2048w\" sizes=\"auto, (max-width: 1024px) 100vw, 1024px\" \/><\/figure>\n\n\n\n<p><br>Herrera reafirm\u00f3 que la ola naranja recorrer\u00e1 cada rinc\u00f3n de la ciudad, alternativa ciudadana que se extender\u00e1 para sumar aliados y multiplicar causas.<br>\u201cEmprenderemos una gran cruzada, recorriendo colonia por colonia, calle por calle, casa por casa, hasta que ninguna persona se quede sin haber sido llamada a sumarse a nuestra causa porque somos el movimiento que abraza las causas sociales y que defiende con pasi\u00f3n y convicci\u00f3n a las infancias, a las juventudes, a las mujeres\u201d, puntualiz\u00f3.<br>\u201cQue defiende la justicia social, los derechos humanos, el trabajo digno, el derecho al cuidado. El movimiento que pelea por un medio ambiente limpio y un futuro sostenible\u201d.<\/p>\n","protected":false},"excerpt":{"rendered":"<p>MonterreyCon un llamado a construir unidad para recuperar Monterrey, Martha Herrera tom\u00f3 protesta como Coordinadora de la Comisi\u00f3n Operativa Municipal de la capital del Estado.Frente a miles de personas, arropada por Samuel Garc\u00eda, Baltazar Mart\u00ednez R\u00edos, dirigente estatal, diputadas, diputados, s\u00edndicos, regidoras, militantes y simpatizantes, Herrera asumi\u00f3 este liderazgo con el compromiso de llevarlo a [&hellip;]<\/p>\n","protected":false},"author":1,"featured_media":16060,"comment_status":"open","ping_status":"open","sticky":false,"template":"","format":"standard","meta":{"om_disable_all_campaigns":false,"_monsterinsights_skip_tracking":false,"_monsterinsights_sitenote_active":false,"_monsterinsights_sitenote_note":"","_monsterinsights_sitenote_category":0,"footnotes":""},"categories":[16,13],"tags":[],"class_list":["post-16057","post","type-post","status-publish","format-standard","has-post-thumbnail","hentry","category-relevante-2","category-reporte-local"],"aioseo_notices":[],"_links":{"self":[{"href":"https:\/\/digitalreportmx.com\/index.php\/wp-json\/wp\/v2\/posts\/16057","targetHints":{"allow":["GET"]}}],"collection":[{"href":"https:\/\/digitalreportmx.com\/index.php\/wp-json\/wp\/v2\/posts"}],"about":[{"href":"https:\/\/digitalreportmx.com\/index.php\/wp-json\/wp\/v2\/types\/post"}],"author":[{"embeddable":true,"href":"https:\/\/digitalreportmx.com\/index.php\/wp-json\/wp\/v2\/users\/1"}],"replies":[{"embeddable":true,"href":"https:\/\/digitalreportmx.com\/index.php\/wp-json\/wp\/v2\/comments?post=16057"}],"version-history":[{"count":1,"href":"https:\/\/digitalreportmx.com\/index.php\/wp-json\/wp\/v2\/posts\/16057\/revisions"}],"predecessor-version":[{"id":16065,"href":"https:\/\/digitalreportmx.com\/index.php\/wp-json\/wp\/v2\/posts\/16057\/revisions\/16065"}],"wp:featuredmedia":[{"embeddable":true,"href":"https:\/\/digitalreportmx.com\/index.php\/wp-json\/wp\/v2\/media\/16060"}],"wp:attachment":[{"href":"https:\/\/digitalreportmx.com\/index.php\/wp-json\/wp\/v2\/media?parent=16057"}],"wp:term":[{"taxonomy":"category","embeddable":true,"href":"https:\/\/digitalreportmx.com\/index.php\/wp-json\/wp\/v2\/categories?post=16057"},{"taxonomy":"post_tag","embeddable":true,"href":"https:\/\/digitalreportmx.com\/index.php\/wp-json\/wp\/v2\/tags?post=16057"}],"curies":[{"name":"wp","href":"https:\/\/api.w.org\/{rel}","templated":true}]}}