{"id":16130,"date":"2025-06-29T17:55:07","date_gmt":"2025-06-29T23:55:07","guid":{"rendered":"https:\/\/digitalreportmx.com\/?p=16130"},"modified":"2025-06-29T17:55:08","modified_gmt":"2025-06-29T23:55:08","slug":"conjunta-monterrey-acciones-a-favor-del-medio-ambiente","status":"publish","type":"post","link":"https:\/\/digitalreportmx.com\/index.php\/2025\/06\/29\/conjunta-monterrey-acciones-a-favor-del-medio-ambiente\/","title":{"rendered":"Conjunta Monterrey acciones a favor del medio ambiente"},"content":{"rendered":"\n<p><kbd>Monterrey, NL<\/kbd><\/p>\n\n\n\n<p>Dentro de los esfuerzos del Gobierno municipal por convertir a Monterrey en una ciudad m\u00e1s verde y respetuosa del medio ambiente, este fin de semana la Secretar\u00eda de Desarrollo Urbano Sostenible(SEDUSO) llev\u00f3 a cabo tres eventos alusivos.<\/p>\n\n\n\n<p>Se trata de la conmemoraci\u00f3n mundial del D\u00eda del \u00c1rbol que fue el 28 de junio, as\u00ed como la s\u00e9ptima edici\u00f3n del programa \u201cRecicla y Resuelve\u201d y una rodada ciclista por la colonia Chepevera.<\/p>\n\n\n\n<p>Para fomentar la conciencia ambiental y promover una ciudad resiliente ante el cambio clim\u00e1tico, en la zona Cumbres tuvo lugar el programa \u201cAdopta un \u00e1rbol\u201d donde la comunidad previamente inscrita, acudi\u00f3 por su ejemplar.<\/p>\n\n\n\n<p>Los ciudadanos se comprometen a plantar y cuidar el desarrollo de la especie nativa que reciben para contar con m\u00e1s espacios verdes en las colonias.<\/p>\n\n\n\n<p>Durante la jornada se entregaron alrededor de 300 ejemplares de especies end\u00e9micas provenientes del vivero municipal.<\/p>\n\n\n\n<p>De forma simult\u00e1nea, la SEDUSO llev\u00f3 a cabo la s\u00e9ptima edici\u00f3n del programa \u201cRecicla y Resuelve\u201d, una iniciativa para crear conciencia sobre la reutilizaci\u00f3n de materiales.<\/p>\n\n\n\n<figure class=\"wp-block-image size-large\"><img loading=\"lazy\" decoding=\"async\" width=\"770\" height=\"1024\" src=\"https:\/\/digitalreportmx.com\/wp-content\/uploads\/2025\/06\/1000098219-770x1024.jpg\" alt=\"\" class=\"wp-image-16131\" srcset=\"https:\/\/digitalreportmx.com\/wp-content\/uploads\/2025\/06\/1000098219-770x1024.jpg 770w, https:\/\/digitalreportmx.com\/wp-content\/uploads\/2025\/06\/1000098219-226x300.jpg 226w, https:\/\/digitalreportmx.com\/wp-content\/uploads\/2025\/06\/1000098219-768x1021.jpg 768w, https:\/\/digitalreportmx.com\/wp-content\/uploads\/2025\/06\/1000098219.jpg 963w\" sizes=\"auto, (max-width: 770px) 100vw, 770px\" \/><\/figure>\n\n\n\n<p>En esta ocasi\u00f3n, m\u00e1s de 400 personas se dieron cita en el estacionamiento de Home Depot Cumbres, donde, bajo un formato drive-thru y peatonal, intercambiaron desechos de pl\u00e1stico, electr\u00f3nicos, papel, cart\u00f3n, vidrio, fierro, textiles y aceite vegetal usado, por una planta nativa.<\/p>\n\n\n\n<p>El evento es apoyado por las empresas recicladoras locales como Grupo AlEn, Copamex, Owens-Illinois, RESAA, Ecoilsa, Reciclaje Electr\u00f3nico Avanzado y [P]unto, quienes fueron los encargados de recibir y canalizar los residuos para su adecuado tratamiento.<\/p>\n\n\n\n<p>\u201cRecicla y Resuelve\u201d pretende modernizar la gesti\u00f3n de desechos s\u00f3lidos urbanos (RSU) e incentivar la participaci\u00f3n de la comunidad, del sector privado y organizaciones civiles en el cuidado ambiental.<\/p>\n\n\n\n<p>Otra de las acciones en el marco del \u201cmes de la bicicleta, la Direcci\u00f3n General de Movilidad y Espacio P\u00fablico de la SEDUSO efectu\u00f3 la \u201cRodada en Bici por mi Colonia: Chepevera\u201d.<\/p>\n\n\n\n<p>Vecinos del sector y autoridades se reunieron en el Parque Santa Rosa para recorrer 2.5 kil\u00f3metros de calles en la colonia.<\/p>\n\n\n\n<p>Previo a la rodada se brindan medidas de seguridad a los asistentes, entre quienes se busca fomentar el uso de la bicicleta como un modo de transporte sostenible y eficiente.<\/p>\n\n\n\n<figure class=\"wp-block-image size-large\"><img loading=\"lazy\" decoding=\"async\" width=\"770\" height=\"1024\" src=\"https:\/\/digitalreportmx.com\/wp-content\/uploads\/2025\/06\/1000098214-770x1024.jpg\" alt=\"\" class=\"wp-image-16132\" srcset=\"https:\/\/digitalreportmx.com\/wp-content\/uploads\/2025\/06\/1000098214-770x1024.jpg 770w, https:\/\/digitalreportmx.com\/wp-content\/uploads\/2025\/06\/1000098214-226x300.jpg 226w, https:\/\/digitalreportmx.com\/wp-content\/uploads\/2025\/06\/1000098214-768x1021.jpg 768w, https:\/\/digitalreportmx.com\/wp-content\/uploads\/2025\/06\/1000098214.jpg 963w\" sizes=\"auto, (max-width: 770px) 100vw, 770px\" \/><\/figure>\n\n\n\n<p>En \u00e9stos eventos estuvieron presentes autoridades municipales como Fernando Guti\u00e9rrez Moreno, secretario de Desarrollo Urbano Sostenible; Mayela Quiroga Tamez, secretaria de Servicios P\u00fablicos; Rafael Ramos de la Garza, secretario de Participaci\u00f3n Ciudadana; Maday Frin\u00e9e Cant\u00fa, directora del Instituto de la Juventud Regia; Mart\u00edn Mendoza Lozano, director General para un Desarrollo Verde; Abraham Hern\u00e1ndez Montemayor, director para una Ciudad Verde, Juan Carlos Ruiz, director General de Movilidad y Espacio P\u00fablico; y Alejandra Guill\u00e9n Labastida, Jefa de Cultura Ambiental.<\/p>\n","protected":false},"excerpt":{"rendered":"<p>Monterrey, NL Dentro de los esfuerzos del Gobierno municipal por convertir a Monterrey en una ciudad m\u00e1s verde y respetuosa del medio ambiente, este fin de semana la Secretar\u00eda de Desarrollo Urbano Sostenible(SEDUSO) llev\u00f3 a cabo tres eventos alusivos. Se trata de la conmemoraci\u00f3n mundial del D\u00eda del \u00c1rbol que fue el 28 de junio, [&hellip;]<\/p>\n","protected":false},"author":1,"featured_media":16133,"comment_status":"open","ping_status":"open","sticky":false,"template":"","format":"standard","meta":{"om_disable_all_campaigns":false,"_monsterinsights_skip_tracking":false,"_monsterinsights_sitenote_active":false,"_monsterinsights_sitenote_note":"","_monsterinsights_sitenote_category":0,"footnotes":""},"categories":[15,6],"tags":[],"class_list":["post-16130","post","type-post","status-publish","format-standard","has-post-thumbnail","hentry","category-relevante","category-local"],"aioseo_notices":[],"_links":{"self":[{"href":"https:\/\/digitalreportmx.com\/index.php\/wp-json\/wp\/v2\/posts\/16130","targetHints":{"allow":["GET"]}}],"collection":[{"href":"https:\/\/digitalreportmx.com\/index.php\/wp-json\/wp\/v2\/posts"}],"about":[{"href":"https:\/\/digitalreportmx.com\/index.php\/wp-json\/wp\/v2\/types\/post"}],"author":[{"embeddable":true,"href":"https:\/\/digitalreportmx.com\/index.php\/wp-json\/wp\/v2\/users\/1"}],"replies":[{"embeddable":true,"href":"https:\/\/digitalreportmx.com\/index.php\/wp-json\/wp\/v2\/comments?post=16130"}],"version-history":[{"count":1,"href":"https:\/\/digitalreportmx.com\/index.php\/wp-json\/wp\/v2\/posts\/16130\/revisions"}],"predecessor-version":[{"id":16134,"href":"https:\/\/digitalreportmx.com\/index.php\/wp-json\/wp\/v2\/posts\/16130\/revisions\/16134"}],"wp:featuredmedia":[{"embeddable":true,"href":"https:\/\/digitalreportmx.com\/index.php\/wp-json\/wp\/v2\/media\/16133"}],"wp:attachment":[{"href":"https:\/\/digitalreportmx.com\/index.php\/wp-json\/wp\/v2\/media?parent=16130"}],"wp:term":[{"taxonomy":"category","embeddable":true,"href":"https:\/\/digitalreportmx.com\/index.php\/wp-json\/wp\/v2\/categories?post=16130"},{"taxonomy":"post_tag","embeddable":true,"href":"https:\/\/digitalreportmx.com\/index.php\/wp-json\/wp\/v2\/tags?post=16130"}],"curies":[{"name":"wp","href":"https:\/\/api.w.org\/{rel}","templated":true}]}}