{"id":16181,"date":"2025-06-30T18:26:32","date_gmt":"2025-07-01T00:26:32","guid":{"rendered":"https:\/\/digitalreportmx.com\/?p=16181"},"modified":"2025-06-30T18:26:35","modified_gmt":"2025-07-01T00:26:35","slug":"robustecen-la-ley-de-salud-mental-con-siete-reformas","status":"publish","type":"post","link":"https:\/\/digitalreportmx.com\/index.php\/2025\/06\/30\/robustecen-la-ley-de-salud-mental-con-siete-reformas\/","title":{"rendered":"Robustecen la Ley de Salud Mental con siete reformas"},"content":{"rendered":"\n<p><kbd>Monterrey<\/kbd><\/p>\n\n\n\n<p>La Comisi\u00f3n de Salud y Atenci\u00f3n a Grupos Vulnerables del Congreso del Estado aprob\u00f3 hoy robustecer la Ley de Salud Mental con siete reformas.<\/p>\n\n\n\n<p>La diputada Lupita Rodr\u00edguez Mart\u00ednez, integrante de la Comisi\u00f3n que preside la diputada Gabriela Govea Jim\u00e9nez, reconoci\u00f3 que la Ley se robustece y se alinea con las disposiciones de la ONU.<\/p>\n\n\n\n<p>\u201cS\u00f3lo esperamos que est\u00e1s siete reformas se incorporen pronto a la Ley de Salud Mental\u201d, dijo la legisladora del Partido del Trabajo.<\/p>\n\n\n\n<p>La ONU ha se\u00f1alado, expuso, que para el 2030 se espera aumente el n\u00famero de enfermedades mentales y se considere como una discapacidad de primer orden.<\/p>\n\n\n\n<p>\u201cEsto amerita que empecemos a tomar medidas en esa direcci\u00f3n con las siete reformas presentadas por compa\u00f1eras y compa\u00f1eros diputados, as\u00ed como por ciudadanas y ciudadanos\u201d, explic\u00f3.<\/p>\n\n\n\n<p>Destac\u00f3 que el diputado Heriberto Trevi\u00f1o propuso incorporar la definici\u00f3n de duelo y regular los servicios de tanatolog\u00eda para familias por enfermedades terminales, mientras que la ciudadana Debanhi Pe\u00f1a plante\u00f3 dar seguimiento a los tratamientos por salud mental.<\/p>\n\n\n\n<p>Refiri\u00f3 que el diputado Miguel Flores promovi\u00f3 establecer una l\u00ednea de emergencia telef\u00f3nica, as\u00ed como impulsar pol\u00edticas p\u00fablicas para orientar y tratar pacientes con enfermedad terminal.<\/p>\n\n\n\n<p>Dio a conocer que la diputada Sandra P\u00e1manes solicit\u00f3 fijar la paridad de g\u00e9nero en la integraci\u00f3n del Consejo de Salud y las directivas de las asociaciones de psic\u00f3logos y psiqui\u00e1tras.<\/p>\n\n\n\n<p>Felicit\u00f3 a las ciudadanas Mariana Larios y Andrea Elizondo por proponer desarrollar programas de salud mental en las escuelas p\u00fablicas y al diputado Baltazar Mart\u00ednez por armonizar los nombres de la Secretar\u00edas de Estado y de la Fiscal\u00eda de Justicia.<\/p>\n\n\n\n<p>\u201cTodas las iniciativas tienen el esp\u00edritu de avanzar en la atenci\u00f3n de la salud mental\u201d, sostuvo.<\/p>\n\n\n\n<figure class=\"wp-block-video\"><video controls src=\"https:\/\/digitalreportmx.com\/wp-content\/uploads\/2025\/06\/VID-20250630-WA0154.mp4\"><\/video><\/figure>\n\n\n\n<p><\/p>\n","protected":false},"excerpt":{"rendered":"<p>Monterrey La Comisi\u00f3n de Salud y Atenci\u00f3n a Grupos Vulnerables del Congreso del Estado aprob\u00f3 hoy robustecer la Ley de Salud Mental con siete reformas. La diputada Lupita Rodr\u00edguez Mart\u00ednez, integrante de la Comisi\u00f3n que preside la diputada Gabriela Govea Jim\u00e9nez, reconoci\u00f3 que la Ley se robustece y se alinea con las disposiciones de la [&hellip;]<\/p>\n","protected":false},"author":1,"featured_media":16182,"comment_status":"open","ping_status":"open","sticky":false,"template":"","format":"standard","meta":{"om_disable_all_campaigns":false,"_monsterinsights_skip_tracking":false,"_monsterinsights_sitenote_active":false,"_monsterinsights_sitenote_note":"","_monsterinsights_sitenote_category":0,"footnotes":""},"categories":[16,13],"tags":[],"class_list":["post-16181","post","type-post","status-publish","format-standard","has-post-thumbnail","hentry","category-relevante-2","category-reporte-local"],"aioseo_notices":[],"_links":{"self":[{"href":"https:\/\/digitalreportmx.com\/index.php\/wp-json\/wp\/v2\/posts\/16181","targetHints":{"allow":["GET"]}}],"collection":[{"href":"https:\/\/digitalreportmx.com\/index.php\/wp-json\/wp\/v2\/posts"}],"about":[{"href":"https:\/\/digitalreportmx.com\/index.php\/wp-json\/wp\/v2\/types\/post"}],"author":[{"embeddable":true,"href":"https:\/\/digitalreportmx.com\/index.php\/wp-json\/wp\/v2\/users\/1"}],"replies":[{"embeddable":true,"href":"https:\/\/digitalreportmx.com\/index.php\/wp-json\/wp\/v2\/comments?post=16181"}],"version-history":[{"count":1,"href":"https:\/\/digitalreportmx.com\/index.php\/wp-json\/wp\/v2\/posts\/16181\/revisions"}],"predecessor-version":[{"id":16184,"href":"https:\/\/digitalreportmx.com\/index.php\/wp-json\/wp\/v2\/posts\/16181\/revisions\/16184"}],"wp:featuredmedia":[{"embeddable":true,"href":"https:\/\/digitalreportmx.com\/index.php\/wp-json\/wp\/v2\/media\/16182"}],"wp:attachment":[{"href":"https:\/\/digitalreportmx.com\/index.php\/wp-json\/wp\/v2\/media?parent=16181"}],"wp:term":[{"taxonomy":"category","embeddable":true,"href":"https:\/\/digitalreportmx.com\/index.php\/wp-json\/wp\/v2\/categories?post=16181"},{"taxonomy":"post_tag","embeddable":true,"href":"https:\/\/digitalreportmx.com\/index.php\/wp-json\/wp\/v2\/tags?post=16181"}],"curies":[{"name":"wp","href":"https:\/\/api.w.org\/{rel}","templated":true}]}}