{"id":16395,"date":"2025-07-04T17:45:23","date_gmt":"2025-07-04T23:45:23","guid":{"rendered":"https:\/\/digitalreportmx.com\/?p=16395"},"modified":"2025-07-04T17:45:33","modified_gmt":"2025-07-04T23:45:33","slug":"activa-santa-catarina-operativo-de-seguridad-por-periodo-vacacional-en-verano","status":"publish","type":"post","link":"https:\/\/digitalreportmx.com\/index.php\/2025\/07\/04\/activa-santa-catarina-operativo-de-seguridad-por-periodo-vacacional-en-verano\/","title":{"rendered":"Activa Santa Catarina operativo de seguridad por periodo vacacional  en verano"},"content":{"rendered":"\n<p><kbd>Santa Catarina<\/kbd><\/p>\n\n\n\n<p>El Gobierno de Santa Catarina activ\u00f3 el Operativo de Seguridad para el Verano, que se mantendr\u00e1 vigente hasta el 1 de septiembre, que inicia el ciclo escolar 2025-2026, con el objetivo de garantizar el orden y la tranquilidad de las familias durante el periodo vacacional.<\/p>\n\n\n\n<p>En el despliegue participan de forma coordinada la Secretar\u00eda de Seguridad P\u00fablica y Vialidad de Santa Catarina, elementos de Protecci\u00f3n Civil Jaguares, la Guardia Nacional, el Ej\u00e9rcito Mexicano, Fuerza Civil y la Agencia Estatal de Investigaciones con acciones estrat\u00e9gicas para vigilar al municipio, as\u00ed como tambi\u00e9n para prevenir accidentes y responder de manera oportuna ante cualquier emergencia.<\/p>\n\n\n\n<p>El secretario de Seguridad P\u00fablica y Vialidad, Jos\u00e9 Mar\u00eda Ram\u00edrez Reyes, se\u00f1al\u00f3 que la presencia de los elementos de seguridad y auxilio se reforzar\u00e1 especialmente en lugares concurridos como las vialidades principales, parques, centros recreativos y comerciales, unidades deportivas y zonas tur\u00edsticas como el Parque Ecol\u00f3gico La Huasteca.<\/p>\n\n\n\n<p>\u201cVamos a tener una vigilancia permanente en todos los sectores del municipio. El objetivo es que las familias disfruten de sus vacaciones con tranquilidad y en entornos seguros\u201d dijo.<\/p>\n\n\n\n<figure class=\"wp-block-image size-large\"><img loading=\"lazy\" decoding=\"async\" width=\"1024\" height=\"576\" src=\"https:\/\/digitalreportmx.com\/wp-content\/uploads\/2025\/07\/IMG-20250704-WA0093-1-1024x576.jpg\" alt=\"\" class=\"wp-image-16397\" srcset=\"https:\/\/digitalreportmx.com\/wp-content\/uploads\/2025\/07\/IMG-20250704-WA0093-1-1024x576.jpg 1024w, https:\/\/digitalreportmx.com\/wp-content\/uploads\/2025\/07\/IMG-20250704-WA0093-1-300x169.jpg 300w, https:\/\/digitalreportmx.com\/wp-content\/uploads\/2025\/07\/IMG-20250704-WA0093-1-768x432.jpg 768w, https:\/\/digitalreportmx.com\/wp-content\/uploads\/2025\/07\/IMG-20250704-WA0093-1-1536x864.jpg 1536w, https:\/\/digitalreportmx.com\/wp-content\/uploads\/2025\/07\/IMG-20250704-WA0093-1.jpg 1600w\" sizes=\"auto, (max-width: 1024px) 100vw, 1024px\" \/><\/figure>\n\n\n\n<p>Ram\u00edrez Reyes agreg\u00f3 que tambi\u00e9n se instalar\u00e1n puntos de revisi\u00f3n y m\u00f3dulos de atenci\u00f3n ciudadana en la entrada y salida del municipio.<\/p>\n\n\n\n<p>Asimismo, exhort\u00f3 a la ciudadan\u00eda a seguir las indicaciones de los cuerpos de seguridad y reportar cualquier incidente en el C4 al 8186761908.<\/p>\n\n\n\n<figure class=\"wp-block-video\"><video controls src=\"https:\/\/digitalreportmx.com\/wp-content\/uploads\/2025\/07\/WhatsApp-Video-2025-07-04-at-2.16.23-PM.mp4\"><\/video><\/figure>\n","protected":false},"excerpt":{"rendered":"<p>Santa Catarina El Gobierno de Santa Catarina activ\u00f3 el Operativo de Seguridad para el Verano, que se mantendr\u00e1 vigente hasta el 1 de septiembre, que inicia el ciclo escolar 2025-2026, con el objetivo de garantizar el orden y la tranquilidad de las familias durante el periodo vacacional. En el despliegue participan de forma coordinada la [&hellip;]<\/p>\n","protected":false},"author":1,"featured_media":16396,"comment_status":"open","ping_status":"open","sticky":false,"template":"","format":"standard","meta":{"om_disable_all_campaigns":false,"_monsterinsights_skip_tracking":false,"_monsterinsights_sitenote_active":false,"_monsterinsights_sitenote_note":"","_monsterinsights_sitenote_category":0,"footnotes":""},"categories":[16,13],"tags":[],"class_list":["post-16395","post","type-post","status-publish","format-standard","has-post-thumbnail","hentry","category-relevante-2","category-reporte-local"],"aioseo_notices":[],"_links":{"self":[{"href":"https:\/\/digitalreportmx.com\/index.php\/wp-json\/wp\/v2\/posts\/16395","targetHints":{"allow":["GET"]}}],"collection":[{"href":"https:\/\/digitalreportmx.com\/index.php\/wp-json\/wp\/v2\/posts"}],"about":[{"href":"https:\/\/digitalreportmx.com\/index.php\/wp-json\/wp\/v2\/types\/post"}],"author":[{"embeddable":true,"href":"https:\/\/digitalreportmx.com\/index.php\/wp-json\/wp\/v2\/users\/1"}],"replies":[{"embeddable":true,"href":"https:\/\/digitalreportmx.com\/index.php\/wp-json\/wp\/v2\/comments?post=16395"}],"version-history":[{"count":1,"href":"https:\/\/digitalreportmx.com\/index.php\/wp-json\/wp\/v2\/posts\/16395\/revisions"}],"predecessor-version":[{"id":16399,"href":"https:\/\/digitalreportmx.com\/index.php\/wp-json\/wp\/v2\/posts\/16395\/revisions\/16399"}],"wp:featuredmedia":[{"embeddable":true,"href":"https:\/\/digitalreportmx.com\/index.php\/wp-json\/wp\/v2\/media\/16396"}],"wp:attachment":[{"href":"https:\/\/digitalreportmx.com\/index.php\/wp-json\/wp\/v2\/media?parent=16395"}],"wp:term":[{"taxonomy":"category","embeddable":true,"href":"https:\/\/digitalreportmx.com\/index.php\/wp-json\/wp\/v2\/categories?post=16395"},{"taxonomy":"post_tag","embeddable":true,"href":"https:\/\/digitalreportmx.com\/index.php\/wp-json\/wp\/v2\/tags?post=16395"}],"curies":[{"name":"wp","href":"https:\/\/api.w.org\/{rel}","templated":true}]}}