{"id":16598,"date":"2025-07-08T12:06:01","date_gmt":"2025-07-08T18:06:01","guid":{"rendered":"https:\/\/digitalreportmx.com\/?p=16598"},"modified":"2025-07-08T12:06:06","modified_gmt":"2025-07-08T18:06:06","slug":"delegacion-de-centros-comunitarios-se-corona-en-olimpiada-estatal","status":"publish","type":"post","link":"https:\/\/digitalreportmx.com\/index.php\/2025\/07\/08\/delegacion-de-centros-comunitarios-se-corona-en-olimpiada-estatal\/","title":{"rendered":"Delegaci\u00f3n de Centros Comunitarios se corona en Olimpiada Estatal"},"content":{"rendered":"\n<p>Monterrey<\/p>\n\n\n\n<p>La delegaci\u00f3n de Centros Comunitarios de la Secretar\u00eda Igualdad e Inclusi\u00f3n que encabeza Martha Herrera logr\u00f3 los primeros triunfos en la Olimpiada Estatal 2025.<\/p>\n\n\n\n<p>En el bloque uno, la delegaci\u00f3n de Centros Comunitarios compiti\u00f3 en la disciplina de Karate en la que logr\u00f3 colgarse 2 medallas de plata y cinco de bronce, tras enfrentarse el fin de semana a 18 delegaciones.<\/p>\n\n\n\n<figure class=\"wp-block-image size-large\"><img loading=\"lazy\" decoding=\"async\" width=\"1024\" height=\"682\" src=\"https:\/\/digitalreportmx.com\/wp-content\/uploads\/2025\/07\/IMG-20250708-WA0066-1024x682.jpg\" alt=\"\" class=\"wp-image-16600\" srcset=\"https:\/\/digitalreportmx.com\/wp-content\/uploads\/2025\/07\/IMG-20250708-WA0066-1024x682.jpg 1024w, https:\/\/digitalreportmx.com\/wp-content\/uploads\/2025\/07\/IMG-20250708-WA0066-300x200.jpg 300w, https:\/\/digitalreportmx.com\/wp-content\/uploads\/2025\/07\/IMG-20250708-WA0066-768x512.jpg 768w, https:\/\/digitalreportmx.com\/wp-content\/uploads\/2025\/07\/IMG-20250708-WA0066.jpg 1280w\" sizes=\"auto, (max-width: 1024px) 100vw, 1024px\" \/><\/figure>\n\n\n\n<p>La justa deportiva se realiz\u00f3 el s\u00e1bado y domingo en las instalaciones del Gimnasio Nuevo Le\u00f3n.<\/p>\n\n\n\n<p>La Delegaci\u00f3n de Centros Comunitarios, participa por segunda ocasi\u00f3n en el magno evento deportivo organizado por el Instituto de Cultura F\u00edsica y Deporte del Estado de Nuevo Le\u00f3n.<\/p>\n\n\n\n<figure class=\"wp-block-image size-large\"><img loading=\"lazy\" decoding=\"async\" width=\"1024\" height=\"564\" src=\"https:\/\/digitalreportmx.com\/wp-content\/uploads\/2025\/07\/IMG-20250708-WA0068-1024x564.jpg\" alt=\"\" class=\"wp-image-16601\" srcset=\"https:\/\/digitalreportmx.com\/wp-content\/uploads\/2025\/07\/IMG-20250708-WA0068-1024x564.jpg 1024w, https:\/\/digitalreportmx.com\/wp-content\/uploads\/2025\/07\/IMG-20250708-WA0068-300x165.jpg 300w, https:\/\/digitalreportmx.com\/wp-content\/uploads\/2025\/07\/IMG-20250708-WA0068-768x423.jpg 768w, https:\/\/digitalreportmx.com\/wp-content\/uploads\/2025\/07\/IMG-20250708-WA0068.jpg 1280w\" sizes=\"auto, (max-width: 1024px) 100vw, 1024px\" \/><\/figure>\n\n\n\n<p>La delegaci\u00f3n deportiva que representa a Centros Comunitarios en la Olimpiada Estatal se integr\u00f3 por 250 deportistas formados en los talleres de Centros Comunitarios en las disciplinas de Lucha ol\u00edmpica, Karate, Tae Kwon Do, Box, Tenis de mesa, B\u00e1squetbol y Ajedrez.<\/p>\n\n\n\n<p>Nombre<br>Medalla<br>Reynold Ramos Berm\u00fadez<br>Plata<br>Emmanuel Antonio Cruz<br>Plata y Bronce<br>Sof\u00eda Valentina Neria Corchado<br>Bronce<br>Ximena Hern\u00e1ndez Gayt\u00e1n<br>Bronce<br>Renata Luna Mart\u00ednez<br>Bronce<br>Katherin Michell Rodr\u00edguez P\u00e9rez<br>Bronce<\/p>\n\n\n\n<figure class=\"wp-block-image size-large\"><img loading=\"lazy\" decoding=\"async\" width=\"1024\" height=\"684\" src=\"https:\/\/digitalreportmx.com\/wp-content\/uploads\/2025\/07\/IMG-20250708-WA0069-1024x684.jpg\" alt=\"\" class=\"wp-image-16602\" srcset=\"https:\/\/digitalreportmx.com\/wp-content\/uploads\/2025\/07\/IMG-20250708-WA0069-1024x684.jpg 1024w, https:\/\/digitalreportmx.com\/wp-content\/uploads\/2025\/07\/IMG-20250708-WA0069-300x200.jpg 300w, https:\/\/digitalreportmx.com\/wp-content\/uploads\/2025\/07\/IMG-20250708-WA0069-768x513.jpg 768w, https:\/\/digitalreportmx.com\/wp-content\/uploads\/2025\/07\/IMG-20250708-WA0069.jpg 1280w\" sizes=\"auto, (max-width: 1024px) 100vw, 1024px\" \/><\/figure>\n","protected":false},"excerpt":{"rendered":"<p>Monterrey La delegaci\u00f3n de Centros Comunitarios de la Secretar\u00eda Igualdad e Inclusi\u00f3n que encabeza Martha Herrera logr\u00f3 los primeros triunfos en la Olimpiada Estatal 2025. En el bloque uno, la delegaci\u00f3n de Centros Comunitarios compiti\u00f3 en la disciplina de Karate en la que logr\u00f3 colgarse 2 medallas de plata y cinco de bronce, tras enfrentarse [&hellip;]<\/p>\n","protected":false},"author":1,"featured_media":16599,"comment_status":"open","ping_status":"open","sticky":false,"template":"","format":"standard","meta":{"om_disable_all_campaigns":false,"_monsterinsights_skip_tracking":false,"_monsterinsights_sitenote_active":false,"_monsterinsights_sitenote_note":"","_monsterinsights_sitenote_category":0,"footnotes":""},"categories":[16,13],"tags":[],"class_list":["post-16598","post","type-post","status-publish","format-standard","has-post-thumbnail","hentry","category-relevante-2","category-reporte-local"],"aioseo_notices":[],"_links":{"self":[{"href":"https:\/\/digitalreportmx.com\/index.php\/wp-json\/wp\/v2\/posts\/16598","targetHints":{"allow":["GET"]}}],"collection":[{"href":"https:\/\/digitalreportmx.com\/index.php\/wp-json\/wp\/v2\/posts"}],"about":[{"href":"https:\/\/digitalreportmx.com\/index.php\/wp-json\/wp\/v2\/types\/post"}],"author":[{"embeddable":true,"href":"https:\/\/digitalreportmx.com\/index.php\/wp-json\/wp\/v2\/users\/1"}],"replies":[{"embeddable":true,"href":"https:\/\/digitalreportmx.com\/index.php\/wp-json\/wp\/v2\/comments?post=16598"}],"version-history":[{"count":1,"href":"https:\/\/digitalreportmx.com\/index.php\/wp-json\/wp\/v2\/posts\/16598\/revisions"}],"predecessor-version":[{"id":16603,"href":"https:\/\/digitalreportmx.com\/index.php\/wp-json\/wp\/v2\/posts\/16598\/revisions\/16603"}],"wp:featuredmedia":[{"embeddable":true,"href":"https:\/\/digitalreportmx.com\/index.php\/wp-json\/wp\/v2\/media\/16599"}],"wp:attachment":[{"href":"https:\/\/digitalreportmx.com\/index.php\/wp-json\/wp\/v2\/media?parent=16598"}],"wp:term":[{"taxonomy":"category","embeddable":true,"href":"https:\/\/digitalreportmx.com\/index.php\/wp-json\/wp\/v2\/categories?post=16598"},{"taxonomy":"post_tag","embeddable":true,"href":"https:\/\/digitalreportmx.com\/index.php\/wp-json\/wp\/v2\/tags?post=16598"}],"curies":[{"name":"wp","href":"https:\/\/api.w.org\/{rel}","templated":true}]}}