{"id":16707,"date":"2025-07-09T19:57:00","date_gmt":"2025-07-10T01:57:00","guid":{"rendered":"https:\/\/digitalreportmx.com\/?p=16707"},"modified":"2025-07-09T19:57:00","modified_gmt":"2025-07-10T01:57:00","slug":"arranca-programa-mas-salud-san-pedro","status":"publish","type":"post","link":"https:\/\/digitalreportmx.com\/index.php\/2025\/07\/09\/arranca-programa-mas-salud-san-pedro\/","title":{"rendered":"Arranca programa M\u00e1s Salud San Pedro"},"content":{"rendered":"\n<p><kbd>San Pedro Garza Garc\u00eda<\/kbd><\/p>\n\n\n\n<p>Con el fin de garantizar servicios de salud de primera calidad a los habitantes, el Municipio de San Pedro arranc\u00f3 con el programa M\u00e1s Salud San Pedro con la apertura del primer consultorio gratuito en la colonia Canteras.<\/p>\n\n\n\n<p>Al inaugurar el espacio que dar\u00e1 servicio gratuito de consulta general, laboratorio y medicamentos sin costo, el Secretario General, Luis Alberto Susarrey, asegur\u00f3 que es un compromiso cumplido por el Alcalde, Mauricio Fern\u00e1ndez.<\/p>\n\n\n\n<p>\u201cLa salud es un derecho humano que en el pa\u00eds tristemente no se garantiza. Si queremos hacer el cambio que necesita M\u00e9xico, hay que poner el ejemplo desde el mejor municipio del pa\u00eds, desde aqu\u00ed, y aqu\u00ed le vamos a dar servicio de salud a toda la gente. No va a haber un solo ciudadano de San Pedro que se quede sin la oportunidad de tener atenci\u00f3n m\u00e9dica\u201d, dijo.<\/p>\n\n\n\n<figure class=\"wp-block-image size-large\"><img loading=\"lazy\" decoding=\"async\" width=\"1024\" height=\"682\" src=\"https:\/\/digitalreportmx.com\/wp-content\/uploads\/2025\/07\/1000103131-1024x682.jpg\" alt=\"\" class=\"wp-image-16708\" srcset=\"https:\/\/digitalreportmx.com\/wp-content\/uploads\/2025\/07\/1000103131-1024x682.jpg 1024w, https:\/\/digitalreportmx.com\/wp-content\/uploads\/2025\/07\/1000103131-300x200.jpg 300w, https:\/\/digitalreportmx.com\/wp-content\/uploads\/2025\/07\/1000103131-768x512.jpg 768w, https:\/\/digitalreportmx.com\/wp-content\/uploads\/2025\/07\/1000103131-1536x1024.jpg 1536w, https:\/\/digitalreportmx.com\/wp-content\/uploads\/2025\/07\/1000103131-2048x1365.jpg 2048w\" sizes=\"auto, (max-width: 1024px) 100vw, 1024px\" \/><\/figure>\n\n\n\n<p>\u201cEmpezamos con este aqu\u00ed en el oriente. Vamos a poner uno tambi\u00e9n en el poniente. Vamos a poner otro en la colonia Los Pinos y vamos a poner una cl\u00ednica municipal. Y as\u00ed hasta el final de la administraci\u00f3n ese fue a lo que se comprometi\u00f3 el Alcalde\u201d.<\/p>\n\n\n\n<p>Mercedes Zorrilla, Secretar\u00eda de Desarrollo Social y Calidad de Vida, invit\u00f3 a los ciudadanos a aprovechar los servicios que brinda el municipio.<\/p>\n\n\n\n<p>\u201cVa a dar un servicio de atenci\u00f3n m\u00e9dica que se llama de primer nivel, muy importante, con un horario de 8 a 5 de la tarde y vamos a tener laboratorios aqu\u00ed tambi\u00e9n. Todos estos tres servicios son gratuitos completamente\u201d, expres\u00f3 Zorrilla.<\/p>\n\n\n\n<figure class=\"wp-block-video\"><video controls src=\"https:\/\/digitalreportmx.com\/wp-content\/uploads\/2025\/07\/1000103139.mp4\"><\/video><\/figure>\n\n\n\n<p>Tras la inauguraci\u00f3n, la vecina Norma Hern\u00e1ndez, jueza auxiliar del sector, agradeci\u00f3 a la administraci\u00f3n municipal los servicios m\u00e9dicos.<\/p>\n\n\n\n<p>\u201cQuiero agradecerle a todo el equipo que nos est\u00e1 cumpliendo este sue\u00f1o de tanto tiempo porque fue un proyecto que se pidi\u00f3 desde hace mucho tiempo y pasaban administraciones y nada m\u00e1s no. Ahorita, bendito Dios, miren, el sue\u00f1o est\u00e1 realizado\u201d.<\/p>\n\n\n\n<p>Adem\u00e1s de la inaiguraci\u00f3n, el Municipio realiz\u00f3 una brigada de servicios, donde, las personas se pudieron vacunar y obtener informaci\u00f3n para becas y programas sociales.<\/p>\n","protected":false},"excerpt":{"rendered":"<p>San Pedro Garza Garc\u00eda Con el fin de garantizar servicios de salud de primera calidad a los habitantes, el Municipio de San Pedro arranc\u00f3 con el programa M\u00e1s Salud San Pedro con la apertura del primer consultorio gratuito en la colonia Canteras. Al inaugurar el espacio que dar\u00e1 servicio gratuito de consulta general, laboratorio y [&hellip;]<\/p>\n","protected":false},"author":1,"featured_media":16710,"comment_status":"open","ping_status":"open","sticky":false,"template":"","format":"standard","meta":{"om_disable_all_campaigns":false,"_monsterinsights_skip_tracking":false,"_monsterinsights_sitenote_active":false,"_monsterinsights_sitenote_note":"","_monsterinsights_sitenote_category":0,"footnotes":""},"categories":[15,6],"tags":[],"class_list":["post-16707","post","type-post","status-publish","format-standard","has-post-thumbnail","hentry","category-relevante","category-local"],"aioseo_notices":[],"_links":{"self":[{"href":"https:\/\/digitalreportmx.com\/index.php\/wp-json\/wp\/v2\/posts\/16707","targetHints":{"allow":["GET"]}}],"collection":[{"href":"https:\/\/digitalreportmx.com\/index.php\/wp-json\/wp\/v2\/posts"}],"about":[{"href":"https:\/\/digitalreportmx.com\/index.php\/wp-json\/wp\/v2\/types\/post"}],"author":[{"embeddable":true,"href":"https:\/\/digitalreportmx.com\/index.php\/wp-json\/wp\/v2\/users\/1"}],"replies":[{"embeddable":true,"href":"https:\/\/digitalreportmx.com\/index.php\/wp-json\/wp\/v2\/comments?post=16707"}],"version-history":[{"count":1,"href":"https:\/\/digitalreportmx.com\/index.php\/wp-json\/wp\/v2\/posts\/16707\/revisions"}],"predecessor-version":[{"id":16711,"href":"https:\/\/digitalreportmx.com\/index.php\/wp-json\/wp\/v2\/posts\/16707\/revisions\/16711"}],"wp:featuredmedia":[{"embeddable":true,"href":"https:\/\/digitalreportmx.com\/index.php\/wp-json\/wp\/v2\/media\/16710"}],"wp:attachment":[{"href":"https:\/\/digitalreportmx.com\/index.php\/wp-json\/wp\/v2\/media?parent=16707"}],"wp:term":[{"taxonomy":"category","embeddable":true,"href":"https:\/\/digitalreportmx.com\/index.php\/wp-json\/wp\/v2\/categories?post=16707"},{"taxonomy":"post_tag","embeddable":true,"href":"https:\/\/digitalreportmx.com\/index.php\/wp-json\/wp\/v2\/tags?post=16707"}],"curies":[{"name":"wp","href":"https:\/\/api.w.org\/{rel}","templated":true}]}}