{"id":16730,"date":"2025-07-09T23:21:10","date_gmt":"2025-07-10T05:21:10","guid":{"rendered":"https:\/\/digitalreportmx.com\/?p=16730"},"modified":"2025-07-09T23:21:52","modified_gmt":"2025-07-10T05:21:52","slug":"turistee-en-un-verano-de-aventuras-por-los-3-museos-de-nl","status":"publish","type":"post","link":"https:\/\/digitalreportmx.com\/index.php\/2025\/07\/09\/turistee-en-un-verano-de-aventuras-por-los-3-museos-de-nl\/","title":{"rendered":"Turiste\u00e9 en un verano de aventuras por los 3 Museos"},"content":{"rendered":"\n<p><kbd>Monterrey<\/kbd><br>Durante este verano, Museo de Historia Mexicana, el Museo del Noreste y el Museo del Palacio se transforman en espacios de encuentro, imaginaci\u00f3n y descubrimiento e invitan a las familias a vivir un \u201cVerano de Aventuras\u201d, con exposiciones, talleres y actividades esc\u00e9nicas y musicales pensadas para compartir entre generaciones, del 7 de julio al 17 de agosto.<br>Desde cuentos teatralizados y conciertos, hasta funciones de cine al aire libre y debates hist\u00f3ricos con voces j\u00f3venes, la cartelera ofrece experiencias que combinan aprendizaje, arte y entretenimiento. Adem\u00e1s, se mantendr\u00e1 la entrada libre los martes y domingo.<br>En el Museo de Historia Mexicana, hay dos exposiciones temporales: \u201cEl M\u00e9xico de los Mexicanos III\u201d, exhibici\u00f3n en conjunto con Banco Nacional de M\u00e9xico, a trav\u00e9s de Fomento Cultural Banamex, son 22 im\u00e1genes producto de un concurso internacional que intenta mostrar el pa\u00eds que habitamos; y \u201cArte y pensamiento textil. Herencia viva de las mujeres ind\u00edgenas\u201d que rinde homenaje y abre nuevos cauces de discusi\u00f3n en torno al conocimiento y legado de las tejedoras y bordadoras mexicanas.<br>DEBATE, M\u00daSICA Y ACCI\u00d3N.<br>El domingo 13 de julio a las 17:00 horas el Auditorio del Museo de Historia Mexicana, se presentar\u00e1 un concierto entra\u00f1able en Cantares del Pueblo con la \u201cAntolog\u00eda de la Canci\u00f3n Mexicana\u201d a cargo de los alumnos de los talleres de canto de la Casa de la Cultura, del maestro Carlos Paredes, con un repertorio de boleros, canciones de pel\u00edculas mexicanas y temas rancheros que forman parte del alma sonora mexicana.<br>El programa \u201cLa Historia a Debate\u201d tendr\u00e1 una sesi\u00f3n muy especial el mi\u00e9rcoles 23 de julio a las 19:00 horas, titulada \u201cTambi\u00e9n la ni\u00f1ez hace historia\u201d. En esta ocasi\u00f3n, los panelistas ser\u00e1n escolares que participan habitualmente en este ciclo de charlas, quienes compartir\u00e1n sus ideas sobre la utilidad de la historia, su aprendizaje y su relevancia en la vida cotidiana. El evento se realiza en conjunto con el Centro de Estudios Pol\u00edticos y de Historia Presente.<br>El viernes 25 de julio a las 19:30 horas, la Explanada del Museo de Historia Mexicana se convertir\u00e1 en sala de cine al aire libre con la proyecci\u00f3n del documental \u201cYa me voy\u201d (2018), dirigido por Lindsey Cordero y Armando Croda. La cinta relata la vida de Felipe, un migrante que, tras 16 a\u00f1os en Brooklyn, decide volver a casa, pero se enfrenta a una decisi\u00f3n inesperada al enterarse de las necesidades econ\u00f3micas de su familia. Una historia conmovedora sobre el sacrificio, el arraigo y la distancia.<br>A partir del martes 22 de julio los visitantes del Museo de Historia Mexicana podr\u00e1n competir en el juego \u201c100 mexicanos dijeron\u201d una experiencia l\u00fadica sobre la historia mexicana en sus diferentes per\u00edodos: Prehisp\u00e1nico, colonial, siglo XIX y M\u00e9xico Moderno, donde se podr\u00e1 en juego la habilidad mental, conocimientos sobre historia mexicana y la competencia.<br>Para mayores informes sobre horarios, talleres o actividades complementarias del programa Verano de Aventuras, comun\u00edcate al (81) 2033 9898 o visita las redes sociales con @3museos.<\/p>\n\n\n\n<figure class=\"wp-block-image size-large\"><img loading=\"lazy\" decoding=\"async\" width=\"1024\" height=\"1024\" src=\"https:\/\/digitalreportmx.com\/wp-content\/uploads\/2025\/07\/IMG-20250709-WA0139-1024x1024.jpg\" alt=\"\" class=\"wp-image-16732\" srcset=\"https:\/\/digitalreportmx.com\/wp-content\/uploads\/2025\/07\/IMG-20250709-WA0139-1024x1024.jpg 1024w, https:\/\/digitalreportmx.com\/wp-content\/uploads\/2025\/07\/IMG-20250709-WA0139-300x300.jpg 300w, https:\/\/digitalreportmx.com\/wp-content\/uploads\/2025\/07\/IMG-20250709-WA0139-150x150.jpg 150w, https:\/\/digitalreportmx.com\/wp-content\/uploads\/2025\/07\/IMG-20250709-WA0139-768x768.jpg 768w, https:\/\/digitalreportmx.com\/wp-content\/uploads\/2025\/07\/IMG-20250709-WA0139.jpg 1080w\" sizes=\"auto, (max-width: 1024px) 100vw, 1024px\" \/><\/figure>\n","protected":false},"excerpt":{"rendered":"<p>MonterreyDurante este verano, Museo de Historia Mexicana, el Museo del Noreste y el Museo del Palacio se transforman en espacios de encuentro, imaginaci\u00f3n y descubrimiento e invitan a las familias a vivir un \u201cVerano de Aventuras\u201d, con exposiciones, talleres y actividades esc\u00e9nicas y musicales pensadas para compartir entre generaciones, del 7 de julio al 17 [&hellip;]<\/p>\n","protected":false},"author":1,"featured_media":16731,"comment_status":"open","ping_status":"open","sticky":false,"template":"","format":"standard","meta":{"om_disable_all_campaigns":false,"_monsterinsights_skip_tracking":false,"_monsterinsights_sitenote_active":false,"_monsterinsights_sitenote_note":"","_monsterinsights_sitenote_category":0,"footnotes":""},"categories":[12,16],"tags":[],"class_list":["post-16730","post","type-post","status-publish","format-standard","has-post-thumbnail","hentry","category-cooltura","category-relevante-2"],"aioseo_notices":[],"_links":{"self":[{"href":"https:\/\/digitalreportmx.com\/index.php\/wp-json\/wp\/v2\/posts\/16730","targetHints":{"allow":["GET"]}}],"collection":[{"href":"https:\/\/digitalreportmx.com\/index.php\/wp-json\/wp\/v2\/posts"}],"about":[{"href":"https:\/\/digitalreportmx.com\/index.php\/wp-json\/wp\/v2\/types\/post"}],"author":[{"embeddable":true,"href":"https:\/\/digitalreportmx.com\/index.php\/wp-json\/wp\/v2\/users\/1"}],"replies":[{"embeddable":true,"href":"https:\/\/digitalreportmx.com\/index.php\/wp-json\/wp\/v2\/comments?post=16730"}],"version-history":[{"count":2,"href":"https:\/\/digitalreportmx.com\/index.php\/wp-json\/wp\/v2\/posts\/16730\/revisions"}],"predecessor-version":[{"id":16734,"href":"https:\/\/digitalreportmx.com\/index.php\/wp-json\/wp\/v2\/posts\/16730\/revisions\/16734"}],"wp:featuredmedia":[{"embeddable":true,"href":"https:\/\/digitalreportmx.com\/index.php\/wp-json\/wp\/v2\/media\/16731"}],"wp:attachment":[{"href":"https:\/\/digitalreportmx.com\/index.php\/wp-json\/wp\/v2\/media?parent=16730"}],"wp:term":[{"taxonomy":"category","embeddable":true,"href":"https:\/\/digitalreportmx.com\/index.php\/wp-json\/wp\/v2\/categories?post=16730"},{"taxonomy":"post_tag","embeddable":true,"href":"https:\/\/digitalreportmx.com\/index.php\/wp-json\/wp\/v2\/tags?post=16730"}],"curies":[{"name":"wp","href":"https:\/\/api.w.org\/{rel}","templated":true}]}}