{"id":16769,"date":"2025-07-10T14:04:47","date_gmt":"2025-07-10T20:04:47","guid":{"rendered":"https:\/\/digitalreportmx.com\/?p=16769"},"modified":"2025-07-10T14:05:31","modified_gmt":"2025-07-10T20:05:31","slug":"esta-museo-la-milarca-de-aniversario-en-nl","status":"publish","type":"post","link":"https:\/\/digitalreportmx.com\/index.php\/2025\/07\/10\/esta-museo-la-milarca-de-aniversario-en-nl\/","title":{"rendered":"Est\u00e1 museo La Milarca de aniversario en NL"},"content":{"rendered":"\n<p><kbd>Monterrey<\/kbd> <br>El Museo La Milarca cumple un a\u00f1o de abrir sus puertas al p\u00fablico y para celebrarlo invita a la ciudadan\u00eda a disfrutar de un programa cultural que incluye conversatorios, teatro y un concierto, del 11 al 13 de julio. <\/p>\n\n\n\n<p>Adem\u00e1s, redescubre la infancia con la entra\u00f1able exposici\u00f3n \u201c\u00bfY qui\u00e9n es ese se\u00f1or? Cri-Cri. Francisco Gabilondo Soler. Vida y obra\u201d en el Museo del Noreste.<br>Durante el Nuevo Le\u00f3n Informa, el Director de Museo de Historia Mexicana, Xavier L\u00f3pez de Arriaga destac\u00f3 que desde su apertura el museo ha recibido m\u00e1s de 100 mil visitantes de 30 pa\u00edses y ha sido un referente de innovaci\u00f3n museogr\u00e1fica.<br>\u201cEste s\u00e1bado 12 de julio se cumple el primer a\u00f1o de vida de La Milarca, lo cual hay mucho que celebrar detr\u00e1s de esto. Nosotros estamos considerando que hay que celebrar un a\u00f1o de historia, de arte y una conexi\u00f3n muy interesante con la comunidad. Se ha convertido ya en un referente nacional e inclusive internacional, podemos comentarles que en este a\u00f1o han visitado el museo personas de m\u00e1s de 30 pa\u00edses\u201d, mencion\u00f3 L\u00f3pez de Arriaga.<\/p>\n\n\n\n<figure class=\"wp-block-image size-large\"><img loading=\"lazy\" decoding=\"async\" width=\"1024\" height=\"768\" src=\"https:\/\/digitalreportmx.com\/wp-content\/uploads\/2025\/07\/IMG-20250710-WA0106-1024x768.jpg\" alt=\"\" class=\"wp-image-16774\" srcset=\"https:\/\/digitalreportmx.com\/wp-content\/uploads\/2025\/07\/IMG-20250710-WA0106-1024x768.jpg 1024w, https:\/\/digitalreportmx.com\/wp-content\/uploads\/2025\/07\/IMG-20250710-WA0106-300x225.jpg 300w, https:\/\/digitalreportmx.com\/wp-content\/uploads\/2025\/07\/IMG-20250710-WA0106-768x576.jpg 768w, https:\/\/digitalreportmx.com\/wp-content\/uploads\/2025\/07\/IMG-20250710-WA0106.jpg 1280w\" sizes=\"auto, (max-width: 1024px) 100vw, 1024px\" \/><\/figure>\n\n\n\n<p><br>La celebraci\u00f3n inicia el viernes 11 de julio con el conversatorio \u201cArquitecturas del asombro: colecciones, ideas y sentido en torno a La Milarca\u201d con Salvador Rueda Smithers, director del Museo Nacional de Historia \u201cCastillo de Chapultepec\u201d con una amplia trayectoria en investigaci\u00f3n, curadur\u00eda y divulgaci\u00f3n; y Cora Falero Ruiz, quien colabor\u00f3 en la investigaci\u00f3n del anteproyecto de La Milarca, junto al curador principal, el profesor Miguel \u00c1ngel Fern\u00e1ndez. El encuentro ser\u00e1 a las 19:30 horas en el Sal\u00f3n Almagro y concluir\u00e1 con un brindis conmemorativo.<br>El s\u00e1bado 12 de julio, el d\u00eda oficial del primer aniversario, se realizar\u00e1 un evento especial en el Claustro del museo, el Museo abrir\u00e1 sus puertas a las 9:00 horas se entonar\u00e1n las ma\u00f1anitas con mariachi, se compartir\u00e1 un pastel conmemorativo entre los presentes y se entregar\u00e1 el reconocimiento a Paulina Cruz Cant\u00fa, la visitante n\u00famero 100 mil.<br>Este mismo d\u00eda tambi\u00e9n se realizar\u00e1 la intervenci\u00f3n esc\u00e9nica \u201cEl carpintero de lo blanco\u201d, a cargo de La Percha Teatro a las 12:00, 14:00 y 16:00 horas en el Sal\u00f3n Almagro.<br>La celebraci\u00f3n finalizar\u00e1 el domingo 13 de julio con las funciones de El carpintero de lo blanco a las 14:00 y 15:00 horas y con el concierto Voces de Verano a las 17:00 horas en el Sal\u00f3n Almagro. El recital estar\u00e1 a cargo del Ensamble Vocal Encore.<\/p>\n\n\n\n<figure class=\"wp-block-image size-large\"><img loading=\"lazy\" decoding=\"async\" width=\"1024\" height=\"682\" src=\"https:\/\/digitalreportmx.com\/wp-content\/uploads\/2024\/05\/La-milarca-1024x682.jpg\" alt=\"\" class=\"wp-image-1638\" srcset=\"https:\/\/digitalreportmx.com\/wp-content\/uploads\/2024\/05\/La-milarca-1024x682.jpg 1024w, https:\/\/digitalreportmx.com\/wp-content\/uploads\/2024\/05\/La-milarca-300x200.jpg 300w, https:\/\/digitalreportmx.com\/wp-content\/uploads\/2024\/05\/La-milarca-768x512.jpg 768w, https:\/\/digitalreportmx.com\/wp-content\/uploads\/2024\/05\/La-milarca.jpg 1280w\" sizes=\"auto, (max-width: 1024px) 100vw, 1024px\" \/><\/figure>\n\n\n\n<p>VERANO DE AVENTURA Y EXPOSICI\u00d3N DE CRI CRI<br>El Museo del Historia Mexicana, El Museo del Noreste, el Museo del Palacio y el Museo La Milarca tendr\u00e1n un Verano de aventuras del 8 de julio al 17 de agosto donde los visitantes podr\u00e1n disfrutar de actividades especiales, talleres, recorridos y sorpresas para toda la familia.<br>As\u00ed y como parte de la celebraci\u00f3n del 30 aniversario del Museo de Historia Mexicana, el domingo 20 de julio se inaugurar\u00e1 la exposici\u00f3n \u201c\u00bfY qui\u00e9n es ese se\u00f1or? Cri-Cri. Francisco Gabilondo Soler. Vida y obra\u201d, un reconocimiento a la entra\u00f1able figura del ic\u00f3nico compositor de m\u00fasica infantil en M\u00e9xico y en el mundo hispanohablante.<br>La exposici\u00f3n, que se exhibir\u00e1 en el Museo del Noreste y es dise\u00f1o del muse\u00f3grafo Sergio Rodr\u00edguez, permanecer\u00e1 hasta el 11 de julio y estar\u00e1 enfocada en cuatro tem\u00e1ticas que incluir\u00e1n el contexto hist\u00f3rico y el auge de la radio, una mirada intima a la vida de Francisco Gabilondo Soler, su nacimiento y c\u00f3mo su obra sigue viva.<br>\u201cQueremos con esto rendir un homenaje a una leyenda, este personaje es alguien que marc\u00f3 a millones de ni\u00f1os de generaciones, de diferentes generaciones.<br>\u201cLa exposici\u00f3n va a incluir entonces grabaciones originales, va a ser muy interesante escucharlas, documentos hist\u00f3ricos, objetos personales en los que \u00e9l compuso, los que \u00e9l utilizaba para trabajar, mucho material audiovisual que nos va a revelar las diferentes facetas\u201d, agreg\u00f3 el Director de Museo de Historia Mexicana.<br>La exposici\u00f3n estar\u00e1 abierta al p\u00fablico hasta el 11 de enero de 2026. Para conocer horarios, tarifas puede visitar las redes sociales con @3museos y p\u00e1gina oficial: www.3museos.com.<\/p>\n\n\n\n<figure class=\"wp-block-image size-large\"><img loading=\"lazy\" decoding=\"async\" width=\"1024\" height=\"656\" src=\"https:\/\/digitalreportmx.com\/wp-content\/uploads\/2024\/05\/La-Milarca-e1712709403389-1024x656.png\" alt=\"\" class=\"wp-image-2258\" srcset=\"https:\/\/digitalreportmx.com\/wp-content\/uploads\/2024\/05\/La-Milarca-e1712709403389-1024x656.png 1024w, https:\/\/digitalreportmx.com\/wp-content\/uploads\/2024\/05\/La-Milarca-e1712709403389-300x192.png 300w, https:\/\/digitalreportmx.com\/wp-content\/uploads\/2024\/05\/La-Milarca-e1712709403389-768x492.png 768w, https:\/\/digitalreportmx.com\/wp-content\/uploads\/2024\/05\/La-Milarca-e1712709403389-1115x715.png 1115w, https:\/\/digitalreportmx.com\/wp-content\/uploads\/2024\/05\/La-Milarca-e1712709403389.png 1435w\" sizes=\"auto, (max-width: 1024px) 100vw, 1024px\" \/><\/figure>\n","protected":false},"excerpt":{"rendered":"<p>Monterrey El Museo La Milarca cumple un a\u00f1o de abrir sus puertas al p\u00fablico y para celebrarlo invita a la ciudadan\u00eda a disfrutar de un programa cultural que incluye conversatorios, teatro y un concierto, del 11 al 13 de julio. Adem\u00e1s, redescubre la infancia con la entra\u00f1able exposici\u00f3n \u201c\u00bfY qui\u00e9n es ese se\u00f1or? Cri-Cri. Francisco [&hellip;]<\/p>\n","protected":false},"author":1,"featured_media":16772,"comment_status":"open","ping_status":"open","sticky":false,"template":"","format":"standard","meta":{"om_disable_all_campaigns":false,"_monsterinsights_skip_tracking":false,"_monsterinsights_sitenote_active":false,"_monsterinsights_sitenote_note":"","_monsterinsights_sitenote_category":0,"footnotes":""},"categories":[16,13],"tags":[],"class_list":["post-16769","post","type-post","status-publish","format-standard","has-post-thumbnail","hentry","category-relevante-2","category-reporte-local"],"aioseo_notices":[],"_links":{"self":[{"href":"https:\/\/digitalreportmx.com\/index.php\/wp-json\/wp\/v2\/posts\/16769","targetHints":{"allow":["GET"]}}],"collection":[{"href":"https:\/\/digitalreportmx.com\/index.php\/wp-json\/wp\/v2\/posts"}],"about":[{"href":"https:\/\/digitalreportmx.com\/index.php\/wp-json\/wp\/v2\/types\/post"}],"author":[{"embeddable":true,"href":"https:\/\/digitalreportmx.com\/index.php\/wp-json\/wp\/v2\/users\/1"}],"replies":[{"embeddable":true,"href":"https:\/\/digitalreportmx.com\/index.php\/wp-json\/wp\/v2\/comments?post=16769"}],"version-history":[{"count":2,"href":"https:\/\/digitalreportmx.com\/index.php\/wp-json\/wp\/v2\/posts\/16769\/revisions"}],"predecessor-version":[{"id":16775,"href":"https:\/\/digitalreportmx.com\/index.php\/wp-json\/wp\/v2\/posts\/16769\/revisions\/16775"}],"wp:featuredmedia":[{"embeddable":true,"href":"https:\/\/digitalreportmx.com\/index.php\/wp-json\/wp\/v2\/media\/16772"}],"wp:attachment":[{"href":"https:\/\/digitalreportmx.com\/index.php\/wp-json\/wp\/v2\/media?parent=16769"}],"wp:term":[{"taxonomy":"category","embeddable":true,"href":"https:\/\/digitalreportmx.com\/index.php\/wp-json\/wp\/v2\/categories?post=16769"},{"taxonomy":"post_tag","embeddable":true,"href":"https:\/\/digitalreportmx.com\/index.php\/wp-json\/wp\/v2\/tags?post=16769"}],"curies":[{"name":"wp","href":"https:\/\/api.w.org\/{rel}","templated":true}]}}