{"id":16770,"date":"2025-07-10T14:08:11","date_gmt":"2025-07-10T20:08:11","guid":{"rendered":"https:\/\/digitalreportmx.com\/?p=16770"},"modified":"2025-07-10T14:09:01","modified_gmt":"2025-07-10T20:09:01","slug":"llama-san-pedro-a-apoyar-colecta-anual-de-la-cruz-roja","status":"publish","type":"post","link":"https:\/\/digitalreportmx.com\/index.php\/2025\/07\/10\/llama-san-pedro-a-apoyar-colecta-anual-de-la-cruz-roja\/","title":{"rendered":"Llama San Pedro a apoyar colecta anual  de la Cruz Roja"},"content":{"rendered":"\n<p><kbd>San Pedro Garza Garc\u00eda<\/kbd><\/p>\n\n\n\n<p>El Municipio de San Pedro Garza Garc\u00eda convoc\u00f3 a la ciudadan\u00eda a sumarse a la colecta anual \u201cCruz de plata\u201d de la Cruz Roja, que se llevar\u00e1 a cabo el pr\u00f3ximo s\u00e1bado 19 de julio en distintos cruceros viales de la ciudad.<\/p>\n\n\n\n<p>Mercedes Zorrilla, Secretaria de Desarrollo Social y Calidad de Vida, anunci\u00f3 la colecta junto a Nelva Ram\u00edrez Garza, presidenta de la Cruz Roja, y destac\u00f3 que esta acci\u00f3n reafirma el compromiso del municipio con el acceso a la atenci\u00f3n m\u00e9dica para todos.<\/p>\n\n\n\n<figure class=\"wp-block-image size-large\"><img loading=\"lazy\" decoding=\"async\" width=\"1024\" height=\"682\" src=\"https:\/\/digitalreportmx.com\/wp-content\/uploads\/2025\/07\/1000103377-1024x682.jpg\" alt=\"\" class=\"wp-image-16771\" srcset=\"https:\/\/digitalreportmx.com\/wp-content\/uploads\/2025\/07\/1000103377-1024x682.jpg 1024w, https:\/\/digitalreportmx.com\/wp-content\/uploads\/2025\/07\/1000103377-300x200.jpg 300w, https:\/\/digitalreportmx.com\/wp-content\/uploads\/2025\/07\/1000103377-768x512.jpg 768w, https:\/\/digitalreportmx.com\/wp-content\/uploads\/2025\/07\/1000103377-1536x1024.jpg 1536w, https:\/\/digitalreportmx.com\/wp-content\/uploads\/2025\/07\/1000103377-2048x1365.jpg 2048w\" sizes=\"auto, (max-width: 1024px) 100vw, 1024px\" \/><\/figure>\n\n\n\n<p>\u201cEstamos muy contentas y entusiasmadas de anunciarles que el pr\u00f3ximo s\u00e1bado 19 de julio tendremos la tradicional cruz de plata de la Cruz Roja, que se har\u00e1 por supuesto aqu\u00ed en el municipio de San Pedro, en el cual hemos estado apoyando desde hace m\u00e1s de 30 a\u00f1os\u201d, se\u00f1al\u00f3 Zorrilla.<\/p>\n\n\n\n<p>Durante ese d\u00eda, damas de la Cruz Roja, personal del municipio y personas voluntarias \u2014debidamente identificados con \u00e1nforas y mandiles de la corporaci\u00f3n\u2014 estar\u00e1n presentes en los cruces Calzada del Valle y R\u00edo Moctezuma; Calzada del Valle y Humberto Lobo; Calzada San Pedro y R\u00edo Mississippi, y G\u00f3mez Mor\u00edn y Roberto Garza Sada para pedir el apoyo de la comunidad.<\/p>\n\n\n\n<p>Claudette Trevi\u00f1o, directora del DIF San Pedro, extendi\u00f3 la invitaci\u00f3n a la ciudadan\u00eda.<\/p>\n\n\n\n<figure class=\"wp-block-video\"><video controls src=\"https:\/\/digitalreportmx.com\/wp-content\/uploads\/2025\/07\/1000103427.mp4\"><\/video><\/figure>\n\n\n\n<p>\u201cA todos los ciudadanos de San Pedro y tambi\u00e9n de otros municipios que transitan por estos cruceros, pues, que hagan su aportaci\u00f3n. Cada peso, cada centavo que ustedes aporten es muy valioso\u201d, dijo.<\/p>\n\n\n\n<p>La presidenta de la Cruz Roja San Pedro agradeci\u00f3 al Gobierno municipal el respaldo para que la corporaci\u00f3n contin\u00fae con su labor en la ciudad.<\/p>\n\n\n\n<p>\u201cPara la Cruz Roja, el apoyo del Municipio, de la comunidad, es fundamental. Sin ustedes, pues, tenemos dif\u00edcil el poder cumplir con nuestra misi\u00f3n y, pues, los esperamos, invitamos a todas las personas\u201d, dijo, \u201cvamos a estar con mucho entusiasmo para que todos nos unamos, porque Cruz Roja es de todos y para todos\u201d.<\/p>\n\n\n\n<p>Desde mayo pasado, la delegaci\u00f3n de la Cruz Roja en San Pedro opera las 24 horas del d\u00eda, gracias a un donativo municipal de 4.5 millones de pesos destinado a cubrir sus costos operativos.<\/p>\n","protected":false},"excerpt":{"rendered":"<p>San Pedro Garza Garc\u00eda El Municipio de San Pedro Garza Garc\u00eda convoc\u00f3 a la ciudadan\u00eda a sumarse a la colecta anual \u201cCruz de plata\u201d de la Cruz Roja, que se llevar\u00e1 a cabo el pr\u00f3ximo s\u00e1bado 19 de julio en distintos cruceros viales de la ciudad. Mercedes Zorrilla, Secretaria de Desarrollo Social y Calidad de [&hellip;]<\/p>\n","protected":false},"author":1,"featured_media":16780,"comment_status":"open","ping_status":"open","sticky":false,"template":"","format":"standard","meta":{"om_disable_all_campaigns":false,"_monsterinsights_skip_tracking":false,"_monsterinsights_sitenote_active":false,"_monsterinsights_sitenote_note":"","_monsterinsights_sitenote_category":0,"footnotes":""},"categories":[15,6],"tags":[],"class_list":["post-16770","post","type-post","status-publish","format-standard","has-post-thumbnail","hentry","category-relevante","category-local"],"aioseo_notices":[],"_links":{"self":[{"href":"https:\/\/digitalreportmx.com\/index.php\/wp-json\/wp\/v2\/posts\/16770","targetHints":{"allow":["GET"]}}],"collection":[{"href":"https:\/\/digitalreportmx.com\/index.php\/wp-json\/wp\/v2\/posts"}],"about":[{"href":"https:\/\/digitalreportmx.com\/index.php\/wp-json\/wp\/v2\/types\/post"}],"author":[{"embeddable":true,"href":"https:\/\/digitalreportmx.com\/index.php\/wp-json\/wp\/v2\/users\/1"}],"replies":[{"embeddable":true,"href":"https:\/\/digitalreportmx.com\/index.php\/wp-json\/wp\/v2\/comments?post=16770"}],"version-history":[{"count":1,"href":"https:\/\/digitalreportmx.com\/index.php\/wp-json\/wp\/v2\/posts\/16770\/revisions"}],"predecessor-version":[{"id":16778,"href":"https:\/\/digitalreportmx.com\/index.php\/wp-json\/wp\/v2\/posts\/16770\/revisions\/16778"}],"wp:featuredmedia":[{"embeddable":true,"href":"https:\/\/digitalreportmx.com\/index.php\/wp-json\/wp\/v2\/media\/16780"}],"wp:attachment":[{"href":"https:\/\/digitalreportmx.com\/index.php\/wp-json\/wp\/v2\/media?parent=16770"}],"wp:term":[{"taxonomy":"category","embeddable":true,"href":"https:\/\/digitalreportmx.com\/index.php\/wp-json\/wp\/v2\/categories?post=16770"},{"taxonomy":"post_tag","embeddable":true,"href":"https:\/\/digitalreportmx.com\/index.php\/wp-json\/wp\/v2\/tags?post=16770"}],"curies":[{"name":"wp","href":"https:\/\/api.w.org\/{rel}","templated":true}]}}