{"id":16802,"date":"2025-07-10T18:11:05","date_gmt":"2025-07-11T00:11:05","guid":{"rendered":"https:\/\/digitalreportmx.com\/?p=16802"},"modified":"2025-07-10T18:11:07","modified_gmt":"2025-07-11T00:11:07","slug":"aprueba-monterrey-convenio-con-la-federacion-para-diseno-del-nuevo-tren-de-pasajeros","status":"publish","type":"post","link":"https:\/\/digitalreportmx.com\/index.php\/2025\/07\/10\/aprueba-monterrey-convenio-con-la-federacion-para-diseno-del-nuevo-tren-de-pasajeros\/","title":{"rendered":"Aprueba Monterrey convenio con la Federaci\u00f3n para dise\u00f1o del nuevo tren de pasajeros"},"content":{"rendered":"\n<p><kbd>Monterrey, NL<\/kbd><\/p>\n\n\n\n<p>En el marco del anuncio del Gobierno Nacional para establecer un nuevo tren de pasajeros para la zona norte del pa\u00eds que transitar\u00e1 por Nuevo Le\u00f3n, este jueves el Cabildo de Monterrey autoriz\u00f3 suscribir un convenio con la Federaci\u00f3n.<\/p>\n\n\n\n<p>El objetivo es coordinarse con la Secretar\u00eda de Infraestructura, Comunicaciones y Transportes, con el Estado de Nuevo Le\u00f3n y los municipios de Garc\u00eda, Santa Catarina, San Pedro, San Nicol\u00e1s, Escobedo, El Carmen, Salinas Victoria, Villaldama, Bustamante, Lampazos y An\u00e1huac, para liberar el derecho de v\u00eda que se requiere para construir patios y terminales para el tren \u201cSaltillo-Nuevo Laredo\u201d.<\/p>\n\n\n\n<figure class=\"wp-block-image size-large\"><img loading=\"lazy\" decoding=\"async\" width=\"1024\" height=\"682\" src=\"https:\/\/digitalreportmx.com\/wp-content\/uploads\/2025\/07\/1000103440-1024x682.jpg\" alt=\"\" class=\"wp-image-16803\" srcset=\"https:\/\/digitalreportmx.com\/wp-content\/uploads\/2025\/07\/1000103440-1024x682.jpg 1024w, https:\/\/digitalreportmx.com\/wp-content\/uploads\/2025\/07\/1000103440-300x200.jpg 300w, https:\/\/digitalreportmx.com\/wp-content\/uploads\/2025\/07\/1000103440-768x512.jpg 768w, https:\/\/digitalreportmx.com\/wp-content\/uploads\/2025\/07\/1000103440-1536x1023.jpg 1536w, https:\/\/digitalreportmx.com\/wp-content\/uploads\/2025\/07\/1000103440.jpg 1600w\" sizes=\"auto, (max-width: 1024px) 100vw, 1024px\" \/><\/figure>\n\n\n\n<p>El alcalde Adri\u00e1n de la Garza, explic\u00f3 la finalidad del acuerdo:<\/p>\n\n\n\n<p>\u201cEs para facilitar los trabajos t\u00e9cnicos, tambi\u00e9n facilitar, por ejemplo, la disminuci\u00f3n o exenci\u00f3n de costos de permisos para poder hacer los trabajos, a veces hay que hacer trabajos de mec\u00e1nicas de suelo, sobre la v\u00eda p\u00fablica, para poder hacer todo el dise\u00f1o de ingenier\u00eda que se requiere y sobre todo establecer cu\u00e1l ser\u00eda el derecho de v\u00eda\u201d.<\/p>\n\n\n\n<p>\u201cTodav\u00eda no hay un trazo espec\u00edfico, es iniciar los trabajos y el convenio es para facilitar los trabajos que se requieren para hacer todas las ingenier\u00edas\u201d, detall\u00f3.<\/p>\n\n\n\n<figure class=\"wp-block-video\"><\/figure>\n\n\n\n<p>En sesi\u00f3n ordinaria de Cabildo, el Ayuntamiento tambi\u00e9n aprob\u00f3 lanzar la convocatoria para otorgar la medalla al M\u00e9rito \u201cDiego de Montemayor\u201d edici\u00f3n 2025.<\/p>\n\n\n\n<p>Con esta presea, la Ciudad reconoce y enaltece a sus ciudadanos que hayan trascendido por haber realizado de forma voluntaria o en el ejercicio de su deber, una labor relevante de servicio a la comunidad.<\/p>\n\n\n\n<p>Pueden ser acciones en Monterrey y su \u00e1rea metropolitana en temas sociales, cient\u00edficos, empresariales, art\u00edsticos, culturales, asistenciales, acad\u00e9micos, de combate a la delincuencia, seguridad y fomento de mejores condiciones de vida, deportivos o de voluntariado.<\/p>\n\n\n\n<p>El plazo l\u00edmite de recepci\u00f3n de las propuestas ser\u00e1 hasta el 20 de agosto de 2025.<\/p>\n","protected":false},"excerpt":{"rendered":"<p>Monterrey, NL En el marco del anuncio del Gobierno Nacional para establecer un nuevo tren de pasajeros para la zona norte del pa\u00eds que transitar\u00e1 por Nuevo Le\u00f3n, este jueves el Cabildo de Monterrey autoriz\u00f3 suscribir un convenio con la Federaci\u00f3n. El objetivo es coordinarse con la Secretar\u00eda de Infraestructura, Comunicaciones y Transportes, con el [&hellip;]<\/p>\n","protected":false},"author":1,"featured_media":16793,"comment_status":"open","ping_status":"open","sticky":false,"template":"","format":"standard","meta":{"om_disable_all_campaigns":false,"_monsterinsights_skip_tracking":false,"_monsterinsights_sitenote_active":false,"_monsterinsights_sitenote_note":"","_monsterinsights_sitenote_category":0,"footnotes":""},"categories":[15,6],"tags":[],"class_list":["post-16802","post","type-post","status-publish","format-standard","has-post-thumbnail","hentry","category-relevante","category-local"],"aioseo_notices":[],"_links":{"self":[{"href":"https:\/\/digitalreportmx.com\/index.php\/wp-json\/wp\/v2\/posts\/16802","targetHints":{"allow":["GET"]}}],"collection":[{"href":"https:\/\/digitalreportmx.com\/index.php\/wp-json\/wp\/v2\/posts"}],"about":[{"href":"https:\/\/digitalreportmx.com\/index.php\/wp-json\/wp\/v2\/types\/post"}],"author":[{"embeddable":true,"href":"https:\/\/digitalreportmx.com\/index.php\/wp-json\/wp\/v2\/users\/1"}],"replies":[{"embeddable":true,"href":"https:\/\/digitalreportmx.com\/index.php\/wp-json\/wp\/v2\/comments?post=16802"}],"version-history":[{"count":1,"href":"https:\/\/digitalreportmx.com\/index.php\/wp-json\/wp\/v2\/posts\/16802\/revisions"}],"predecessor-version":[{"id":16804,"href":"https:\/\/digitalreportmx.com\/index.php\/wp-json\/wp\/v2\/posts\/16802\/revisions\/16804"}],"wp:featuredmedia":[{"embeddable":true,"href":"https:\/\/digitalreportmx.com\/index.php\/wp-json\/wp\/v2\/media\/16793"}],"wp:attachment":[{"href":"https:\/\/digitalreportmx.com\/index.php\/wp-json\/wp\/v2\/media?parent=16802"}],"wp:term":[{"taxonomy":"category","embeddable":true,"href":"https:\/\/digitalreportmx.com\/index.php\/wp-json\/wp\/v2\/categories?post=16802"},{"taxonomy":"post_tag","embeddable":true,"href":"https:\/\/digitalreportmx.com\/index.php\/wp-json\/wp\/v2\/tags?post=16802"}],"curies":[{"name":"wp","href":"https:\/\/api.w.org\/{rel}","templated":true}]}}