{"id":16818,"date":"2025-07-10T20:50:34","date_gmt":"2025-07-11T02:50:34","guid":{"rendered":"https:\/\/digitalreportmx.com\/?p=16818"},"modified":"2025-07-10T20:50:34","modified_gmt":"2025-07-11T02:50:34","slug":"firma-monterrey-convenio-con-agrupacion-telar-para-reconstruir-el-tejido-social","status":"publish","type":"post","link":"https:\/\/digitalreportmx.com\/index.php\/2025\/07\/10\/firma-monterrey-convenio-con-agrupacion-telar-para-reconstruir-el-tejido-social\/","title":{"rendered":"Firma Monterrey convenio con agrupaci\u00f3n Telar para reconstruir el tejido social"},"content":{"rendered":"\n<p>Monterrey<\/p>\n\n\n\n<p>Con el prop\u00f3sito de impulsar la reconstrucci\u00f3n del tejido social en Monterrey, el Presidente Municipal, Adri\u00e1n de la Garza firm\u00f3 un convenio de colaboraci\u00f3n con la asociaci\u00f3n civil Telar, especializada en la gesti\u00f3n, desarrollo y monitoreo de proyectos de transformaci\u00f3n comunitaria.<\/p>\n\n\n\n<figure class=\"wp-block-image size-large\"><img loading=\"lazy\" decoding=\"async\" width=\"1024\" height=\"682\" src=\"https:\/\/digitalreportmx.com\/wp-content\/uploads\/2025\/07\/1000103516-1024x682.jpg\" alt=\"\" class=\"wp-image-16819\" srcset=\"https:\/\/digitalreportmx.com\/wp-content\/uploads\/2025\/07\/1000103516-1024x682.jpg 1024w, https:\/\/digitalreportmx.com\/wp-content\/uploads\/2025\/07\/1000103516-300x200.jpg 300w, https:\/\/digitalreportmx.com\/wp-content\/uploads\/2025\/07\/1000103516-768x512.jpg 768w, https:\/\/digitalreportmx.com\/wp-content\/uploads\/2025\/07\/1000103516-1536x1023.jpg 1536w, https:\/\/digitalreportmx.com\/wp-content\/uploads\/2025\/07\/1000103516.jpg 1600w\" sizes=\"auto, (max-width: 1024px) 100vw, 1024px\" \/><\/figure>\n\n\n\n<p>Este acuerdo busca fomentar el trabajo conjunto entre el gobierno, la ciudadan\u00eda y la agrupaci\u00f3n, con el objetivo de generar entornos m\u00e1s seguros, solidarios y sostenibles, a trav\u00e9s de metodolog\u00edas participativas y procesos colaborativos de largo plazo.<\/p>\n\n\n\n<p>El edil destac\u00f3 la participaci\u00f3n de Telar, por el apoyo a la creaci\u00f3n de \u00e1reas de armon\u00eda en las colonias para tener una mayor convivencia y vivir mejor.<\/p>\n\n\n\n<p>\u201cCreo que esta combinaci\u00f3n de esfuerzos es pues, una f\u00f3rmula infalible, es una f\u00f3rmula que nos va a permitir realmente lograr el objetivo de que la gente est\u00e9 contenta y que hay mucha calidad de vida en Monterrey\u201d afirm\u00f3 el alcalde.<\/p>\n\n\n\n<p>Rafael Ramos, secretario de Participaci\u00f3n Ciudadana, coment\u00f3 que con esta firma se formaliza y fortalece la colaboraci\u00f3n entre Monterrey y Telar, para intervenir en las zonas donde hist\u00f3ricamente ha hecho falta el acompa\u00f1amiento social.<br>\u201cHoy damos un paso muy importante en nuestra estrategia de regeneraci\u00f3n del tejido social en las zonas m\u00e1s m\u00e1s vulnerables de Monterrey, de la mano de Telar, con profunda vocaci\u00f3n social, con acciones concretas, buscando fortalecer la convivencia, la empat\u00eda y la participaci\u00f3n activa de los ciudadanos\u201d, enfatiz\u00f3.<\/p>\n\n\n\n<figure class=\"wp-block-video\"><video controls src=\"https:\/\/digitalreportmx.com\/wp-content\/uploads\/2025\/07\/1000103525.mp4\"><\/video><\/figure>\n\n\n\n<p>Telar se distingue por su enfoque integral, que promueve la construcci\u00f3n de visiones compartidas, el desarrollo de actitudes solidarias y la generaci\u00f3n de pr\u00e1cticas que fomenten el buen convivir. A trav\u00e9s de este convenio, se impulsar\u00e1n acciones que atiendan directamente las problem\u00e1ticas locales, fortaleciendo la cohesi\u00f3n social.<\/p>\n\n\n\n<p>Alejandra Fern\u00e1ndez, presidenta de Telar agradeci\u00f3 la confianza del gobierno local en su agrupaci\u00f3n para trabajar de forma conjunta. Anunci\u00f3 que en breve entrar\u00e1n a la colonia Independencia con sus programas.<\/p>\n\n\n\n<p>\u201cHay mucho dolor en la comunidad, tremendamente resquebrajada. Lo que atiende Telar es el dolor humano, cuando la gente est\u00e1 dolida adentro de s\u00ed misma, es dif\u00edcil que aprenda a vivir adecuadamente por m\u00e1s cosas que se le otorgue de manera f\u00edsica\u201d, reconoci\u00f3.<\/p>\n\n\n\n<p>Durante la firma estuvieron presentes Hugo Camacho, director de Telar; Gaby Oyervidez, presidenta del DIF de Monterrey; Fernando Marg\u00e1in, jefe del Gabinete; y los secretarios Marcelo Segovia, Ximena Tamariz y Karina Barr\u00f3n, de Administraci\u00f3n, Desarrollo Econ\u00f3mico y Desarrollo Social respectivamente.<br>Tambi\u00e9n se cont\u00f3 con la presencia de las directoras del DIF, Ivonne \u00c1lvarez y del Instituto de la Juventud, Maday Cant\u00fa.<\/p>\n\n\n\n<p>Con este tipo de alianzas, Monterrey reafirma su compromiso con el desarrollo humano y la transformaci\u00f3n positiva de su entorno social.<\/p>\n","protected":false},"excerpt":{"rendered":"<p>Monterrey Con el prop\u00f3sito de impulsar la reconstrucci\u00f3n del tejido social en Monterrey, el Presidente Municipal, Adri\u00e1n de la Garza firm\u00f3 un convenio de colaboraci\u00f3n con la asociaci\u00f3n civil Telar, especializada en la gesti\u00f3n, desarrollo y monitoreo de proyectos de transformaci\u00f3n comunitaria. Este acuerdo busca fomentar el trabajo conjunto entre el gobierno, la ciudadan\u00eda y [&hellip;]<\/p>\n","protected":false},"author":1,"featured_media":16821,"comment_status":"open","ping_status":"open","sticky":false,"template":"","format":"standard","meta":{"om_disable_all_campaigns":false,"_monsterinsights_skip_tracking":false,"_monsterinsights_sitenote_active":false,"_monsterinsights_sitenote_note":"","_monsterinsights_sitenote_category":0,"footnotes":""},"categories":[15,6],"tags":[],"class_list":["post-16818","post","type-post","status-publish","format-standard","has-post-thumbnail","hentry","category-relevante","category-local"],"aioseo_notices":[],"_links":{"self":[{"href":"https:\/\/digitalreportmx.com\/index.php\/wp-json\/wp\/v2\/posts\/16818","targetHints":{"allow":["GET"]}}],"collection":[{"href":"https:\/\/digitalreportmx.com\/index.php\/wp-json\/wp\/v2\/posts"}],"about":[{"href":"https:\/\/digitalreportmx.com\/index.php\/wp-json\/wp\/v2\/types\/post"}],"author":[{"embeddable":true,"href":"https:\/\/digitalreportmx.com\/index.php\/wp-json\/wp\/v2\/users\/1"}],"replies":[{"embeddable":true,"href":"https:\/\/digitalreportmx.com\/index.php\/wp-json\/wp\/v2\/comments?post=16818"}],"version-history":[{"count":1,"href":"https:\/\/digitalreportmx.com\/index.php\/wp-json\/wp\/v2\/posts\/16818\/revisions"}],"predecessor-version":[{"id":16822,"href":"https:\/\/digitalreportmx.com\/index.php\/wp-json\/wp\/v2\/posts\/16818\/revisions\/16822"}],"wp:featuredmedia":[{"embeddable":true,"href":"https:\/\/digitalreportmx.com\/index.php\/wp-json\/wp\/v2\/media\/16821"}],"wp:attachment":[{"href":"https:\/\/digitalreportmx.com\/index.php\/wp-json\/wp\/v2\/media?parent=16818"}],"wp:term":[{"taxonomy":"category","embeddable":true,"href":"https:\/\/digitalreportmx.com\/index.php\/wp-json\/wp\/v2\/categories?post=16818"},{"taxonomy":"post_tag","embeddable":true,"href":"https:\/\/digitalreportmx.com\/index.php\/wp-json\/wp\/v2\/tags?post=16818"}],"curies":[{"name":"wp","href":"https:\/\/api.w.org\/{rel}","templated":true}]}}