{"id":17298,"date":"2025-07-20T12:23:59","date_gmt":"2025-07-20T18:23:59","guid":{"rendered":"https:\/\/digitalreportmx.com\/?p=17298"},"modified":"2025-07-20T12:25:11","modified_gmt":"2025-07-20T18:25:11","slug":"traslada-participacion-ciudadana-servicios-del-pabellon-a-cadereyta","status":"publish","type":"post","link":"https:\/\/digitalreportmx.com\/index.php\/2025\/07\/20\/traslada-participacion-ciudadana-servicios-del-pabellon-a-cadereyta\/","title":{"rendered":"Lleva Participaci\u00f3n Ciudadana servicios a Cadereyta"},"content":{"rendered":"\n<p><kbd>Cadereyta<\/kbd>, NL<\/p>\n\n\n\n<p>M\u00e1s de mil personas de la Colonia Valle del Roble, en Cadereyta, fueron beneficiadas con los programas y servicios del Gobierno del Estado a trav\u00e9s del Encuentro Ciudadano Ayudamos.<\/p>\n\n\n\n<p>El coordinador del Gabinete de Igualdad para Todas las Personas y Secretario de Participaci\u00f3n Ciudadana, Daniel Acosta, encabez\u00f3 la jornada en la que las y los vecinos construyeron soluciones a los problemas del sector, de la mano con el Gobierno.<\/p>\n\n\n\n<p>\u201cDesde el Gobierno del Estado, hacer un Encuentro Ciudadano tiene varios prop\u00f3sitos. No nada m\u00e1s traer una oferta de servicios, es poder hacer todo un diagn\u00f3stico comunitario alrededor para que ustedes puedan decir qu\u00e9 es lo que necesitan\u201d, expres\u00f3 Acosta.<\/p>\n\n\n\n<figure class=\"wp-block-image size-large\"><img loading=\"lazy\" decoding=\"async\" width=\"1024\" height=\"576\" src=\"https:\/\/digitalreportmx.com\/wp-content\/uploads\/2025\/07\/SPC_EncuentroCiudadano_Cadereyta-4-1024x576.jpeg\" alt=\"\" class=\"wp-image-17300\" srcset=\"https:\/\/digitalreportmx.com\/wp-content\/uploads\/2025\/07\/SPC_EncuentroCiudadano_Cadereyta-4-1024x576.jpeg 1024w, https:\/\/digitalreportmx.com\/wp-content\/uploads\/2025\/07\/SPC_EncuentroCiudadano_Cadereyta-4-300x169.jpeg 300w, https:\/\/digitalreportmx.com\/wp-content\/uploads\/2025\/07\/SPC_EncuentroCiudadano_Cadereyta-4-768x432.jpeg 768w, https:\/\/digitalreportmx.com\/wp-content\/uploads\/2025\/07\/SPC_EncuentroCiudadano_Cadereyta-4-1536x864.jpeg 1536w, https:\/\/digitalreportmx.com\/wp-content\/uploads\/2025\/07\/SPC_EncuentroCiudadano_Cadereyta-4-2048x1152.jpeg 2048w\" sizes=\"auto, (max-width: 1024px) 100vw, 1024px\" \/><\/figure>\n\n\n\n<p>\u201cEs poder acercarles el Pabell\u00f3n Ciudadano a Cadereyta para que puedan tener sus actas de nacimiento, que puedan tener todo lo que ofrece Registro Civil, pero tambi\u00e9n puedan tener acceso a apoyo jur\u00eddico gratuito, que puedan tener acceso a becas, que puedan tener informaci\u00f3n con respecto al Instituto de Vivienda y Fomerrey\u201d.<\/p>\n\n\n\n<p>En el Encuentro Ciudadano participaron 16 dependencias estatales, 3 municipales y una asociaci\u00f3n civil que brindaron 65 servicios y programas distintos en materia de salud, educaci\u00f3n, asesor\u00edas jur\u00eddicas, laborales y programas sociales.<\/p>\n\n\n\n<figure class=\"wp-block-image size-large\"><img loading=\"lazy\" decoding=\"async\" width=\"1024\" height=\"576\" src=\"https:\/\/digitalreportmx.com\/wp-content\/uploads\/2025\/07\/SPC_EncuentroCiudadano_Cadereyta-9-1024x576.jpeg\" alt=\"\" class=\"wp-image-17301\" srcset=\"https:\/\/digitalreportmx.com\/wp-content\/uploads\/2025\/07\/SPC_EncuentroCiudadano_Cadereyta-9-1024x576.jpeg 1024w, https:\/\/digitalreportmx.com\/wp-content\/uploads\/2025\/07\/SPC_EncuentroCiudadano_Cadereyta-9-300x169.jpeg 300w, https:\/\/digitalreportmx.com\/wp-content\/uploads\/2025\/07\/SPC_EncuentroCiudadano_Cadereyta-9-768x432.jpeg 768w, https:\/\/digitalreportmx.com\/wp-content\/uploads\/2025\/07\/SPC_EncuentroCiudadano_Cadereyta-9-1536x864.jpeg 1536w, https:\/\/digitalreportmx.com\/wp-content\/uploads\/2025\/07\/SPC_EncuentroCiudadano_Cadereyta-9-2048x1152.jpeg 2048w\" sizes=\"auto, (max-width: 1024px) 100vw, 1024px\" \/><\/figure>\n\n\n\n<p>Durante la jornada, las y los vecinos accedieron a m\u00f3dulos de vacunaci\u00f3n, consultas m\u00e9dicas, cortes de cabello, bolsa de trabajo y espacios recreativos para ni\u00f1as y ni\u00f1os.<\/p>\n\n\n\n<p>Rosendo Garza Leal, Secretario de Desarrollo Social y Humano de Cadereyta, reconoci\u00f3 la colaboraci\u00f3n del Secretario de Participaci\u00f3n Ciudadana del Estado con el Municipio.<\/p>\n\n\n\n<figure class=\"wp-block-image size-large\"><img loading=\"lazy\" decoding=\"async\" width=\"1024\" height=\"768\" src=\"https:\/\/digitalreportmx.com\/wp-content\/uploads\/2025\/07\/SPC_EncuentroCiudadano_Cadereyta-1-1024x768.jpeg\" alt=\"\" class=\"wp-image-17302\" srcset=\"https:\/\/digitalreportmx.com\/wp-content\/uploads\/2025\/07\/SPC_EncuentroCiudadano_Cadereyta-1-1024x768.jpeg 1024w, https:\/\/digitalreportmx.com\/wp-content\/uploads\/2025\/07\/SPC_EncuentroCiudadano_Cadereyta-1-300x225.jpeg 300w, https:\/\/digitalreportmx.com\/wp-content\/uploads\/2025\/07\/SPC_EncuentroCiudadano_Cadereyta-1-768x576.jpeg 768w, https:\/\/digitalreportmx.com\/wp-content\/uploads\/2025\/07\/SPC_EncuentroCiudadano_Cadereyta-1-1536x1152.jpeg 1536w, https:\/\/digitalreportmx.com\/wp-content\/uploads\/2025\/07\/SPC_EncuentroCiudadano_Cadereyta-1-2048x1536.jpeg 2048w\" sizes=\"auto, (max-width: 1024px) 100vw, 1024px\" \/><\/figure>\n\n\n\n<p>\u201cNuestro Secretario aqu\u00ed est\u00e1 muy constante con nosotros todos los d\u00edas pr\u00e1cticamente dici\u00e9ndonos, \u00bfQu\u00e9 hacemos por el bien de Cadereyta?. Le agradezco esa confianza\u201d, expres\u00f3 Garza Leal.<\/p>\n\n\n\n<p>Vecinas y vecinos agradecieron la cercan\u00eda del Gobierno del Estado y la posibilidad de resolver tr\u00e1mites y gestiones en un solo lugar, sin tener que trasladarse a Monterrey.<\/p>\n\n\n\n<figure class=\"wp-block-video\"><video controls src=\"https:\/\/digitalreportmx.com\/wp-content\/uploads\/2025\/07\/SPC_ENCUENTROCIUDADANO_CADEREYTA_19_07_25.mp4\"><\/video><\/figure>\n","protected":false},"excerpt":{"rendered":"<p>Cadereyta, NL M\u00e1s de mil personas de la Colonia Valle del Roble, en Cadereyta, fueron beneficiadas con los programas y servicios del Gobierno del Estado a trav\u00e9s del Encuentro Ciudadano Ayudamos. El coordinador del Gabinete de Igualdad para Todas las Personas y Secretario de Participaci\u00f3n Ciudadana, Daniel Acosta, encabez\u00f3 la jornada en la que las [&hellip;]<\/p>\n","protected":false},"author":1,"featured_media":17299,"comment_status":"open","ping_status":"open","sticky":false,"template":"","format":"standard","meta":{"om_disable_all_campaigns":false,"_monsterinsights_skip_tracking":false,"_monsterinsights_sitenote_active":false,"_monsterinsights_sitenote_note":"","_monsterinsights_sitenote_category":0,"footnotes":""},"categories":[16,13],"tags":[],"class_list":["post-17298","post","type-post","status-publish","format-standard","has-post-thumbnail","hentry","category-relevante-2","category-reporte-local"],"aioseo_notices":[],"_links":{"self":[{"href":"https:\/\/digitalreportmx.com\/index.php\/wp-json\/wp\/v2\/posts\/17298","targetHints":{"allow":["GET"]}}],"collection":[{"href":"https:\/\/digitalreportmx.com\/index.php\/wp-json\/wp\/v2\/posts"}],"about":[{"href":"https:\/\/digitalreportmx.com\/index.php\/wp-json\/wp\/v2\/types\/post"}],"author":[{"embeddable":true,"href":"https:\/\/digitalreportmx.com\/index.php\/wp-json\/wp\/v2\/users\/1"}],"replies":[{"embeddable":true,"href":"https:\/\/digitalreportmx.com\/index.php\/wp-json\/wp\/v2\/comments?post=17298"}],"version-history":[{"count":3,"href":"https:\/\/digitalreportmx.com\/index.php\/wp-json\/wp\/v2\/posts\/17298\/revisions"}],"predecessor-version":[{"id":17306,"href":"https:\/\/digitalreportmx.com\/index.php\/wp-json\/wp\/v2\/posts\/17298\/revisions\/17306"}],"wp:featuredmedia":[{"embeddable":true,"href":"https:\/\/digitalreportmx.com\/index.php\/wp-json\/wp\/v2\/media\/17299"}],"wp:attachment":[{"href":"https:\/\/digitalreportmx.com\/index.php\/wp-json\/wp\/v2\/media?parent=17298"}],"wp:term":[{"taxonomy":"category","embeddable":true,"href":"https:\/\/digitalreportmx.com\/index.php\/wp-json\/wp\/v2\/categories?post=17298"},{"taxonomy":"post_tag","embeddable":true,"href":"https:\/\/digitalreportmx.com\/index.php\/wp-json\/wp\/v2\/tags?post=17298"}],"curies":[{"name":"wp","href":"https:\/\/api.w.org\/{rel}","templated":true}]}}