{"id":17314,"date":"2025-07-20T14:34:23","date_gmt":"2025-07-20T20:34:23","guid":{"rendered":"https:\/\/digitalreportmx.com\/?p=17314"},"modified":"2025-07-20T14:34:24","modified_gmt":"2025-07-20T20:34:24","slug":"iluminan-san-pedro-con-mas-de-2-mil-500-luminarias-a-led-de-alta-tecnologia","status":"publish","type":"post","link":"https:\/\/digitalreportmx.com\/index.php\/2025\/07\/20\/iluminan-san-pedro-con-mas-de-2-mil-500-luminarias-a-led-de-alta-tecnologia\/","title":{"rendered":"Iluminan San Pedro con m\u00e1s de 2 mil 500 luminarias a LED de alta tecnolog\u00eda"},"content":{"rendered":"\n<p><kbd>San Pedro Garza Garc\u00eda<\/kbd><\/p>\n\n\n\n<p>El Municipio de San Pedro Garza Garc\u00eda, a trav\u00e9s de la Secretar\u00eda de Servicios P\u00fablicos y Mantenimiento a la Ciudad, arranc\u00f3 la modernizaci\u00f3n de 2 mil 551 luminarias tras concluir un censo para detectar alumbrado obsoleto en la ciudad.<\/p>\n\n\n\n<p>El cambio a iluminaci\u00f3n LED de alta tecnolog\u00eda comenz\u00f3 en la colonia San Pedro 400, en donde se renovar\u00e1n 750 luminarias, inform\u00f3 Miguel \u00c1vila Jaime, Secretario de Servicios P\u00fablicos y Mantenimiento a la Ciudad.<\/p>\n\n\n\n<figure class=\"wp-block-image size-large\"><img loading=\"lazy\" decoding=\"async\" width=\"682\" height=\"1024\" src=\"https:\/\/digitalreportmx.com\/wp-content\/uploads\/2025\/07\/1000107253-682x1024.jpg\" alt=\"\" class=\"wp-image-17315\" srcset=\"https:\/\/digitalreportmx.com\/wp-content\/uploads\/2025\/07\/1000107253-682x1024.jpg 682w, https:\/\/digitalreportmx.com\/wp-content\/uploads\/2025\/07\/1000107253-200x300.jpg 200w, https:\/\/digitalreportmx.com\/wp-content\/uploads\/2025\/07\/1000107253-768x1152.jpg 768w, https:\/\/digitalreportmx.com\/wp-content\/uploads\/2025\/07\/1000107253.jpg 853w\" sizes=\"auto, (max-width: 682px) 100vw, 682px\" \/><\/figure>\n\n\n\n<p>\u201cEl servicio de primera, iluminaci\u00f3n de primera para todos nuestros sampetrinos. Vamos a migrar de la luminaria obsoleta a la luminaria moderna\u201d, detall\u00f3 \u00c1vila.<\/p>\n\n\n\n<p>El proyecto arranc\u00f3 en dicha colonia, ubicada en al poniente, ya que se detect\u00f3 que es la zona con mayor alumbrado obsoleto.<\/p>\n\n\n\n<p>Ricardo Sandoval Ortega, Director de Infraestructura El\u00e9ctrica y Comunicaciones de la Secretar\u00eda, explic\u00f3 que desde el 2019 no se realizaba un censo del alumbrado p\u00fablico, y con el realizado por la administraci\u00f3n se lograr\u00e1 mejorar la iluminaci\u00f3n en las calles.<\/p>\n\n\n\n<figure class=\"wp-block-image size-large\"><img loading=\"lazy\" decoding=\"async\" width=\"682\" height=\"1024\" src=\"https:\/\/digitalreportmx.com\/wp-content\/uploads\/2025\/07\/1000107256-682x1024.jpg\" alt=\"\" class=\"wp-image-17316\" srcset=\"https:\/\/digitalreportmx.com\/wp-content\/uploads\/2025\/07\/1000107256-682x1024.jpg 682w, https:\/\/digitalreportmx.com\/wp-content\/uploads\/2025\/07\/1000107256-200x300.jpg 200w, https:\/\/digitalreportmx.com\/wp-content\/uploads\/2025\/07\/1000107256-768x1152.jpg 768w, https:\/\/digitalreportmx.com\/wp-content\/uploads\/2025\/07\/1000107256.jpg 853w\" sizes=\"auto, (max-width: 682px) 100vw, 682px\" \/><\/figure>\n\n\n\n<p>\u201cDe este censo se detect\u00f3 717 luminarias que son obsoletas de este tipo y 2 mil 451 l\u00e1mparas que son de 54 watts, las cuales vamos a estandarizar a 73 watts. Pasamos oficialmente del obsoleto a la tecnolog\u00eda 100 por ciento LED. Con este proyecto incrementamos la luminosidad de nuestras calles y ahorramos energ\u00eda\u201d, explic\u00f3 el director.<\/p>\n\n\n\n<p>Durante los pr\u00f3ximos meses personal de la Secretar\u00eda se enfocar\u00e1 en la modernizaci\u00f3n del alumbrado p\u00fablico para concluir en el mes de octubre.<\/p>\n","protected":false},"excerpt":{"rendered":"<p>San Pedro Garza Garc\u00eda El Municipio de San Pedro Garza Garc\u00eda, a trav\u00e9s de la Secretar\u00eda de Servicios P\u00fablicos y Mantenimiento a la Ciudad, arranc\u00f3 la modernizaci\u00f3n de 2 mil 551 luminarias tras concluir un censo para detectar alumbrado obsoleto en la ciudad. El cambio a iluminaci\u00f3n LED de alta tecnolog\u00eda comenz\u00f3 en la colonia [&hellip;]<\/p>\n","protected":false},"author":1,"featured_media":17317,"comment_status":"open","ping_status":"open","sticky":false,"template":"","format":"standard","meta":{"om_disable_all_campaigns":false,"_monsterinsights_skip_tracking":false,"_monsterinsights_sitenote_active":false,"_monsterinsights_sitenote_note":"","_monsterinsights_sitenote_category":0,"footnotes":""},"categories":[15,6],"tags":[],"class_list":["post-17314","post","type-post","status-publish","format-standard","has-post-thumbnail","hentry","category-relevante","category-local"],"aioseo_notices":[],"_links":{"self":[{"href":"https:\/\/digitalreportmx.com\/index.php\/wp-json\/wp\/v2\/posts\/17314","targetHints":{"allow":["GET"]}}],"collection":[{"href":"https:\/\/digitalreportmx.com\/index.php\/wp-json\/wp\/v2\/posts"}],"about":[{"href":"https:\/\/digitalreportmx.com\/index.php\/wp-json\/wp\/v2\/types\/post"}],"author":[{"embeddable":true,"href":"https:\/\/digitalreportmx.com\/index.php\/wp-json\/wp\/v2\/users\/1"}],"replies":[{"embeddable":true,"href":"https:\/\/digitalreportmx.com\/index.php\/wp-json\/wp\/v2\/comments?post=17314"}],"version-history":[{"count":1,"href":"https:\/\/digitalreportmx.com\/index.php\/wp-json\/wp\/v2\/posts\/17314\/revisions"}],"predecessor-version":[{"id":17318,"href":"https:\/\/digitalreportmx.com\/index.php\/wp-json\/wp\/v2\/posts\/17314\/revisions\/17318"}],"wp:featuredmedia":[{"embeddable":true,"href":"https:\/\/digitalreportmx.com\/index.php\/wp-json\/wp\/v2\/media\/17317"}],"wp:attachment":[{"href":"https:\/\/digitalreportmx.com\/index.php\/wp-json\/wp\/v2\/media?parent=17314"}],"wp:term":[{"taxonomy":"category","embeddable":true,"href":"https:\/\/digitalreportmx.com\/index.php\/wp-json\/wp\/v2\/categories?post=17314"},{"taxonomy":"post_tag","embeddable":true,"href":"https:\/\/digitalreportmx.com\/index.php\/wp-json\/wp\/v2\/tags?post=17314"}],"curies":[{"name":"wp","href":"https:\/\/api.w.org\/{rel}","templated":true}]}}