{"id":17356,"date":"2025-07-21T14:21:16","date_gmt":"2025-07-21T20:21:16","guid":{"rendered":"https:\/\/digitalreportmx.com\/?p=17356"},"modified":"2025-07-21T14:21:20","modified_gmt":"2025-07-21T20:21:20","slug":"cae-presunto-asaltante-viral-en-balcones-de-garcia","status":"publish","type":"post","link":"https:\/\/digitalreportmx.com\/index.php\/2025\/07\/21\/cae-presunto-asaltante-viral-en-balcones-de-garcia\/","title":{"rendered":"Cae presunto asaltante viral en Balcones de Garc\u00eda"},"content":{"rendered":"\n<p><kbd>Garc\u00eda<\/kbd>, NL<\/p>\n\n\n\n<p>A trav\u00e9s de un video publicado en sus redes sociales, el alcalde de Garc\u00eda, Manuel Guerra Cavazos inform\u00f3 la detenci\u00f3n de un presunto delincuente que habr\u00eda sido captado robando a mano armada un cami\u00f3n repartidor de leche comercial.<\/p>\n\n\n\n<figure class=\"wp-block-image size-full\"><img loading=\"lazy\" decoding=\"async\" width=\"508\" height=\"383\" src=\"https:\/\/digitalreportmx.com\/wp-content\/uploads\/2025\/07\/IMG-20250721-WA0166.jpg\" alt=\"\" class=\"wp-image-17361\" srcset=\"https:\/\/digitalreportmx.com\/wp-content\/uploads\/2025\/07\/IMG-20250721-WA0166.jpg 508w, https:\/\/digitalreportmx.com\/wp-content\/uploads\/2025\/07\/IMG-20250721-WA0166-300x226.jpg 300w\" sizes=\"auto, (max-width: 508px) 100vw, 508px\" \/><\/figure>\n\n\n\n<p>Durante su transmisi\u00f3n en vivo, Guerra Cavazos inform\u00f3 que el detenido responde al nombre de Jose Manuel &#8220;N&#8221; de 23 a\u00f1os y originario de Nuevo Le\u00f3n. Al sospechoso se le encontraron 27 bolsas de plastico con hierba con caracter\u00edsticas a Marihuana.<\/p>\n\n\n\n<p>El video que circula en redes sociales habr\u00eda cobrado notoriedad pues en plena luz del d\u00eda el sujeto enca\u00f1ona a los repartidores para despojarlos de sus pertenencias, pero tiempo m\u00e1s tarde, termin\u00f3 detenido por la Polic\u00eda de Garc\u00eda y llorando en la estaci\u00f3n de Seguridad P\u00fablica seg\u00fan inform\u00f3 el alcalde Manuel Guerra Cavazos.<\/p>\n\n\n\n<figure class=\"wp-block-image size-full\"><img loading=\"lazy\" decoding=\"async\" width=\"816\" height=\"815\" src=\"https:\/\/digitalreportmx.com\/wp-content\/uploads\/2025\/07\/IMG-20250721-WA0158.jpg\" alt=\"\" class=\"wp-image-17358\" srcset=\"https:\/\/digitalreportmx.com\/wp-content\/uploads\/2025\/07\/IMG-20250721-WA0158.jpg 816w, https:\/\/digitalreportmx.com\/wp-content\/uploads\/2025\/07\/IMG-20250721-WA0158-300x300.jpg 300w, https:\/\/digitalreportmx.com\/wp-content\/uploads\/2025\/07\/IMG-20250721-WA0158-150x150.jpg 150w, https:\/\/digitalreportmx.com\/wp-content\/uploads\/2025\/07\/IMG-20250721-WA0158-768x767.jpg 768w\" sizes=\"auto, (max-width: 816px) 100vw, 816px\" \/><\/figure>\n\n\n\n<p>Los hechos se registraron en las calles Balcones de la Loma en su cruce con Balcones del Mirador en la colonia Balcones de Garc\u00eda, en dicho municipio.<\/p>\n\n\n\n<figure class=\"wp-block-image size-full\"><img loading=\"lazy\" decoding=\"async\" width=\"816\" height=\"815\" src=\"https:\/\/digitalreportmx.com\/wp-content\/uploads\/2025\/07\/IMG-20250721-WA0160.jpg\" alt=\"\" class=\"wp-image-17359\" srcset=\"https:\/\/digitalreportmx.com\/wp-content\/uploads\/2025\/07\/IMG-20250721-WA0160.jpg 816w, https:\/\/digitalreportmx.com\/wp-content\/uploads\/2025\/07\/IMG-20250721-WA0160-300x300.jpg 300w, https:\/\/digitalreportmx.com\/wp-content\/uploads\/2025\/07\/IMG-20250721-WA0160-150x150.jpg 150w, https:\/\/digitalreportmx.com\/wp-content\/uploads\/2025\/07\/IMG-20250721-WA0160-768x767.jpg 768w\" sizes=\"auto, (max-width: 816px) 100vw, 816px\" \/><\/figure>\n\n\n\n<p>Por \u00faltimo, el edil exhort\u00f3 a la ciudadan\u00eda a seguir denunciando y pidi\u00f3 que si alguien lo reconoce como victimario, acercarse de inmediato a presentar su denuncia.<\/p>\n\n\n\n<figure class=\"wp-block-video\"><video controls src=\"https:\/\/digitalreportmx.com\/wp-content\/uploads\/2025\/07\/VID-20250721-WA0156.mp4\"><\/video><\/figure>\n","protected":false},"excerpt":{"rendered":"<p>Garc\u00eda, NL A trav\u00e9s de un video publicado en sus redes sociales, el alcalde de Garc\u00eda, Manuel Guerra Cavazos inform\u00f3 la detenci\u00f3n de un presunto delincuente que habr\u00eda sido captado robando a mano armada un cami\u00f3n repartidor de leche comercial. Durante su transmisi\u00f3n en vivo, Guerra Cavazos inform\u00f3 que el detenido responde al nombre de [&hellip;]<\/p>\n","protected":false},"author":1,"featured_media":17357,"comment_status":"open","ping_status":"open","sticky":false,"template":"","format":"standard","meta":{"om_disable_all_campaigns":false,"_monsterinsights_skip_tracking":false,"_monsterinsights_sitenote_active":false,"_monsterinsights_sitenote_note":"","_monsterinsights_sitenote_category":0,"footnotes":""},"categories":[16,13],"tags":[],"class_list":["post-17356","post","type-post","status-publish","format-standard","has-post-thumbnail","hentry","category-relevante-2","category-reporte-local"],"aioseo_notices":[],"_links":{"self":[{"href":"https:\/\/digitalreportmx.com\/index.php\/wp-json\/wp\/v2\/posts\/17356","targetHints":{"allow":["GET"]}}],"collection":[{"href":"https:\/\/digitalreportmx.com\/index.php\/wp-json\/wp\/v2\/posts"}],"about":[{"href":"https:\/\/digitalreportmx.com\/index.php\/wp-json\/wp\/v2\/types\/post"}],"author":[{"embeddable":true,"href":"https:\/\/digitalreportmx.com\/index.php\/wp-json\/wp\/v2\/users\/1"}],"replies":[{"embeddable":true,"href":"https:\/\/digitalreportmx.com\/index.php\/wp-json\/wp\/v2\/comments?post=17356"}],"version-history":[{"count":1,"href":"https:\/\/digitalreportmx.com\/index.php\/wp-json\/wp\/v2\/posts\/17356\/revisions"}],"predecessor-version":[{"id":17362,"href":"https:\/\/digitalreportmx.com\/index.php\/wp-json\/wp\/v2\/posts\/17356\/revisions\/17362"}],"wp:featuredmedia":[{"embeddable":true,"href":"https:\/\/digitalreportmx.com\/index.php\/wp-json\/wp\/v2\/media\/17357"}],"wp:attachment":[{"href":"https:\/\/digitalreportmx.com\/index.php\/wp-json\/wp\/v2\/media?parent=17356"}],"wp:term":[{"taxonomy":"category","embeddable":true,"href":"https:\/\/digitalreportmx.com\/index.php\/wp-json\/wp\/v2\/categories?post=17356"},{"taxonomy":"post_tag","embeddable":true,"href":"https:\/\/digitalreportmx.com\/index.php\/wp-json\/wp\/v2\/tags?post=17356"}],"curies":[{"name":"wp","href":"https:\/\/api.w.org\/{rel}","templated":true}]}}