{"id":17425,"date":"2025-07-22T13:24:54","date_gmt":"2025-07-22T19:24:54","guid":{"rendered":"https:\/\/digitalreportmx.com\/?p=17425"},"modified":"2025-07-22T13:24:55","modified_gmt":"2025-07-22T19:24:55","slug":"anuncia-estado-san-pedro-y-monterrey-interconexion-vial","status":"publish","type":"post","link":"https:\/\/digitalreportmx.com\/index.php\/2025\/07\/22\/anuncia-estado-san-pedro-y-monterrey-interconexion-vial\/","title":{"rendered":"Anuncia estado, San Pedro y Monterrey interconexi\u00f3n Vial"},"content":{"rendered":"\n<p><kbd>Monterrey, NL<\/kbd><\/p>\n\n\n\n<p>Tras el anuncio oficial del proceso y etapas de la interconexi\u00f3n vial San Pedro-Monterrey, el Gobernador Samuel Alejandro Garc\u00eda Sep\u00falveda manifest\u00f3 que se trata de proyectos que mejorar\u00e1n la vialidad del \u00e1rea metropolitana que demandan las y los neoloneses.<\/p>\n\n\n\n<p>Acompa\u00f1ado de los alcaldes de San Pedro, Mauricio Fern\u00e1ndez; y de Monterrey, Adri\u00e1n de la Garza, el Mandatario estatal refrend\u00f3 el compromiso del Gobierno del Estado del nuevo Nuevo Le\u00f3n en obras prioritarias en materia de seguridad y vialidad.<\/p>\n\n\n\n<p>\u201cEstamos haciendo un gran trabajo en seguridad aqu\u00ed con los alcaldes, con la coordinaci\u00f3n en materia de seguridad p\u00fablica, tenemos los mejores \u00edndices de los \u00faltimos a\u00f1os\u201d, se\u00f1al\u00f3 el mandatario estatal.<\/p>\n\n\n\n<figure class=\"wp-block-image size-large\"><img loading=\"lazy\" decoding=\"async\" width=\"1024\" height=\"682\" src=\"https:\/\/digitalreportmx.com\/wp-content\/uploads\/2025\/07\/1000107919-1024x682.jpg\" alt=\"\" class=\"wp-image-17426\" srcset=\"https:\/\/digitalreportmx.com\/wp-content\/uploads\/2025\/07\/1000107919-1024x682.jpg 1024w, https:\/\/digitalreportmx.com\/wp-content\/uploads\/2025\/07\/1000107919-300x200.jpg 300w, https:\/\/digitalreportmx.com\/wp-content\/uploads\/2025\/07\/1000107919-768x512.jpg 768w, https:\/\/digitalreportmx.com\/wp-content\/uploads\/2025\/07\/1000107919-1536x1024.jpg 1536w, https:\/\/digitalreportmx.com\/wp-content\/uploads\/2025\/07\/1000107919-2048x1365.jpg 2048w\" sizes=\"auto, (max-width: 1024px) 100vw, 1024px\" \/><\/figure>\n\n\n\n<p>\u201cAhora tenemos la Mesa de Coordinaci\u00f3n Metropolitana reintegrada con todo un plan de movilidad que vamos a sacar adelante como es el horario escalonado, como son los carriles de alta ocupaci\u00f3n, como es el tema del transporte escolar y siempre tiene que venir acompa\u00f1ado de proyectos como este, porque son proyectos que aunque pueden generar cierto desgaste, a la larga es lo que requerimos para mover a 6 millones 100 mil habitantes, que son los que ya vivimos en esta ciudad de Monterrey\u201d, agreg\u00f3.<\/p>\n\n\n\n<p>La explicaci\u00f3n del proyecto vial estuvo a cargo de la arquitecta Alicia Aracely Villarreal Guajardo, directora general de Secssa, Servicios Especializados para la Construcci\u00f3n Sustentable, quien detall\u00f3 que la interconexi\u00f3n Monterrey-San Pedro busca aligerar el tr\u00e1fico, disminuir la emisi\u00f3n de gases y reducir la p\u00e9rdida de horas-hombre, conectando puntos clave a trav\u00e9s de un viaducto que unir\u00e1 las avenidas Morones Prieto y L\u00e1zaro C\u00e1rdenas.<\/p>\n\n\n\n<figure class=\"wp-block-image size-large\"><img loading=\"lazy\" decoding=\"async\" width=\"1024\" height=\"682\" src=\"https:\/\/digitalreportmx.com\/wp-content\/uploads\/2025\/07\/1000107907-1024x682.jpg\" alt=\"\" class=\"wp-image-17427\" srcset=\"https:\/\/digitalreportmx.com\/wp-content\/uploads\/2025\/07\/1000107907-1024x682.jpg 1024w, https:\/\/digitalreportmx.com\/wp-content\/uploads\/2025\/07\/1000107907-300x200.jpg 300w, https:\/\/digitalreportmx.com\/wp-content\/uploads\/2025\/07\/1000107907-768x512.jpg 768w, https:\/\/digitalreportmx.com\/wp-content\/uploads\/2025\/07\/1000107907-1536x1024.jpg 1536w, https:\/\/digitalreportmx.com\/wp-content\/uploads\/2025\/07\/1000107907-2048x1365.jpg 2048w\" sizes=\"auto, (max-width: 1024px) 100vw, 1024px\" \/><\/figure>\n\n\n\n<p>Se\u00f1al\u00f3 que se estima que el tr\u00e1nsito vehicular que pasar\u00e1 por esta interconexi\u00f3n ser\u00e1 de 24 mil 201 veh\u00edculos al d\u00eda, divididos en toda la zona.<\/p>\n\n\n\n<p>Entre otros beneficios de la interconexi\u00f3n, reitero, est\u00e1 la disminuci\u00f3n del tr\u00e1fico vehicular en diferentes avenidas, reducir la conectividad del tr\u00e1fico en la zona local, la reducci\u00f3n de los tiempos de traslado, la disminuci\u00f3n de los tiempos perdidos de horas-hombre, bajar los emisores contaminantes, ahorros de combustible y aumento de la plusval\u00eda.<\/p>\n\n\n\n<p>Asistieron al anuncio de la interconexi\u00f3n vial L\u00e1zaro C\u00e1rdenas &#8211; Morones Prieto, el Secretario de Movilidad y Planeaci\u00f3n Urbana, Hern\u00e1n Villarreal; representantes de la Fundaci\u00f3n Montemayor; y funcionarios municipales de San Pedro y Monterrey.<\/p>\n\n\n\n<p>El Alcalde de San Pedro destac\u00f3 que la Fundaci\u00f3n Montemayor iniciar\u00e1 el proyecto en sus predios, y posteriormente lo har\u00e1n los municipios y el Estado, conforme a sus procesos normativos.<\/p>\n","protected":false},"excerpt":{"rendered":"<p>Monterrey, NL Tras el anuncio oficial del proceso y etapas de la interconexi\u00f3n vial San Pedro-Monterrey, el Gobernador Samuel Alejandro Garc\u00eda Sep\u00falveda manifest\u00f3 que se trata de proyectos que mejorar\u00e1n la vialidad del \u00e1rea metropolitana que demandan las y los neoloneses. Acompa\u00f1ado de los alcaldes de San Pedro, Mauricio Fern\u00e1ndez; y de Monterrey, Adri\u00e1n de [&hellip;]<\/p>\n","protected":false},"author":1,"featured_media":17428,"comment_status":"open","ping_status":"open","sticky":false,"template":"","format":"standard","meta":{"om_disable_all_campaigns":false,"_monsterinsights_skip_tracking":false,"_monsterinsights_sitenote_active":false,"_monsterinsights_sitenote_note":"","_monsterinsights_sitenote_category":0,"footnotes":""},"categories":[15,6],"tags":[],"class_list":["post-17425","post","type-post","status-publish","format-standard","has-post-thumbnail","hentry","category-relevante","category-local"],"aioseo_notices":[],"_links":{"self":[{"href":"https:\/\/digitalreportmx.com\/index.php\/wp-json\/wp\/v2\/posts\/17425","targetHints":{"allow":["GET"]}}],"collection":[{"href":"https:\/\/digitalreportmx.com\/index.php\/wp-json\/wp\/v2\/posts"}],"about":[{"href":"https:\/\/digitalreportmx.com\/index.php\/wp-json\/wp\/v2\/types\/post"}],"author":[{"embeddable":true,"href":"https:\/\/digitalreportmx.com\/index.php\/wp-json\/wp\/v2\/users\/1"}],"replies":[{"embeddable":true,"href":"https:\/\/digitalreportmx.com\/index.php\/wp-json\/wp\/v2\/comments?post=17425"}],"version-history":[{"count":2,"href":"https:\/\/digitalreportmx.com\/index.php\/wp-json\/wp\/v2\/posts\/17425\/revisions"}],"predecessor-version":[{"id":17430,"href":"https:\/\/digitalreportmx.com\/index.php\/wp-json\/wp\/v2\/posts\/17425\/revisions\/17430"}],"wp:featuredmedia":[{"embeddable":true,"href":"https:\/\/digitalreportmx.com\/index.php\/wp-json\/wp\/v2\/media\/17428"}],"wp:attachment":[{"href":"https:\/\/digitalreportmx.com\/index.php\/wp-json\/wp\/v2\/media?parent=17425"}],"wp:term":[{"taxonomy":"category","embeddable":true,"href":"https:\/\/digitalreportmx.com\/index.php\/wp-json\/wp\/v2\/categories?post=17425"},{"taxonomy":"post_tag","embeddable":true,"href":"https:\/\/digitalreportmx.com\/index.php\/wp-json\/wp\/v2\/tags?post=17425"}],"curies":[{"name":"wp","href":"https:\/\/api.w.org\/{rel}","templated":true}]}}