{"id":17438,"date":"2025-07-22T15:16:10","date_gmt":"2025-07-22T21:16:10","guid":{"rendered":"https:\/\/digitalreportmx.com\/?p=17438"},"modified":"2025-07-22T15:16:37","modified_gmt":"2025-07-22T21:16:37","slug":"escobedo-se-llena-de-arte-y-cultura-este-verano-con-festival-transformarte","status":"publish","type":"post","link":"https:\/\/digitalreportmx.com\/index.php\/2025\/07\/22\/escobedo-se-llena-de-arte-y-cultura-este-verano-con-festival-transformarte\/","title":{"rendered":"Escobedo se llena de arte y cultura con &#8216;Transformarte&#8217;"},"content":{"rendered":"\n<p>Escobedo<\/p>\n\n\n\n<p>El Municipio de Escobedo vivir\u00e1 un verano lleno de arte, cultura y comunidad con el festival \u201cTransformARTE\u201d, donde a lo largo de un mes se tendr\u00e1n un sinf\u00edn de actividades gratuitas para las familias.<br>En rueda de prensa el Alcalde Andr\u00e9s Mijes junto a B\u00e1rbara Herrera, Presidenta del Comit\u00e9 para la Celebraci\u00f3n del Bicentenario de Mariano Escobedo, inform\u00f3 que este festival se desarrollar\u00e1 del 28 de julio al 24 de agosto e incluir\u00e1 talleres para ni\u00f1os y j\u00f3venes, as\u00ed como cl\u00ednicas culturales para adultos impartidas por artistas de prestigio internacional.<br>Mijes se\u00f1al\u00f3 que \u201cTransformARTE en Verano\u201d adem\u00e1s de consolidar a Escobedo como la Capital de la Transformaci\u00f3n Cultural en Nuevo Le\u00f3n, refleja el esp\u00edritu de la 4T Norte\u00f1a y responde al nuevo humanismo mexicano promovido por la Presidenta Claudia Sheinbaum Pardo.<br>\u201cEl arte es universal y debe de tener acceso gratuito, nosotros estamos convencido de ello. D\u00e9mosle ritmo, color y alma a la transformaci\u00f3n, dejemos que el arte y la cultura nos inspiren, nos unan y nos ayuden a construir un futuro m\u00e1s pr\u00f3spero\u201d, dijo el Alcalde.<br>La Presidenta del Comit\u00e9 para la Celebraci\u00f3n del Bicentenario de Mariano Escobedo, B\u00e1rbara Herrera celebr\u00f3 que en Escobedo la cultura sea una herramienta principal para la transformaci\u00f3n positiva de las comunidades.<br>\u201cFelicit\u00f3 al Alcalde Andr\u00e9s Mijes por esta gran visi\u00f3n de transformar a trav\u00e9s del arte, es un hecho que los resultados del arte y la cultura en una sociedad engrandecen mucho a las personas y las transforman, porque es un privilegio poder tener esta gente de este nivel al servicio de la comunidad, todos ellos iconos en su trayectoria y en su quehacer art\u00edstico\u201d, se\u00f1al\u00f3 Herrera.<\/p>\n\n\n\n<p>Durante casi un mes, Escobedo ser\u00e1 un gran escenario cultural con cl\u00ednicas de arte, exposiciones, cursos de verano y espect\u00e1culos para toda la familia. El gran cierre estar\u00e1 a cargo de Eugenia Le\u00f3n, quien deleitar\u00e1 al p\u00fablico con su voz en un magno concierto en la Plaza Principal.<br>Entre las actividades se ofrecer\u00e1n talleres como Expresi\u00f3n Oral con el actor Francisco Luna; Dramaturgia con Hern\u00e1n Galindo; Escritura Creativa con Armando Alan\u00eds; Historia del Teatro con Luis Mart\u00edn; Expresi\u00f3n Corporal con Renee Rivera y Arte con Saskia Ju\u00e1rez.<br>Mientras tanto, ni\u00f1as, ni\u00f1os y adolescentes podr\u00e1n vivir la experiencia del campamento \u201cTransformARTE 2025\u201d, con actividades l\u00fadicas, deportivas y art\u00edsticas en distintas sedes del municipio.<br>Las inscripciones est\u00e1n abiertas directamente en cada sede, para m\u00e1s informaci\u00f3n, se puede llamar al 81 8220 6100 ext. 3136 o consultar las redes sociales del Municipio de Escobedo.<br>La cartelera completa, sedes y horarios de cada actividad estar\u00e1n disponibles en las redes oficiales del Municipio y la Secretar\u00eda de Cultura, Educaci\u00f3n y Recreaci\u00f3n Social.<\/p>\n\n\n\n<figure class=\"wp-block-video\"><video controls src=\"https:\/\/digitalreportmx.com\/wp-content\/uploads\/2025\/07\/VID-20250722-WA01161.mp4\"><\/video><\/figure>\n","protected":false},"excerpt":{"rendered":"<p>Escobedo El Municipio de Escobedo vivir\u00e1 un verano lleno de arte, cultura y comunidad con el festival \u201cTransformARTE\u201d, donde a lo largo de un mes se tendr\u00e1n un sinf\u00edn de actividades gratuitas para las familias.En rueda de prensa el Alcalde Andr\u00e9s Mijes junto a B\u00e1rbara Herrera, Presidenta del Comit\u00e9 para la Celebraci\u00f3n del Bicentenario de [&hellip;]<\/p>\n","protected":false},"author":1,"featured_media":17439,"comment_status":"open","ping_status":"open","sticky":false,"template":"","format":"standard","meta":{"om_disable_all_campaigns":false,"_monsterinsights_skip_tracking":false,"_monsterinsights_sitenote_active":false,"_monsterinsights_sitenote_note":"","_monsterinsights_sitenote_category":0,"footnotes":""},"categories":[16,13],"tags":[],"class_list":["post-17438","post","type-post","status-publish","format-standard","has-post-thumbnail","hentry","category-relevante-2","category-reporte-local"],"aioseo_notices":[],"_links":{"self":[{"href":"https:\/\/digitalreportmx.com\/index.php\/wp-json\/wp\/v2\/posts\/17438","targetHints":{"allow":["GET"]}}],"collection":[{"href":"https:\/\/digitalreportmx.com\/index.php\/wp-json\/wp\/v2\/posts"}],"about":[{"href":"https:\/\/digitalreportmx.com\/index.php\/wp-json\/wp\/v2\/types\/post"}],"author":[{"embeddable":true,"href":"https:\/\/digitalreportmx.com\/index.php\/wp-json\/wp\/v2\/users\/1"}],"replies":[{"embeddable":true,"href":"https:\/\/digitalreportmx.com\/index.php\/wp-json\/wp\/v2\/comments?post=17438"}],"version-history":[{"count":2,"href":"https:\/\/digitalreportmx.com\/index.php\/wp-json\/wp\/v2\/posts\/17438\/revisions"}],"predecessor-version":[{"id":17442,"href":"https:\/\/digitalreportmx.com\/index.php\/wp-json\/wp\/v2\/posts\/17438\/revisions\/17442"}],"wp:featuredmedia":[{"embeddable":true,"href":"https:\/\/digitalreportmx.com\/index.php\/wp-json\/wp\/v2\/media\/17439"}],"wp:attachment":[{"href":"https:\/\/digitalreportmx.com\/index.php\/wp-json\/wp\/v2\/media?parent=17438"}],"wp:term":[{"taxonomy":"category","embeddable":true,"href":"https:\/\/digitalreportmx.com\/index.php\/wp-json\/wp\/v2\/categories?post=17438"},{"taxonomy":"post_tag","embeddable":true,"href":"https:\/\/digitalreportmx.com\/index.php\/wp-json\/wp\/v2\/tags?post=17438"}],"curies":[{"name":"wp","href":"https:\/\/api.w.org\/{rel}","templated":true}]}}