{"id":17485,"date":"2025-07-22T23:50:37","date_gmt":"2025-07-23T05:50:37","guid":{"rendered":"https:\/\/digitalreportmx.com\/?p=17485"},"modified":"2025-07-22T23:50:40","modified_gmt":"2025-07-23T05:50:40","slug":"policia-de-garcia-detiene-a-joven-que-incendio-casa-de-el-bronco","status":"publish","type":"post","link":"https:\/\/digitalreportmx.com\/index.php\/2025\/07\/22\/policia-de-garcia-detiene-a-joven-que-incendio-casa-de-el-bronco\/","title":{"rendered":"Polic\u00eda de Garc\u00eda detiene a joven que incendi\u00f3 casa de &#8216;El Bronco&#8217;"},"content":{"rendered":"\n<p><kbd>Garc\u00eda<\/kbd>, NL<\/p>\n\n\n\n<p>Como parte de la atenci\u00f3n inmediata por parte de la Polic\u00eda Municipal de Garc\u00eda, este martes por la tarde fue detenido un joven en visible estado de intoxicaci\u00f3n, tras ingresar a una propiedad del exgobernador de Nuevo Le\u00f3n, Jaime Rodr\u00edguez Calder\u00f3n \u201cEl Bronco\u201d, ubicada en la zona del casco antiguo del municipio.<\/p>\n\n\n\n<p>Los hechos ocurrieron alrededor de las 14:00 horas, cuando se recibi\u00f3 un reporte al sistema 911 sobre una persona que hab\u00eda ingresado a un domicilio. Al arribar elementos de la Polic\u00eda Preventiva, se confirm\u00f3 que se trataba del inmueble perteneciente al exmandatario estatal.<\/p>\n\n\n\n<p>De acuerdo con los primeros reportes, el individuo \u2014quien no ha podido proporcionar su identidad debido al alto grado de intoxicaci\u00f3n que presenta\u2014 ingres\u00f3 a la propiedad a trav\u00e9s del paso de una acequia, no de forma violenta, presuntamente con intenciones de robo. Al no lograr su cometido, subi\u00f3 a la planta alta, donde prendi\u00f3 fuego en una de las habitaciones utilizadas como gimnasio.<\/p>\n\n\n\n<p>Durante el incidente, el sujeto amenaz\u00f3 con un machete a empleados que se encontraban en la propiedad. Al intentar huir, uno de los elementos de seguridad asignados al exgobernador, perteneciente a Fuerza Civil, le dispar\u00f3 e hiri\u00f3 en un muslo, logrando su contenci\u00f3n.<\/p>\n\n\n\n<p>El detenido fue trasladado a un hospital bajo resguardo, donde se reporta fuera de peligro. Ser\u00e1 puesto a disposici\u00f3n de la Fiscal\u00eda General del Estado una vez que su estado de salud lo permita.<\/p>\n\n\n\n<p>Vecinos del sector se\u00f1alaron que el joven podr\u00eda ser habitante de la zona y presuntamente hijo de un chatarrero local, aunque esta informaci\u00f3n a\u00fan se encuentra en proceso de verificaci\u00f3n.<\/p>\n\n\n\n<figure class=\"wp-block-image size-full\"><img loading=\"lazy\" decoding=\"async\" width=\"1021\" height=\"807\" src=\"https:\/\/digitalreportmx.com\/wp-content\/uploads\/2025\/07\/IMG-20250722-WA0268.jpg\" alt=\"\" class=\"wp-image-17487\" srcset=\"https:\/\/digitalreportmx.com\/wp-content\/uploads\/2025\/07\/IMG-20250722-WA0268.jpg 1021w, https:\/\/digitalreportmx.com\/wp-content\/uploads\/2025\/07\/IMG-20250722-WA0268-300x237.jpg 300w, https:\/\/digitalreportmx.com\/wp-content\/uploads\/2025\/07\/IMG-20250722-WA0268-768x607.jpg 768w\" sizes=\"auto, (max-width: 1021px) 100vw, 1021px\" \/><\/figure>\n\n\n\n<p>El alcalde de Garc\u00eda, Manuel Guerra Cavazos, acudi\u00f3 personalmente al lugar de los hechos y sostuvo una conversaci\u00f3n directa con el exgobernador, quien se encuentra en buen estado y no sufri\u00f3 lesiones, al igual que el personal presente durante el incidente.<\/p>\n\n\n\n<p>\u201cLamentablemente, las drogas siguen generando estragos en nuestra comunidad. A quienes luchan contra ellas, les reiteramos que no est\u00e1n solos. Desde el Gobierno de Garc\u00eda estamos listos para apoyarles\u201d, expres\u00f3 el edil.<\/p>\n\n\n\n<p>El Gobierno Municipal de Garc\u00eda reafirma su compromiso con la seguridad, la atenci\u00f3n inmediata a emergencias y el trabajo coordinado con corporaciones estatales y federales para salvaguardar a las familias del municipio.<\/p>\n\n\n\n<figure class=\"wp-block-video\"><video controls src=\"https:\/\/digitalreportmx.com\/wp-content\/uploads\/2025\/07\/VID-20250722-WA0263.mp4\"><\/video><\/figure>\n","protected":false},"excerpt":{"rendered":"<p>Garc\u00eda, NL Como parte de la atenci\u00f3n inmediata por parte de la Polic\u00eda Municipal de Garc\u00eda, este martes por la tarde fue detenido un joven en visible estado de intoxicaci\u00f3n, tras ingresar a una propiedad del exgobernador de Nuevo Le\u00f3n, Jaime Rodr\u00edguez Calder\u00f3n \u201cEl Bronco\u201d, ubicada en la zona del casco antiguo del municipio. Los [&hellip;]<\/p>\n","protected":false},"author":1,"featured_media":17486,"comment_status":"open","ping_status":"open","sticky":false,"template":"","format":"standard","meta":{"om_disable_all_campaigns":false,"_monsterinsights_skip_tracking":false,"_monsterinsights_sitenote_active":false,"_monsterinsights_sitenote_note":"","_monsterinsights_sitenote_category":0,"footnotes":""},"categories":[16,13],"tags":[],"class_list":["post-17485","post","type-post","status-publish","format-standard","has-post-thumbnail","hentry","category-relevante-2","category-reporte-local"],"aioseo_notices":[],"_links":{"self":[{"href":"https:\/\/digitalreportmx.com\/index.php\/wp-json\/wp\/v2\/posts\/17485","targetHints":{"allow":["GET"]}}],"collection":[{"href":"https:\/\/digitalreportmx.com\/index.php\/wp-json\/wp\/v2\/posts"}],"about":[{"href":"https:\/\/digitalreportmx.com\/index.php\/wp-json\/wp\/v2\/types\/post"}],"author":[{"embeddable":true,"href":"https:\/\/digitalreportmx.com\/index.php\/wp-json\/wp\/v2\/users\/1"}],"replies":[{"embeddable":true,"href":"https:\/\/digitalreportmx.com\/index.php\/wp-json\/wp\/v2\/comments?post=17485"}],"version-history":[{"count":1,"href":"https:\/\/digitalreportmx.com\/index.php\/wp-json\/wp\/v2\/posts\/17485\/revisions"}],"predecessor-version":[{"id":17489,"href":"https:\/\/digitalreportmx.com\/index.php\/wp-json\/wp\/v2\/posts\/17485\/revisions\/17489"}],"wp:featuredmedia":[{"embeddable":true,"href":"https:\/\/digitalreportmx.com\/index.php\/wp-json\/wp\/v2\/media\/17486"}],"wp:attachment":[{"href":"https:\/\/digitalreportmx.com\/index.php\/wp-json\/wp\/v2\/media?parent=17485"}],"wp:term":[{"taxonomy":"category","embeddable":true,"href":"https:\/\/digitalreportmx.com\/index.php\/wp-json\/wp\/v2\/categories?post=17485"},{"taxonomy":"post_tag","embeddable":true,"href":"https:\/\/digitalreportmx.com\/index.php\/wp-json\/wp\/v2\/tags?post=17485"}],"curies":[{"name":"wp","href":"https:\/\/api.w.org\/{rel}","templated":true}]}}